{"id":125790,"date":"2025-09-19T18:28:29","date_gmt":"2025-09-19T18:28:29","guid":{"rendered":"https:\/\/www.europesays.com\/es\/125790\/"},"modified":"2025-09-19T18:28:29","modified_gmt":"2025-09-19T18:28:29","slug":"las-guerreras-vuelven-renovadas-y-con-victoria-en-eslovaquia-2","status":"publish","type":"post","link":"https:\/\/www.europesays.com\/es\/125790\/","title":{"rendered":"Las &#8216;Guerreras&#8217; vuelven renovadas y con victoria en Eslovaquia"},"content":{"rendered":"<p>La selecci\u00f3n espa\u00f1ola femenina de balonmano venci\u00f3 (25-33) a la de Eslovaquia a domicilio este jueves dando continuidad a la renovaci\u00f3n del equipo de cara a la fase de clasificaci\u00f3n para el Europeo de 2026 y el Mundial de finales de este a\u00f1o.<\/p>\n<p>Las &#8216;Guerreras&#8217;, en busca del terreno perdido en el escaparate internacional, iniciaron una nueva fase camino al Mundial con nuevas caras y una gran primera mitad, donde dejaron en diez goles (10-18) a las locales. Las de Ambros Mart\u00edn volver\u00e1n a medirse con Eslovaquia el s\u00e1bado en el Trencin Sports Hall.<\/p>\n<p>El primer asalto, en el Zilina City Sports Hall, supuso el debut absoluto de Luc\u00eda Prades, Olaia Luzuriaga, Raquel Mor\u00e9 y Bel\u00e9n Rodr\u00edguez. Estrenos que se saldaron con nota, con la intensidad y las se\u00f1as de identidad que busca el t\u00e9cnico canario en las nuevas &#8216;Guerreras&#8217;, despu\u00e9s de caer en la primera fase del Europeo 2024.<\/p>\n<p>Pese a la baja de Danila So Delgado, Lysa Tchaptchet, de regreso a la selecci\u00f3n desde Par\u00eds 2024 y compartiendo plantel con su hermana Lyndie, junto a Elba \u00c1lvarez, Ester Somaza y Paula Arcos, lideraron el ataque en un triunfo coral, con espacio para las probaturas en especial en el segundo tiempo, donde Mart\u00edn comprob\u00f3 la amplitud de recursos de su plantilla.<\/p>\n<p>\u00abFuimos muy superiores desde el inicio, con defensa anticipativa, transiciones r\u00e1pidas y minutos de calidad para las nuevas, que ya han demostrado que pueden aportar\u00bb, afirm\u00f3 Mart\u00edn en declaraciones facilitadas por la Real Federaci\u00f3n Espa\u00f1ola de Balonmano.<\/p>\n<p>El seleccionador nacional reconoci\u00f3 que en la segunda parte se baj\u00f3 el ritmo. \u00abEllas apretaron m\u00e1s, pero nunca se acercaron en el marcador\u00bb, afirm\u00f3, contento con los debuts. \u00abLas porteras debutantes estuvieron muy acertadas y jugadoras como Raquel Mor\u00e9 aprovecharon su oportunidad. Lo m\u00e1s importante: sin lesiones\u00bb, dijo.<\/p>\n<p>\u00abQueremos simular la alta competici\u00f3n, como en un Mundial, manteniendo la intensidad en dos partidos consecutivos\u00bb, a\u00f1adi\u00f3, pensando en el segundo amistoso ante las eslovacas.<\/p>\n","protected":false},"excerpt":{"rendered":"La selecci\u00f3n espa\u00f1ola femenina de balonmano venci\u00f3 (25-33) a la de Eslovaquia a domicilio este jueves dando continuidad&hellip;\n","protected":false},"author":2,"featured_media":125791,"comment_status":"","ping_status":"","sticky":false,"template":"","format":"standard","meta":{"footnotes":""},"categories":[278],"tags":[376,168,25,32674,24,375,16098,40915,3233,4759,23,167],"class_list":{"0":"post-125790","1":"post","2":"type-post","3":"status-publish","4":"format-standard","5":"has-post-thumbnail","7":"category-balonmano","8":"tag-balonmano","9":"tag-deportes","10":"tag-es","11":"tag-eslovaquia","12":"tag-espana","13":"tag-handball","14":"tag-juegos-olimpicos-de-paris","15":"tag-las-guerreras","16":"tag-mundial-de-balonmano","17":"tag-paris","18":"tag-spain","19":"tag-sports"},"share_on_mastodon":{"url":"","error":""},"_links":{"self":[{"href":"https:\/\/www.europesays.com\/es\/wp-json\/wp\/v2\/posts\/125790","targetHints":{"allow":["GET"]}}],"collection":[{"href":"https:\/\/www.europesays.com\/es\/wp-json\/wp\/v2\/posts"}],"about":[{"href":"https:\/\/www.europesays.com\/es\/wp-json\/wp\/v2\/types\/post"}],"author":[{"embeddable":true,"href":"https:\/\/www.europesays.com\/es\/wp-json\/wp\/v2\/users\/2"}],"replies":[{"embeddable":true,"href":"https:\/\/www.europesays.com\/es\/wp-json\/wp\/v2\/comments?post=125790"}],"version-history":[{"count":0,"href":"https:\/\/www.europesays.com\/es\/wp-json\/wp\/v2\/posts\/125790\/revisions"}],"wp:featuredmedia":[{"embeddable":true,"href":"https:\/\/www.europesays.com\/es\/wp-json\/wp\/v2\/media\/125791"}],"wp:attachment":[{"href":"https:\/\/www.europesays.com\/es\/wp-json\/wp\/v2\/media?parent=125790"}],"wp:term":[{"taxonomy":"category","embeddable":true,"href":"https:\/\/www.europesays.com\/es\/wp-json\/wp\/v2\/categories?post=125790"},{"taxonomy":"post_tag","embeddable":true,"href":"https:\/\/www.europesays.com\/es\/wp-json\/wp\/v2\/tags?post=125790"}],"curies":[{"name":"wp","href":"https:\/\/api.w.org\/{rel}","templated":true}]}}