{"id":125792,"date":"2025-09-19T18:29:08","date_gmt":"2025-09-19T18:29:08","guid":{"rendered":"https:\/\/www.europesays.com\/es\/125792\/"},"modified":"2025-09-19T18:29:08","modified_gmt":"2025-09-19T18:29:08","slug":"feo-voltereton-a-marco-perez-que-se-la-juega-con-el-reservon-tercero","status":"publish","type":"post","link":"https:\/\/www.europesays.com\/es\/125792\/","title":{"rendered":"Feo volteret\u00f3n a Marco P\u00e9rez, que se la juega con el reserv\u00f3n tercero"},"content":{"rendered":"<p>Marco P\u00e9rez fue volteado de muy fea manera por el tercero en Salamanca. Brind\u00f3 al p\u00fablico una faena que comenz\u00f3 con un cambio en la boca de riego. Al rematar la primera serie sobre la diestra fue cogido aparatosamente. Volvi\u00f3 a la cara del toro con arrestos sobre la derecha y se la jug\u00f3 ante un toro reserv\u00f3n y la molestia del viento. Estocada muy trasera. Una oreja.<\/p>\n","protected":false},"excerpt":{"rendered":"Marco P\u00e9rez fue volteado de muy fea manera por el tercero en Salamanca. Brind\u00f3 al p\u00fablico una faena&hellip;\n","protected":false},"author":2,"featured_media":125793,"comment_status":"","ping_status":"","sticky":false,"template":"","format":"standard","meta":{"footnotes":""},"categories":[277],"tags":[45,373,168,25,24,21103,3614,23,167,374],"class_list":{"0":"post-125792","1":"post","2":"type-post","3":"status-publish","4":"format-standard","5":"has-post-thumbnail","7":"category-toreo","8":"tag-45","9":"tag-bullfighting","10":"tag-deportes","11":"tag-es","12":"tag-espana","13":"tag-marco-perez","14":"tag-salamanca","15":"tag-spain","16":"tag-sports","17":"tag-toreo"},"share_on_mastodon":{"url":"","error":""},"_links":{"self":[{"href":"https:\/\/www.europesays.com\/es\/wp-json\/wp\/v2\/posts\/125792","targetHints":{"allow":["GET"]}}],"collection":[{"href":"https:\/\/www.europesays.com\/es\/wp-json\/wp\/v2\/posts"}],"about":[{"href":"https:\/\/www.europesays.com\/es\/wp-json\/wp\/v2\/types\/post"}],"author":[{"embeddable":true,"href":"https:\/\/www.europesays.com\/es\/wp-json\/wp\/v2\/users\/2"}],"replies":[{"embeddable":true,"href":"https:\/\/www.europesays.com\/es\/wp-json\/wp\/v2\/comments?post=125792"}],"version-history":[{"count":0,"href":"https:\/\/www.europesays.com\/es\/wp-json\/wp\/v2\/posts\/125792\/revisions"}],"wp:featuredmedia":[{"embeddable":true,"href":"https:\/\/www.europesays.com\/es\/wp-json\/wp\/v2\/media\/125793"}],"wp:attachment":[{"href":"https:\/\/www.europesays.com\/es\/wp-json\/wp\/v2\/media?parent=125792"}],"wp:term":[{"taxonomy":"category","embeddable":true,"href":"https:\/\/www.europesays.com\/es\/wp-json\/wp\/v2\/categories?post=125792"},{"taxonomy":"post_tag","embeddable":true,"href":"https:\/\/www.europesays.com\/es\/wp-json\/wp\/v2\/tags?post=125792"}],"curies":[{"name":"wp","href":"https:\/\/api.w.org\/{rel}","templated":true}]}}