{"id":125794,"date":"2025-09-19T18:32:09","date_gmt":"2025-09-19T18:32:09","guid":{"rendered":"https:\/\/www.europesays.com\/es\/125794\/"},"modified":"2025-09-19T18:32:09","modified_gmt":"2025-09-19T18:32:09","slug":"el-divertido-juego-en-el-que-tenistas-eligen-a-alcaraz","status":"publish","type":"post","link":"https:\/\/www.europesays.com\/es\/125794\/","title":{"rendered":"El divertido juego en el que tenistas eligen a Alcaraz"},"content":{"rendered":"<p class=\"quota-display text-align-center\">\n        <a href=\"https:\/\/www.puntodebreak.com\/MDBA-B3-PDB-QUOTA-25\" rel=\"sponsored nofollow noopener\" title=\"Apuesta en bet365\" target=\"_blank\"><\/p>\n<p>            <img decoding=\"async\" alt=\"Bet365\" class=\"bet-logo lazyload\" loading=\"lazy\" src=\"https:\/\/www.europesays.com\/es\/wp-content\/uploads\/2025\/09\/1758239828_626_b365.jpg\"\/>Streaming Laver Cup en directo<\/p>\n<p> \ud83c\udfbe Casper Ruud vs Reilly Opelka<\/p>\n<ol class=\"stream-card__steps\">\n<li>Entra aqu\u00ed y reg\u00edstrate en Bet365<\/li>\n<li>Haz tu primer dep\u00f3sito de m\u00ednimo 5\u00a0\u20ac<\/li>\n<li>Entra en la secci\u00f3n \u00abDirecto\u00bb y ve todos los partidos<\/li>\n<\/ol>\n<p>\n                                Ver partido en Bet365\n                            <\/p>\n<p>        <\/a>\n      <\/p>\n<p bis_size=\"{&quot;x&quot;:8,&quot;y&quot;:8,&quot;w&quot;:1196,&quot;h&quot;:63,&quot;abs_x&quot;:208,&quot;abs_y&quot;:2560}\" class=\"text-align-justify\">Si hay un aspecto a destacar de la <a bis_size=\"{&quot;x&quot;:221,&quot;y&quot;:10,&quot;w&quot;:114,&quot;h&quot;:17,&quot;abs_x&quot;:421,&quot;abs_y&quot;:2562}\" href=\"https:\/\/es.wikipedia.org\/wiki\/Laver_Cup_2025\" rel=\"nofollow noopener\" target=\"_blank\"><strong bis_size=\"{&quot;x&quot;:221,&quot;y&quot;:10,&quot;w&quot;:114,&quot;h&quot;:18,&quot;abs_x&quot;:421,&quot;abs_y&quot;:2562}\">Laver Cup 2025<\/strong><\/a>, es el buen ambiente y la camarader\u00eda que se respira tanto dentro como fuera de la pista. La Laver es show, es capacidad de juntar pasado, presente y futuro del tenis, pero sirve como una gran oportunidad para reforzar las relaciones de amistad entre jugadores que, dentro del entorno competitivo del circuito <a href=\"https:\/\/www.puntodebreak.com\/atp\" rel=\"noopener nofollow\" target=\"_blank\"><strong>ATP<\/strong><\/a>, no disponen de tanto tiempo para socializar y hacer actividades juntos.<\/p>\n<p bis_size=\"{&quot;x&quot;:8,&quot;y&quot;:87,&quot;w&quot;:1196,&quot;h&quot;:63,&quot;abs_x&quot;:208,&quot;abs_y&quot;:2639}\" class=\"text-align-justify\">Este marco nos permite ver c\u00f3mo algunos tenistas se sueltan un poquito m\u00e1s delante de los micr\u00f3fonos, arriesgan m\u00e1s a la hora de alabar o hablar de manera positiva de los que en su d\u00eda a d\u00eda son rivales. Preguntar muchos de estos jugadores, por ejemplo, cu\u00e1l ser\u00eda su dobles so\u00f1ado junto a un integrante de su mismo equipo, es impensable en el resto de citas&#8230; pero no en la Laver, donde <strong>Casper Ruud<\/strong>, <strong>Holger Rune<\/strong> o <strong>Jakub Mensik<\/strong> tuvieron que escoger con qu\u00e9 compa\u00f1ero les gustar\u00eda hacer pareja pronto.<\/p>\n<p bis_size=\"{&quot;x&quot;:8,&quot;y&quot;:167,&quot;w&quot;:1196,&quot;h&quot;:84,&quot;abs_x&quot;:208,&quot;abs_y&quot;:2719}\" class=\"text-align-justify\">Empezando por el dan\u00e9s, la respuesta de Holger quiz\u00e1s sorprenda a m\u00e1s de uno, pero nos retrotrae a otros tiempos, \u00e9pocas donde no exist\u00edan tantas responsabilidades y Rune no deb\u00eda cargar con el peso de las expectativas y el potencial. \u00abCreo que lo he dicho otras veces, pero creo que me quedo con este chico, <strong>el del pelo rubio<\/strong> (risas). Jugamos juntos cuando \u00e9ramos j\u00faniors, y tambi\u00e9n en Le Petits As, y los recuerdos de aquello son muy bonitos. Ser\u00eda fant\u00e1stico poder revivir esa experiencia, la verdad. No siempre es decisi\u00f3n m\u00eda, veremos c\u00f3mo van los partidos, pero ojal\u00e1 que pueda ocurrir\u00bb, se\u00f1ala abiertamente Holger. \u00bfA qui\u00e9n se refiere? Evidentemente, a su compa\u00f1ero de generaci\u00f3n y buen amigo <strong>Carlos Alcaraz<\/strong>.<\/p>\n<p bis_size=\"{&quot;x&quot;:8,&quot;y&quot;:167,&quot;w&quot;:1196,&quot;h&quot;:84,&quot;abs_x&quot;:208,&quot;abs_y&quot;:2719}\" class=\"text-align-justify\"><img decoding=\"async\" alt=\"Alcaraz, en uno de sus \u00faltimos entrenamientos esta semana. Fuente: Getty\" data-entity-type=\"file\" data-entity-uuid=\"6f3caa4b-4057-4a52-820d-272d64bbe611\" width=\"612\" height=\"408\" loading=\"lazy\" class=\"lazyload\" src=\"https:\/\/www.europesays.com\/es\/wp-content\/uploads\/2025\/09\/alcaraz-comparte-ruud.jpg\"\/><\/p>\n<p bis_size=\"{&quot;x&quot;:8,&quot;y&quot;:268,&quot;w&quot;:1196,&quot;h&quot;:84,&quot;abs_x&quot;:208,&quot;abs_y&quot;:2820}\" class=\"text-align-justify\">Lo cierto es que no es la \u00fanica vez en la que Carlos es se\u00f1alado por uno de sus compa\u00f1eros. En el caso de Jakub Mensik, quiz\u00e1s, su inclinaci\u00f3n por el murciano pueda sorprender algo m\u00e1s: \u00abElegir\u00eda a Carlos, obviamente. Es una de las mejores oportunidades que puedo tener para compartir pista con \u00e9l, en un dobles, y el hecho de que sea el n\u00famero uno del mundo hace que la ocasi\u00f3n sea m\u00e1s especial\u00bb. Por cierto, deseo concedido para el checo: <strong>Yannick Noah<\/strong> se ha decantado por este binomio para cerrar la primera jornada, en la madrugada del viernes al s\u00e1bado espa\u00f1ola, midi\u00e9ndose ante Taylor Fritz y Alex Michelsen.<\/p>\n<p bis_size=\"{&quot;x&quot;:8,&quot;y&quot;:369,&quot;w&quot;:1196,&quot;h&quot;:21,&quot;abs_x&quot;:208,&quot;abs_y&quot;:2921}\" class=\"text-align-justify\"><strong bis_size=\"{&quot;x&quot;:8,&quot;y&quot;:371,&quot;w&quot;:533,&quot;h&quot;:18,&quot;abs_x&quot;:208,&quot;abs_y&quot;:2923}\">RUUD, EL DISTINTO&#8230; Y APUESTA POR UNA CONEXI\u00d3N ESCANDINAVA<\/strong><\/p>\n<p bis_size=\"{&quot;x&quot;:8,&quot;y&quot;:406,&quot;w&quot;:1196,&quot;h&quot;:105,&quot;abs_x&quot;:208,&quot;abs_y&quot;:2958}\" class=\"text-align-justify\">\u00bfRecuerdan aquel <strong>Roland Garros<\/strong> en el que se coment\u00f3 acerca de una posible pelea dentro del vestuario entre los equipos de Casper Ruud y Holger Rune? Han pasado m\u00e1s de tres a\u00f1os de aquello y, desde entonces, parece que ambos han enterrado el hacha de guerra: disputaron un partido de exhibici\u00f3n en 2024 y, ahora, al ser preguntado por ese compa\u00f1ero de dobles so\u00f1ado, el noruego se\u00f1al\u00f3 directamente a su &#8216;vecino&#8217;: \u00abSolo he jugado con Carlos antes, lo que estuvo muy divertido, as\u00ed que quiz\u00e1s podr\u00edamos hacer un d\u00fao escandinavo: Holger y yo, s\u00ed. \u00abRuudRune\u00bb, s\u00ed, suena bien\u00bb, afirmaba entre risas el finalista de Roland Garros y US Open, que se encargar\u00e1 de dar el pistoletazo de salida a la competici\u00f3n ante Reilly Opelka. La Laver comienza ya y estaremos atentos a lo que ocurra en <strong>San Francisco<\/strong>.<\/p>\n","protected":false},"excerpt":{"rendered":"Streaming Laver Cup en directo \ud83c\udfbe Casper Ruud vs Reilly Opelka Entra aqu\u00ed y reg\u00edstrate en Bet365 Haz&hellip;\n","protected":false},"author":2,"featured_media":125795,"comment_status":"","ping_status":"","sticky":false,"template":"","format":"standard","meta":{"footnotes":""},"categories":[274],"tags":[168,25,24,23,167,327,326],"class_list":{"0":"post-125794","1":"post","2":"type-post","3":"status-publish","4":"format-standard","5":"has-post-thumbnail","7":"category-tenis","8":"tag-deportes","9":"tag-es","10":"tag-espana","11":"tag-spain","12":"tag-sports","13":"tag-tenis","14":"tag-tennis"},"share_on_mastodon":{"url":"","error":""},"_links":{"self":[{"href":"https:\/\/www.europesays.com\/es\/wp-json\/wp\/v2\/posts\/125794","targetHints":{"allow":["GET"]}}],"collection":[{"href":"https:\/\/www.europesays.com\/es\/wp-json\/wp\/v2\/posts"}],"about":[{"href":"https:\/\/www.europesays.com\/es\/wp-json\/wp\/v2\/types\/post"}],"author":[{"embeddable":true,"href":"https:\/\/www.europesays.com\/es\/wp-json\/wp\/v2\/users\/2"}],"replies":[{"embeddable":true,"href":"https:\/\/www.europesays.com\/es\/wp-json\/wp\/v2\/comments?post=125794"}],"version-history":[{"count":0,"href":"https:\/\/www.europesays.com\/es\/wp-json\/wp\/v2\/posts\/125794\/revisions"}],"wp:featuredmedia":[{"embeddable":true,"href":"https:\/\/www.europesays.com\/es\/wp-json\/wp\/v2\/media\/125795"}],"wp:attachment":[{"href":"https:\/\/www.europesays.com\/es\/wp-json\/wp\/v2\/media?parent=125794"}],"wp:term":[{"taxonomy":"category","embeddable":true,"href":"https:\/\/www.europesays.com\/es\/wp-json\/wp\/v2\/categories?post=125794"},{"taxonomy":"post_tag","embeddable":true,"href":"https:\/\/www.europesays.com\/es\/wp-json\/wp\/v2\/tags?post=125794"}],"curies":[{"name":"wp","href":"https:\/\/api.w.org\/{rel}","templated":true}]}}