{"id":125798,"date":"2025-09-19T18:34:08","date_gmt":"2025-09-19T18:34:08","guid":{"rendered":"https:\/\/www.europesays.com\/es\/125798\/"},"modified":"2025-09-19T18:34:08","modified_gmt":"2025-09-19T18:34:08","slug":"hace-mejores-cosas-que-ferrari-y-mclaren","status":"publish","type":"post","link":"https:\/\/www.europesays.com\/es\/125798\/","title":{"rendered":"Hace mejores cosas que Ferrari y McLaren&#8230;"},"content":{"rendered":"<p class=\"L6-news-detail__text\"><b><a title=\"Carlos Sainz\" href=\"https:\/\/www.lasexta.com\/noticias\/deportes\/motor\/formula1\/pide-mercedes-que-coloque-carlos-sainz-asiento-antonelli_2025091868cbe732394a8138738bd585.html\" target=\"_blank\" rel=\"nofollow noopener\">Carlos Sainz<\/a><\/b> aterriz\u00f3 en <b><a title=\"Williams\" href=\"https:\/\/www.lasexta.com\/noticias\/deportes\/motor\/formula1\/llamativa-confesion-carlos-sainz-williams-proyecto-vida_2025091568c85395ca99f73feefd78ab.html\" target=\"_blank\" rel=\"nofollow noopener\">Williams<\/a><\/b>para escribir una historia que ha tenido un comienzo complicado. Sin embargo, ambas partes mantienen la fe y las aspiraciones necesarias para crecer de la mano.<\/p>\n<p class=\"L6-news-detail__text\">La escuder\u00eda ofrec\u00eda al madrile\u00f1o el destino ideal para construir un proyecto a la altura de sus expectativas en el que pudiera sentirse un l\u00edder: \u00abFue muy importante para m\u00ed y probablemente una de las piezas m\u00e1s importantes del rompecabezas:<b> ir a un equipo donde sab\u00eda que me iban a escuchar<\/b>, que me iban a dar la bienvenida y tendr\u00eda poder para cambiar las cosas si hab\u00eda algo que no me gustaba\u00bb.<\/p>\n<p class=\"L6-news-detail__text\">Por su parte, el piloto aportaba el talento y una d\u00e9cada de experiencia con recorrido en grandes equipos de la categor\u00eda como <b>McLaren <\/b>o <b>Ferrari<\/b>. Un combo destinado a entenderse.<\/p>\n<p class=\"L6-news-detail__text\">\u00abLlevo 10 a\u00f1os en la F\u00f3rmula 1 y una de las cosas que creo que puedo hacer bien como piloto es <b>desarrollar un coche y liderar al equipo<\/b>. Quer\u00eda tener la posibilidad de ser escuchado y liderar al equipo en la direcci\u00f3n correcta. Tengo muy buenas experiencias de ese per\u00edodo de ascenso en McLaren, el per\u00edodo en Ferrari, y obviamente estoy tratando de ayudar tanto como puedo\u00bb, expresaba<b> Sainz <\/b>en declaraciones recogidas por &#8216;Motor.es&#8217;.<\/p>\n<p class=\"L6-news-detail__text\">Williams espera conseguir la <b>quinta posici\u00f3n <\/b>en el campeonato de constructores de este 2025 y aspira a continuar creciendo en las pr\u00f3ximas temporadas.<\/p>\n<p class=\"L6-news-detail__text\">De hecho, el madrile\u00f1o destaca el rendimiento de la escuder\u00eda por encima de algunos de sus rivales: \u00abWilliams ya est\u00e1 haciendo las cosas muy bien. Hace mejores cosas que Ferrari y McLaren. Otras, claramente carente y claramente hay cosas que mejorar\u00bb.<\/p>\n<p class=\"L6-support-news-video__title\">El Cafelito<\/p>\n<p>            <a href=\"https:\/\/www.lasexta.com\/noticias\/deportes\/motor\/experiencia-alex-marquez-marc-como-companero-repente-hay-mucha-presion-tsunami_2025091868cbbdbf1b05386b629ff243.html\" class=\"L6-news__link\" rel=\"nofollow noopener\" target=\"_blank\"><br \/>\n                La experiencia de Alex M\u00e1rquez con Marc como compa\u00f1ero: \u00abDe repente hay mucha presi\u00f3n&#8230; es un tsunami\u00bb<\/p>\n<p class=\"recirculation-video-desc\">El piloto acude a &#8216;El Cafelito&#8217; de Josep Pedrerol y repasa la situaci\u00f3n de Pecco Bagnaia y c\u00f3mo es Marc como compa\u00f1ero de equipo.<\/p>\n<p>            <\/a><\/p>\n","protected":false},"excerpt":{"rendered":"Carlos Sainz aterriz\u00f3 en Williamspara escribir una historia que ha tenido un comienzo complicado. Sin embargo, ambas partes&hellip;\n","protected":false},"author":2,"featured_media":122894,"comment_status":"","ping_status":"","sticky":false,"template":"","format":"standard","meta":{"footnotes":""},"categories":[270],"tags":[168,25,24,306,271,272,23,167],"class_list":{"0":"post-125798","1":"post","2":"type-post","3":"status-publish","4":"format-standard","5":"has-post-thumbnail","7":"category-formula-1","8":"tag-deportes","9":"tag-es","10":"tag-espana","11":"tag-f1","12":"tag-formula-1","13":"tag-formula1","14":"tag-spain","15":"tag-sports"},"share_on_mastodon":{"url":"","error":""},"_links":{"self":[{"href":"https:\/\/www.europesays.com\/es\/wp-json\/wp\/v2\/posts\/125798","targetHints":{"allow":["GET"]}}],"collection":[{"href":"https:\/\/www.europesays.com\/es\/wp-json\/wp\/v2\/posts"}],"about":[{"href":"https:\/\/www.europesays.com\/es\/wp-json\/wp\/v2\/types\/post"}],"author":[{"embeddable":true,"href":"https:\/\/www.europesays.com\/es\/wp-json\/wp\/v2\/users\/2"}],"replies":[{"embeddable":true,"href":"https:\/\/www.europesays.com\/es\/wp-json\/wp\/v2\/comments?post=125798"}],"version-history":[{"count":0,"href":"https:\/\/www.europesays.com\/es\/wp-json\/wp\/v2\/posts\/125798\/revisions"}],"wp:featuredmedia":[{"embeddable":true,"href":"https:\/\/www.europesays.com\/es\/wp-json\/wp\/v2\/media\/122894"}],"wp:attachment":[{"href":"https:\/\/www.europesays.com\/es\/wp-json\/wp\/v2\/media?parent=125798"}],"wp:term":[{"taxonomy":"category","embeddable":true,"href":"https:\/\/www.europesays.com\/es\/wp-json\/wp\/v2\/categories?post=125798"},{"taxonomy":"post_tag","embeddable":true,"href":"https:\/\/www.europesays.com\/es\/wp-json\/wp\/v2\/tags?post=125798"}],"curies":[{"name":"wp","href":"https:\/\/api.w.org\/{rel}","templated":true}]}}