{"id":125803,"date":"2025-09-19T18:37:08","date_gmt":"2025-09-19T18:37:08","guid":{"rendered":"https:\/\/www.europesays.com\/es\/125803\/"},"modified":"2025-09-19T18:37:08","modified_gmt":"2025-09-19T18:37:08","slug":"david-munoz-de-estopa-se-matricula-en-historia-en-la-universidad-de-barcelona-a-los-49-anos","status":"publish","type":"post","link":"https:\/\/www.europesays.com\/es\/125803\/","title":{"rendered":"David Mu\u00f1oz, de Estopa, se matricula en Historia en la Universidad de Barcelona a los 49 a\u00f1os"},"content":{"rendered":"<p><b>David Mu\u00f1oz<\/b>, reconocido cantante de<b> Estopa<\/b>, ha emprendido un nuevo camino acad\u00e9mico al <b>matricularse<\/b> en el<b> grado de Historia<\/b> en la<b> Universidad de Barcelona<\/b> (UB). La decisi\u00f3n llega tras la exitosa <b>gira<\/b> del <b>25 aniversario del d\u00fao<\/b>, celebrada<b> junto a su hermano Jos\u00e9 Manuel <\/b>con llenos absolutos en todo el pa\u00eds.<\/p>\n<p>La <b>noticia<\/b>, compartida inicialmente por estudiantes en <b>redes sociales<\/b>, se propag\u00f3 r\u00e1pidamente, generando un <b>impacto significativo<\/b> con cientos de <b>miles de visualizaciones <\/b>y sorprendiendo a la comunidad universitaria y medi\u00e1tica.<\/p>\n<p>La <b>elecci\u00f3n<\/b> de la carrera <b>no parece casual<\/b>. Mu\u00f1oz ha expresado en diversas ocasiones su<b> inter\u00e9s por las humanidades<\/b> y, en particular, por la <b>Historia Antigua,<\/b> disciplina que ahora estudiar\u00e1 de manera formal en una instituci\u00f3n con siglos de tradici\u00f3n acad\u00e9mica.<\/p>\n<p>Criado en <b>Cornell\u00e0<\/b>, <b>hijo de los propietarios de un bar <\/b>y con experiencia laboral en distintos sectores antes de alcanzar la fama, procede de un entorno en el que l<b>a educaci\u00f3n superior no ocupaba un lugar central<\/b>. Su decisi\u00f3n refleja un<b> inter\u00e9s personal <\/b>por ampliar horizontes acad\u00e9micos en una etapa distinta de su trayectoria. A pesar de su<b> intensa trayectoria con Estopa<\/b>, incluyendo una gira conmemorativa reciente, Mu\u00f1oz demuestra que es posible cultivar m\u00faltiples pasiones simult\u00e1neamente.<\/p>\n","protected":false},"excerpt":{"rendered":"David Mu\u00f1oz, reconocido cantante de Estopa, ha emprendido un nuevo camino acad\u00e9mico al matricularse en el grado de&hellip;\n","protected":false},"author":2,"featured_media":125804,"comment_status":"","ping_status":"","sticky":false,"template":"","format":"standard","meta":{"footnotes":""},"categories":[174],"tags":[255,146,147,25,24,256,23],"class_list":{"0":"post-125803","1":"post","2":"type-post","3":"status-publish","4":"format-standard","5":"has-post-thumbnail","7":"category-famosos","8":"tag-celebrities","9":"tag-entertainment","10":"tag-entretenimiento","11":"tag-es","12":"tag-espana","13":"tag-famosos","14":"tag-spain"},"share_on_mastodon":{"url":"","error":""},"_links":{"self":[{"href":"https:\/\/www.europesays.com\/es\/wp-json\/wp\/v2\/posts\/125803","targetHints":{"allow":["GET"]}}],"collection":[{"href":"https:\/\/www.europesays.com\/es\/wp-json\/wp\/v2\/posts"}],"about":[{"href":"https:\/\/www.europesays.com\/es\/wp-json\/wp\/v2\/types\/post"}],"author":[{"embeddable":true,"href":"https:\/\/www.europesays.com\/es\/wp-json\/wp\/v2\/users\/2"}],"replies":[{"embeddable":true,"href":"https:\/\/www.europesays.com\/es\/wp-json\/wp\/v2\/comments?post=125803"}],"version-history":[{"count":0,"href":"https:\/\/www.europesays.com\/es\/wp-json\/wp\/v2\/posts\/125803\/revisions"}],"wp:featuredmedia":[{"embeddable":true,"href":"https:\/\/www.europesays.com\/es\/wp-json\/wp\/v2\/media\/125804"}],"wp:attachment":[{"href":"https:\/\/www.europesays.com\/es\/wp-json\/wp\/v2\/media?parent=125803"}],"wp:term":[{"taxonomy":"category","embeddable":true,"href":"https:\/\/www.europesays.com\/es\/wp-json\/wp\/v2\/categories?post=125803"},{"taxonomy":"post_tag","embeddable":true,"href":"https:\/\/www.europesays.com\/es\/wp-json\/wp\/v2\/tags?post=125803"}],"curies":[{"name":"wp","href":"https:\/\/api.w.org\/{rel}","templated":true}]}}