{"id":125805,"date":"2025-09-19T18:38:08","date_gmt":"2025-09-19T18:38:08","guid":{"rendered":"https:\/\/www.europesays.com\/es\/125805\/"},"modified":"2025-09-19T18:38:08","modified_gmt":"2025-09-19T18:38:08","slug":"un-homenaje-del-fotografo-omar-ayyashi-a-las-mujeres-pioneras-en-el-festival-de-san-sebastian","status":"publish","type":"post","link":"https:\/\/www.europesays.com\/es\/125805\/","title":{"rendered":"un homenaje del fot\u00f3grafo Omar Ayyashi a las mujeres pioneras en el Festival de San Sebasti\u00e1n"},"content":{"rendered":"\n<p> Tras su estreno en el Festival Internacional de Cine de Guadalajara, el<strong> fot\u00f3grafo espa\u00f1ol Omar Ayyashi <\/strong>present\u00f3 el pasado viernes en el<a href=\"https:\/\/www.elconfidencial.com\/cultura\/2025-09-19\/infiltrada-eta-monja-amante-crusing-san-sebastian-gaza_4208955\/\" target=\"_self\" rel=\"nofollow noopener\"> Festival Internacional de Cine de San Sebasti\u00e1n<\/a> <strong>la exposici\u00f3n &#8216;Las Hijas del Jazz&#8217;,<\/strong> un proyecto de la Agencia Espa\u00f1ola de Cooperaci\u00f3n Internacional para el Desarrollo (AECID), con apoyo de Acci\u00f3n Cultural Espa\u00f1ola (AC\/E), que<strong> rinde homenaje a las mujeres <\/strong>que hace un siglo abrieron caminos de libertad y a todas las que hoy siguen luchando y creando en el presente. <\/p>\n<p> La muestra re\u00fane retratos de actrices espa\u00f1olas contempor\u00e1neas \u2014como Aitana S\u00e1nchez-Gij\u00f3n, Milena Smit, Cayetana Guill\u00e9n Cuervo, Ana Rujas o Clara Lago\u2014 que <strong>encarnan el esp\u00edritu de figuras hist\u00f3ricas<\/strong> como Virginia Woolf, Mar\u00eda Zambrano, Gabriela Mistral o Mar\u00eda Teresa Le\u00f3n. Cada obra se acompa\u00f1a de <strong>un audio literario de la \u00e9poca<\/strong>, con textos de aquellas mujeres silenciadas, interpretados por las actrices retratadas y accesibles mediante c\u00f3digos QR. <\/p>\n<p> La esencia de aquellas pioneras impregna <strong>los 36 retratos de gran formato<\/strong>, en blanco y negro, que ya se encuentran instalados en el paseo de la Zurriola de San Sebasti\u00e1n, frente al Palacio Kursaal, donde permanecer\u00e1n durante la celebraci\u00f3n de la 73 edici\u00f3n del festival, que tendr\u00e1 lugar <strong>hasta el 27 de septiembre<\/strong>. <\/p>\n<p> \u00abUn viaje precioso\u00bb, subray\u00f3 Omar Ayyashi durate la presentaci\u00f3n de la exposici\u00f3n con la que pretende rendir homenaje a \u00abtodas las mujeres que con su actitud y su tiempo, con su voluntad y su fuerza, con sus renuncias, su valor, perseverancia y tenacidad consiguieron<strong> que sus certezas trascendieran y calaran<\/strong> en el coraz\u00f3n de otros\u00bb, explic\u00f3 el fotograf\u00f3, que no quiso olvidarse de recordar <strong>el origen palestino<\/strong> de su padre, <a href=\"https:\/\/www.elconfidencial.com\/mundo\/2025-09-16\/comision-ddhh-onu-israel-gemocidio-palestinos-gaza_4209797\/\" target=\"_self\" rel=\"nofollow noopener\">denunciar el \u00abgenocidio\u00bb de Israel <\/a>en Gaza y hacer un llamamiento <strong>en favor de la paz.<\/strong> <\/p>\n<p> En el acto inaugural participaron <strong>la actriz Hiba Abouk<\/strong>, quien aport\u00f3 su voz e imagen como una de las protagonistas del proyecto. Tambi\u00e9n asistieron <strong>Santiago Herrero Amigo<\/strong>, director de Relaciones Culturales y Cient\u00edficas de la AECID; <strong>Jos\u00e9 Andr\u00e9s Torres Mora,<\/strong> presidente de Acci\u00f3n Cultural Espa\u00f1ola (AC\/E); el Excmo. Sr. <strong>Eneko Goia,<\/strong> alcalde de Donostia-San Sebasti\u00e1n; y <strong>Jos\u00e9 Luis Rebordinos,<\/strong> director del Festival Internacional de Cine de San Sebasti\u00e1n, quien vive <a href=\"https:\/\/www.vanitatis.elconfidencial.com\/estilo\/moda\/2025-09-19\/los-mejores-looks-de-la-historia-del-festival-de-san-sebastian_4210611\/\" target=\"_self\" rel=\"nofollow noopener\">su \u00faltima edici\u00f3n al frente del certamen<\/a> tras m\u00e1s de una d\u00e9cada de direcci\u00f3n. <\/p>\n<p> Ayyashi es un fot\u00f3grafo que combina<strong> sensibilidad est\u00e9tica, compromiso social<\/strong> y una constante <strong>b\u00fasqueda de nuevos lenguajes<\/strong> visuales. Aunque comenz\u00f3 su carrera en el \u00e1mbito del marketing y la publicidad, tras cursar un doble grado en Administraci\u00f3n y Direcci\u00f3n de Empresas y Turismo, pronto dej\u00f3 los despachos <strong>para entregarse a su vocaci\u00f3n: <\/strong><a href=\"https:\/\/www.elconfidencial.com\/el-grito\/2025-08-23\/ignorada-en-los-80-y-venerada-ahora-por-que-ha-resurgido-la-fotografia-incomoda-de-paz-errazuriz_4187671\/\" target=\"_self\" rel=\"nofollow noopener\">la fotograf\u00eda.<\/a> <\/p>\n<p> Formado y desarrollado profesionalmente en ciudades como Londres, Barcelona, Nueva York y Madrid, Ayyashi ha consolidado <strong>una mirada propia<\/strong> que transita entre lo editorial, lo \u00edntimo y lo conceptual. Adem\u00e1s es colaborador habitual de revistas de referencia y compagina su faceta art\u00edstica con la de<strong> CEO de la productora StarsCare<\/strong>, un laboratorio de ideas donde <strong>imagen, tecnolog\u00eda y cultura confluyen<\/strong> en propuestas que cruzan disciplinas y ampl\u00edan los l\u00edmites de la narrativa visual. <\/p>\n<p> Tras su estreno en el Festival Internacional de Cine de Guadalajara, el<strong> fot\u00f3grafo espa\u00f1ol Omar Ayyashi <\/strong>present\u00f3 el pasado viernes en el<a href=\"https:\/\/www.elconfidencial.com\/cultura\/2025-09-19\/infiltrada-eta-monja-amante-crusing-san-sebastian-gaza_4208955\/\" target=\"_self\" rel=\"nofollow noopener\"> Festival Internacional de Cine de San Sebasti\u00e1n<\/a> <strong>la exposici\u00f3n &#8216;Las Hijas del Jazz&#8217;,<\/strong> un proyecto de la Agencia Espa\u00f1ola de Cooperaci\u00f3n Internacional para el Desarrollo (AECID), con apoyo de Acci\u00f3n Cultural Espa\u00f1ola (AC\/E), que<strong> rinde homenaje a las mujeres <\/strong>que hace un siglo abrieron caminos de libertad y a todas las que hoy siguen luchando y creando en el presente. <\/p>\n","protected":false},"excerpt":{"rendered":"Tras su estreno en el Festival Internacional de Cine de Guadalajara, el fot\u00f3grafo espa\u00f1ol Omar Ayyashi present\u00f3 el&hellip;\n","protected":false},"author":2,"featured_media":125806,"comment_status":"","ping_status":"","sticky":false,"template":"","format":"standard","meta":{"footnotes":""},"categories":[173],"tags":[229,233,231,230,232,234,146,147,25,24,23],"class_list":{"0":"post-125805","1":"post","2":"type-post","3":"status-publish","4":"format-standard","5":"has-post-thumbnail","7":"category-arte-y-diseno","8":"tag-arte","9":"tag-arte-y-diseno","10":"tag-arts","11":"tag-arts-and-design","12":"tag-design","13":"tag-diseno","14":"tag-entertainment","15":"tag-entretenimiento","16":"tag-es","17":"tag-espana","18":"tag-spain"},"share_on_mastodon":{"url":"","error":""},"_links":{"self":[{"href":"https:\/\/www.europesays.com\/es\/wp-json\/wp\/v2\/posts\/125805","targetHints":{"allow":["GET"]}}],"collection":[{"href":"https:\/\/www.europesays.com\/es\/wp-json\/wp\/v2\/posts"}],"about":[{"href":"https:\/\/www.europesays.com\/es\/wp-json\/wp\/v2\/types\/post"}],"author":[{"embeddable":true,"href":"https:\/\/www.europesays.com\/es\/wp-json\/wp\/v2\/users\/2"}],"replies":[{"embeddable":true,"href":"https:\/\/www.europesays.com\/es\/wp-json\/wp\/v2\/comments?post=125805"}],"version-history":[{"count":0,"href":"https:\/\/www.europesays.com\/es\/wp-json\/wp\/v2\/posts\/125805\/revisions"}],"wp:featuredmedia":[{"embeddable":true,"href":"https:\/\/www.europesays.com\/es\/wp-json\/wp\/v2\/media\/125806"}],"wp:attachment":[{"href":"https:\/\/www.europesays.com\/es\/wp-json\/wp\/v2\/media?parent=125805"}],"wp:term":[{"taxonomy":"category","embeddable":true,"href":"https:\/\/www.europesays.com\/es\/wp-json\/wp\/v2\/categories?post=125805"},{"taxonomy":"post_tag","embeddable":true,"href":"https:\/\/www.europesays.com\/es\/wp-json\/wp\/v2\/tags?post=125805"}],"curies":[{"name":"wp","href":"https:\/\/api.w.org\/{rel}","templated":true}]}}