{"id":125809,"date":"2025-09-19T18:40:07","date_gmt":"2025-09-19T18:40:07","guid":{"rendered":"https:\/\/www.europesays.com\/es\/125809\/"},"modified":"2025-09-19T18:40:07","modified_gmt":"2025-09-19T18:40:07","slug":"damian-se-venga-de-don-pedro-tras-escuchar-que-dejo-morir-a-jesus-en-los-proximos-capitulos-de-suenos-de-libertad","status":"publish","type":"post","link":"https:\/\/www.europesays.com\/es\/125809\/","title":{"rendered":"Dami\u00e1n se venga de don Pedro tras escuchar que dej\u00f3 morir a Jes\u00fas en los pr\u00f3ximos cap\u00edtulos de Sue\u00f1os de libertad"},"content":{"rendered":"<p>La pr\u00f3xima semana un <b>gran secreto<\/b> saldr\u00e1 a la luz provocando un giro inesperado que lo revolucionar\u00e1 todo.<\/p>\n<p>La serie m\u00e1s vista de la televisi\u00f3n se prepara para <b>un duro enfrentamiento<\/b> entre dos de sus protagonistas: Dami\u00e1n y don Pedro que nos dejar\u00e1 sin palabras.<\/p>\n<p><b>Dami\u00e1n<\/b> ir\u00e1 a visitar al empresario, que a casusa del avanzado estado de <b><a title=\"su enfermedad,\" href=\"https:\/\/www.antena3.com\/videos\/don-pedro-enfrenta-cancer-pancreas-silencio-quiero-que-recuerden-gratitud_20250806689361cffc833a6634dadcd2.html\" target=\"_blank\" rel=\"nofollow noopener\">su enfermedad,<\/a><\/b> estar\u00e1 ya en sus \u00faltimos d\u00edas de vida.<\/p>\n<p>El empresario le confesar\u00e1 al patriarca una verdad que le dejar\u00e1 destrozado. <b>\u00abYo os libr\u00e9 de Jes\u00fas. Dej\u00e9 que se muriera\u00bb,<\/b> le revelar\u00e1 don Pedro. Le dir\u00e1 que fue \u00e9l quien en realidad acab\u00f3 con la vida de su hijo y <b><a title=\"no Digna.\" href=\"https:\/\/www.antena3.com\/series\/suenos-de-libertad\/jesus-muere-enfrentamiento-digna-digale-hija-padre-que-les-quiero_2025031967daa9556e9585000103c8d7.html\" target=\"_blank\" rel=\"nofollow noopener\">no Digna.<\/a><\/b><\/p>\n<p><b>Dami\u00e1n<\/b>, lleno de rabia, descubrir\u00e1 que Don Pedro<b> le neg\u00f3 auxilio a Jes\u00fas<\/b> cuando todav\u00eda segu\u00eda con vida. \u00a1Si le hubiera prestado su ayuda, su hijo a lo mejor podr\u00eda seguir vivo!<\/p>\n<p>Fuera de s\u00ed, <b>Dami\u00e1n<\/b> atacar\u00e1 a don Pedro con la intenci\u00f3n de <b>vengar la muerte de Jes\u00fas<\/b>. \u00bfQu\u00e9 pasar\u00e1?, \u00bfacabar\u00e1 con su vida?, \u00bfc\u00f3mo reaccionar\u00e1n el resto de la familia cuando descubran lo que hizo con Pedro?<\/p>\n<p>\u00a1No te pierdas todo lo que va a pasar en <b>los pr\u00f3ximos cap\u00edtulos de Sue\u00f1os de libertad<\/b>! \u00a1Desc\u00fabrelo de lunes a viernes, a las 15:45h, en Antena 3!<\/p>\n","protected":false},"excerpt":{"rendered":"La pr\u00f3xima semana un gran secreto saldr\u00e1 a la luz provocando un giro inesperado que lo revolucionar\u00e1 todo.&hellip;\n","protected":false},"author":2,"featured_media":125810,"comment_status":"","ping_status":"","sticky":false,"template":"","format":"standard","meta":{"footnotes":""},"categories":[171],"tags":[146,147,25,24,23,214],"class_list":{"0":"post-125809","1":"post","2":"type-post","3":"status-publish","4":"format-standard","5":"has-post-thumbnail","7":"category-tv","8":"tag-entertainment","9":"tag-entretenimiento","10":"tag-es","11":"tag-espana","12":"tag-spain","13":"tag-tv"},"share_on_mastodon":{"url":"","error":""},"_links":{"self":[{"href":"https:\/\/www.europesays.com\/es\/wp-json\/wp\/v2\/posts\/125809","targetHints":{"allow":["GET"]}}],"collection":[{"href":"https:\/\/www.europesays.com\/es\/wp-json\/wp\/v2\/posts"}],"about":[{"href":"https:\/\/www.europesays.com\/es\/wp-json\/wp\/v2\/types\/post"}],"author":[{"embeddable":true,"href":"https:\/\/www.europesays.com\/es\/wp-json\/wp\/v2\/users\/2"}],"replies":[{"embeddable":true,"href":"https:\/\/www.europesays.com\/es\/wp-json\/wp\/v2\/comments?post=125809"}],"version-history":[{"count":0,"href":"https:\/\/www.europesays.com\/es\/wp-json\/wp\/v2\/posts\/125809\/revisions"}],"wp:featuredmedia":[{"embeddable":true,"href":"https:\/\/www.europesays.com\/es\/wp-json\/wp\/v2\/media\/125810"}],"wp:attachment":[{"href":"https:\/\/www.europesays.com\/es\/wp-json\/wp\/v2\/media?parent=125809"}],"wp:term":[{"taxonomy":"category","embeddable":true,"href":"https:\/\/www.europesays.com\/es\/wp-json\/wp\/v2\/categories?post=125809"},{"taxonomy":"post_tag","embeddable":true,"href":"https:\/\/www.europesays.com\/es\/wp-json\/wp\/v2\/tags?post=125809"}],"curies":[{"name":"wp","href":"https:\/\/api.w.org\/{rel}","templated":true}]}}