{"id":125811,"date":"2025-09-19T18:41:08","date_gmt":"2025-09-19T18:41:08","guid":{"rendered":"https:\/\/www.europesays.com\/es\/125811\/"},"modified":"2025-09-19T18:41:08","modified_gmt":"2025-09-19T18:41:08","slug":"preguntan-a-ana-torroja-por-las-polemicas-de-nacho-cano-y-se-sale-del-tono-habitual-como-decia-dali-sociedad","status":"publish","type":"post","link":"https:\/\/www.europesays.com\/es\/125811\/","title":{"rendered":"Preguntan a Ana Torroja por las pol\u00e9micas de Nacho Cano y se sale del tono habitual: \u00abComo dec\u00eda Dal\u00ed&#8230;\u00bb | Sociedad"},"content":{"rendered":"<p class=\"loc\">Madrid<\/p>\n<p>Mecano y su indiscutible \u00e9xito lograron consolidarse como una de las bandas de referencia en la Espa\u00f1a de los a\u00f1os 80. Formada por Ana Torroja y los hermanos Nacho y Jos\u00e9 Mar\u00eda Cano, lograron tocar la cima con un pop electr\u00f3nico que hablaba en muchas ocasiones de asuntos como el VIH, la homosexualidad, la violencia o las drogas, convirtiendo esos temas en aut\u00e9nticos himnos.<\/p>\n<p>M\u00e1s informaci\u00f3n<\/p>\n<p>Tras varios a\u00f1os de m\u00fasica y conciertos, el grupo se disolvi\u00f3 por motivos personales y profesionales que llegaron por el cansancio de giras internacionales y una agenda intensa que provoc\u00f3 un desgaste f\u00edsico y emocional de los tres componentes. Adem\u00e1s, la relaci\u00f3n entre Torroja y los hermanos Cano fue deterior\u00e1ndose poco a poco. <\/p>\n<p>Con una carrera consolidada como solista, Ana publica a finales de septiembre Se ha acabado el show, el primer single de su pr\u00f3ximo disco. En una entrevista de Mart\u00edn Bianchi para <a href=\"https:\/\/elpais.com\/eps\/2025-09-19\/ana-torroja-esta-de-vuelta-llegue-a-pensar-que-mi-momento-ya-se-habia-acabado.html\" target=\"_blank\" rel=\"nofollow noopener\" title=\"https:\/\/elpais.com\/eps\/2025-09-19\/ana-torroja-esta-de-vuelta-llegue-a-pensar-que-mi-momento-ya-se-habia-acabado.html\">El Pa\u00eds<\/a>, la artista ha respondido a un posible reencuentro de Mecano y sobre su relaci\u00f3n con el m\u00fasico. <\/p>\n<p>\u00abLo veo muy improbable. S\u00e9 que ser\u00eda incre\u00edble, pero los contados intentos que ha habido nunca han dado un buen fruto por unas razones o por otras. Creo que cada uno tiene su vida tan encarrilada y est\u00e1 tan a gusto donde est\u00e1, que para qu\u00e9\u2026\u00bb, ha asegurado. Torroja ha asegurado que tiene todo el \u00abderecho\u00bb del mundo a cantar las canciones del grupo que le dio la fama. \u00abEs como si los Rolling no cantaran Satisfaction\u00bb, ha dicho.<\/p>\n<p><img decoding=\"async\" src=\"https:\/\/www.europesays.com\/es\/wp-content\/uploads\/2025\/09\/https:\/\/cloudfront-eu-central-1.images.arcpublishing.com\/prisaradio\/JDBR432SEFEJZPARFFZWW3TGCQ.jpg\" alt=\"\u00bfEs el grupo de m\u00fasica Mecano infinito?\" width=\"655\"   loading=\"lazy\"\/><\/p>\n<p class=\"tit\">\u00bfEs el grupo de m\u00fasica Mecano infinito?<\/p>\n<p>00:00:0020:49<\/p>\n<p>El c\u00f3digo iframe se ha copiado en el portapapeles<\/p>\n<p>FacebookTwitterLinkedinWhatsAppCerrar<\/p>\n<p>\u00abComo dec\u00eda Dal\u00ed&#8230;\u00bb<\/p>\n<p>Sobre si conversan o se ven en privado en la actualidad, la cantante deja claro que no. \u00abCada uno vive en un lugar del mundo diferente. Nos hemos querido mucho, pero nuestra relaci\u00f3n era m\u00e1s profesional. Cuando se bajaba el tel\u00f3n cada uno se iba a su casa y no compart\u00edamos mucho m\u00e1s. Cada uno ten\u00eda su vida y eso ha seguido as\u00ed\u00bb, ha confesado. <\/p>\n<p>\u00abHay gente que ha puesto ofertas sobre la mesa, pero ah\u00ed se quedaron: en la mesa\u00bb, ha a\u00f1adido, sobre un posible reencuentro de Mecano a d\u00eda de hoy. \u00abEstar\u00eda encantada. Ser\u00eda incre\u00edble\u00bb, ha dicho, sin embargo, sobre su posici\u00f3n respecto al reencuentro del tr\u00edo musical. <\/p>\n<p>Torroja tambi\u00e9n ha abordado las distintas pol\u00e9micas de <a href=\"https:\/\/cadenaser.com\/nacional\/2024\/08\/31\/nacho-cano-habla-claro-sobre-el-himno-y-desvela-cual-es-la-cancion-que-el-elegiria-para-representar-a-espana-cadena-ser\/\" target=\"_blank\" rel=\"nofollow noopener\" title=\"https:\/\/cadenaser.com\/nacional\/2024\/08\/31\/nacho-cano-habla-claro-sobre-el-himno-y-desvela-cual-es-la-cancion-que-el-elegiria-para-representar-a-espana-cadena-ser\/\">Nacho Cano<\/a>, como la de sus becarios en el musical Malinche de Madrid. \u00abNo lo s\u00e9, pobre, no lo s\u00e9. Pero sale airoso, eh\u2026 Como dec\u00eda Dal\u00ed: Que hablen de m\u00ed, aunque sea mal\u00bb, ha sentenciado. <\/p>\n","protected":false},"excerpt":{"rendered":"Madrid Mecano y su indiscutible \u00e9xito lograron consolidarse como una de las bandas de referencia en la Espa\u00f1a&hellip;\n","protected":false},"author":2,"featured_media":125812,"comment_status":"","ping_status":"","sticky":false,"template":"","format":"standard","meta":{"footnotes":""},"categories":[170],"tags":[146,147,25,24,184,185,23],"class_list":{"0":"post-125811","1":"post","2":"type-post","3":"status-publish","4":"format-standard","5":"has-post-thumbnail","7":"category-musica","8":"tag-entertainment","9":"tag-entretenimiento","10":"tag-es","11":"tag-espana","12":"tag-music","13":"tag-musica","14":"tag-spain"},"share_on_mastodon":{"url":"","error":""},"_links":{"self":[{"href":"https:\/\/www.europesays.com\/es\/wp-json\/wp\/v2\/posts\/125811","targetHints":{"allow":["GET"]}}],"collection":[{"href":"https:\/\/www.europesays.com\/es\/wp-json\/wp\/v2\/posts"}],"about":[{"href":"https:\/\/www.europesays.com\/es\/wp-json\/wp\/v2\/types\/post"}],"author":[{"embeddable":true,"href":"https:\/\/www.europesays.com\/es\/wp-json\/wp\/v2\/users\/2"}],"replies":[{"embeddable":true,"href":"https:\/\/www.europesays.com\/es\/wp-json\/wp\/v2\/comments?post=125811"}],"version-history":[{"count":0,"href":"https:\/\/www.europesays.com\/es\/wp-json\/wp\/v2\/posts\/125811\/revisions"}],"wp:featuredmedia":[{"embeddable":true,"href":"https:\/\/www.europesays.com\/es\/wp-json\/wp\/v2\/media\/125812"}],"wp:attachment":[{"href":"https:\/\/www.europesays.com\/es\/wp-json\/wp\/v2\/media?parent=125811"}],"wp:term":[{"taxonomy":"category","embeddable":true,"href":"https:\/\/www.europesays.com\/es\/wp-json\/wp\/v2\/categories?post=125811"},{"taxonomy":"post_tag","embeddable":true,"href":"https:\/\/www.europesays.com\/es\/wp-json\/wp\/v2\/tags?post=125811"}],"curies":[{"name":"wp","href":"https:\/\/api.w.org\/{rel}","templated":true}]}}