{"id":125813,"date":"2025-09-19T18:42:08","date_gmt":"2025-09-19T18:42:08","guid":{"rendered":"https:\/\/www.europesays.com\/es\/125813\/"},"modified":"2025-09-19T18:42:08","modified_gmt":"2025-09-19T18:42:08","slug":"las-20-peliculas-que-conviene-no-perderse-en-sitges-2025","status":"publish","type":"post","link":"https:\/\/www.europesays.com\/es\/125813\/","title":{"rendered":"Las 20 pel\u00edculas que conviene no perderse en Sitges 2025"},"content":{"rendered":"<p class=\"ft-text ft-helper-closenews\">\u00daltimas pel\u00edculas de autores reputados. Series B desatadas para desahogarse a base de gritos y risas en la madrugada. Futuras (o, de hecho, incluso instant\u00e1neas) obras de culto. Propuestas no solo de terror o ciencia ficci\u00f3n, sino tambi\u00e9n, claro, &#8216;thriller&#8217;, w\u00e9stern y todas las otras mejores cosas de la vida. T\u00edtulos sin g\u00e9nero definido. Todo esto re\u00fane el festival de Sitges en una edici\u00f3n especialmente prometedora, de la que apetece ver muchas cosas, demasiadas. Para quien necesite ayuda a la hora de elegir, aqu\u00ed van 20 filmes a priori esenciales. <strong>La preventa arranca el martes, d\u00eda 23, a las 12.00 h.; la venta general, un d\u00eda m\u00e1s tarde a la misma hora.\u00a0<\/strong><\/p>\n<p class=\"ft-text\"><strong>J. A. Bayona<\/strong> produce el debut en la direcci\u00f3n de Mart\u00edn Mauregui, &#8216;thriller&#8217; claustrof\u00f3bico, oscuramente c\u00f3mico, sobre la odisea de un hombre (<strong>Daniel Hendler<\/strong>) que accede a la petici\u00f3n de su exnovia de cuidar de su madre senil (<strong>Carmen Maura<\/strong>, uno de los Premios Honor\u00edficos de esta edici\u00f3n). <strong>Jueves 9, Tramuntana, 8.30 h., y Auditori, 22.30 h.\u00a0<\/strong><\/p>\n<p class=\"ft-text\">Este &#8216;thriller&#8217; psicol\u00f3gico sobre duelo y culpa\u00a0ha sido seleccionado para representar a Canad\u00e1 en la carrera por el Oscar a mejor pel\u00edcula internacional. El gal\u00e1n turco <strong>Ekin Ko\u00e7<\/strong> ha sorprendido interpretando a un profesor universitario que obliga a su jardinero a ejecutar un acto de venganza. <strong>Jueves 9, Tramuntana, 12.30 h. Viernes 10, Prado, 17.30 h.<\/strong><\/p>\n<p class=\"ft-text\">Tras fallecer el patriarca de una familia, su mujer (<strong>Kate Burton<\/strong>) y su hija (<strong>Colby Minifie<\/strong>) lo arriesgan todo para llevar a cabo un brutal ritual de resurrecci\u00f3n. Julia Max debuta en el largo con esta visi\u00f3n sobrenatural del terror de cuidar a tus padres enfermos y de perderlos: \u00bfalgo as\u00ed como la <a href=\"https:\/\/www.elperiodico.com\/es\/ocio-y-cultura\/20201014\/natalie-erika-james-entrevista-relic-sitges-8155660\" class=\"ft-link ft-link--decoration\" rel=\"nofollow noopener\" target=\"_blank\">&#8216;Relic&#8217;<\/a> de este a\u00f1o?\u00a0Comparte marat\u00f3n con &#8216;Mermaid&#8217; y &#8217;13 days till summer&#8217;. <strong>Jueves 9, Prado, 13.00 h. Lunes 13, Prado, 0.45 h.\u00a0<\/strong><\/p>\n<p class=\"ft-text\">El cr\u00edtico de cine &#8216;youtuber&#8217; Chris Stuckmann ha contado con el padrinazgo de <strong>Mike Flanagan<\/strong> para su debut en el largo, una intrigante mezcla de falso documental, &#8216;found footage&#8217; (o &#8216;metraje encontrado&#8217;) y cine tradicional. Mientras busca a su hermana desaparecida (Sarah Durn), una mujer (Camille Sullivan) empieza a sospechar que cierto demonio imaginario del pasado podr\u00eda ser real. <strong>Jueves 9, Auditori, 15.00 h., y Prado, 20.45 h.\u00a0<\/strong><\/p>\n<p class=\"ft-text\">Record\u00e9moslo: la animaci\u00f3n no es un g\u00e9nero, y mucho menos uno solo dirigido a chavales, sino un medio. Conviene avisar que &#8216;Dog of God&#8217; es un &#8216;folk horror&#8217; cargado de sexo y escatolog\u00eda que, sin miedo a nada, Lituania ha elegido como su representante para los Oscar. <strong>Viernes 10, Escorxador, 8.15 h. Domingo 12, Escorxador, 0.45 h.<\/strong><\/p>\n<p class=\"ft-text\">Desde hace ya d\u00e9cada y media, <strong>Dave Franco <\/strong>y<strong> Alison Brie<\/strong> son inseparables, tanto fuera como dentro de la pantalla. Ahora parecen ironizar sobre esa codependencia protagonizando esta pesadilla de terror corporal sobre una pareja en crisis que acaba acortando sus distancias\u2026 de forma sobrenatural e inquietante. <strong>Viernes 10, Auditori, 8.15 y 22.45 h. Lunes 13, Auditori, 1.00 h.<\/strong><\/p>\n<p class=\"ft-text\">Seg\u00fan dicen los mejores rumores, la acci\u00f3n hongkonesa brilla en todo su esplendor en esta nueva pel\u00edcula del core\u00f3grafo de acci\u00f3n (de &#8216;Flash point&#8217;, por ejemplo) metido a cineasta Kenji Tanigaki. Una red de tr\u00e1fico de menores secuestra a la hija del padre equivocado: un experto en artes marciales. \u00c1ngel Sala, director art\u00edstico del festival, ha prometido \u00ablas coreograf\u00edas m\u00e1s alucinantes del a\u00f1o\u00bb. <strong>Viernes 10, Tramuntana, 14.30 h. S\u00e1bado 11, Auditori, 16.00 h.\u00a0<\/strong><\/p>\n<p class=\"ft-text\">Junto a, por ejemplo, la citada &#8216;Together&#8217;, una de las cintas fant\u00e1sticas con mejores rese\u00f1as del \u00faltimo Sundance fue esta revisi\u00f3n de &#8216;La Cenicienta&#8217; en clave de terror corporal noruego. La joven Elvira (<strong>Lea Myren<\/strong>) tira de medidas desesperadas para dejar de vivir a la sombra de su bella hermanastra Agnes (<strong>Thea Sofie Loch N\u00e6ss<\/strong>). <strong>Viernes 10, Tramuntana, 16.45 h. S\u00e1bado 11, Auditori, 22.45 h.<\/strong><\/p>\n<p class=\"ft-text\">Que una casa de campo tenga fantasmas no es ninguna novedad. Tampoco que sea un perro el primero que perciba algo extra\u00f1o. Pero s\u00ed que la pel\u00edcula est\u00e9 contada, de principio a fin, desde el punto de vista canino. Esperamos visita del protagonista (bello golden retriever) al festival. <strong>Viernes 10, Tramuntana, 19.00 h. S\u00e1bado 11, Auditori, 14.15 h. Martes 14, Prado, 0.45 h.<\/strong><\/p>\n<p class=\"ft-text\">El sue\u00f1o de los 80 (y sus efectos especiales artesanales y criaturas animatr\u00f3nicas) sigue vivo en esta aventura familiar con aromas Amblin. En una isla ficcional del Mar Negro, una ni\u00f1a de granja lucha por devolver a su familia a una extra\u00f1a pero adorable criatura. Intento de nueva &#8216;E.T. El extraterrestre&#8217; con la marca A24. <strong>S\u00e1bado 11, Tramuntana, 17.45 h. Domingo 12, Auditori, 12.30 h.<\/strong><\/p>\n<p class=\"ft-text\">Despu\u00e9s de &#8216;El juego de Gerald&#8217; y &#8216;Doctor Sue\u00f1o&#8217; (y antes de la serie basada en &#8216;Carrie&#8217;), Mike Flanagan vuelve a adaptar a Stephen King, pero al King menos habitual, el m\u00e1s sentimental que terror\u00edfico. Hay que traer pa\u00f1uelos a esta historia de una vida contada en sentido cronol\u00f3gico inverso, desde la muerte del protagonista (que coincide con un evento apocal\u00edptico) hasta su infancia. <strong>Domingo 12, Auditori, 8.15 y 19.00 h.<\/strong><\/p>\n<p class=\"ft-text\">El director ganador de la Concha de Plata en San Sebasti\u00e1n por &#8216;Cien flores&#8217; regresa con algo muy distinto a aquel drama familiar: una adaptaci\u00f3n de &#8216;Exit 8&#8217;, famoso videojuego indie de terror psicol\u00f3gico que nos introduce en una versi\u00f3n especialmente claustrof\u00f3bica del metro de Jap\u00f3n. <strong>Domingo 12, Tramuntana, 12.30 h., y Auditori, 21.15 h.<\/strong><\/p>\n<p class=\"ft-text\">Ya se habla de posible nominaci\u00f3n al Oscar para su protagonista, <strong>Rose Byrne<\/strong>, al parecer desbordante como esa terapeuta perdida en una espiral de ansiedad tras tener que encargarse sola de cuidar a una hija muy enferma. Curioso reparto de secundarios: Conan O&#8217;Brien, Christian Slater y el m\u00e1s conocido como rapero e icono de la moda ASAP Rocky. <strong>Lunes 13, Tramuntana, 17.00 h. Martes 14, Auditori, 18.00 h.\u00a0<\/strong><\/p>\n<p class=\"ft-text\">El magistral director de &#8216;Old boy&#8217; y &#8216;La doncella&#8217; regresa con otra de esas s\u00e1tiras y condenas del capitalismo tard\u00edo a las que ya nos tiene acostumbrados la ficci\u00f3n surcoreana. El villano de una de ellas, <strong>Lee Byung-hun<\/strong>, el L\u00edder de &#8216;El juego del calamar&#8217;, es ahora antih\u00e9roe: un hombre eternamente desempleado que dise\u00f1a un plan oscuro para hacer cambiar su suerte. <strong>Martes 14, Auditori, 8.15 y 20.25 h. Mi\u00e9rcoles 15, Prado, 10.15 h.<\/strong><\/p>\n<p class=\"ft-text\">En esta especie de &#8216;thriller&#8217; er\u00f3tico con toques giallo, un repartidor de comida y de favores sexuales (Hal Baum) empieza a ver c\u00f3mo algunos de sus clientes caen v\u00edctimas de un asesino en serie. Sensaci\u00f3n del \u00faltimo festival Fantasia de Montreal. <strong>Martes 14, Escorxador, 8.30 y 23.30 h.<\/strong><\/p>\n<p class=\"ft-text\">La nueva colaboraci\u00f3n de Lanthimos con Emma Stone (y Jesse Plemons, que se sum\u00f3 al inseparable t\u00e1ndem en &#8216;Kinds of kindness&#8217;) se presenta como una revisi\u00f3n personal y de c\u00e1mara de la pel\u00edcula surcoreana de 2003 &#8216;Salvar el planeta Tierra&#8217;. Dos te\u00f3ricos conspirativos secuestran a una ejecutiva detr\u00e1s de la cual, seg\u00fan ellos, se esconde una alien\u00edgena dispuesta a destruir la Tierra. <strong>Jueves 16, Auditori, 8.15 y 22.45 h.\u00a0<\/strong><\/p>\n<p class=\"ft-text\">Cuatro a\u00f1os despu\u00e9s de concursar con &#8216;Belle&#8217;, el maestro del anime Hosoda regresa (fuera de competici\u00f3n) con esta fantas\u00eda de acci\u00f3n basada en &#8216;Hamlet&#8217; y con rastros de la historia de Juana de Arco o &#8216;La princesa Mononoke&#8217;. De nuevo, apuesta por incorporar con elegancia las t\u00e9cnicas digitales a la animaci\u00f3n tradicional. <strong>Viernes 17, Tramuntana, 8.15 h., y Auditori, 15.15 h.<\/strong><\/p>\n<p class=\"ft-text\">No sabemos si el mundo necesita otra adaptaci\u00f3n de &#8216;Frankenstein&#8217;, pero no nos negaremos a darle una oportunidad a una firmada por Del Toro y con <strong>Oscar Isaac<\/strong> y <strong>Jacob Elordi<\/strong> como, respectivamente, el cient\u00edfico desatado y el monstruo. Las rese\u00f1as llegadas de Venecia fueron bastante alentadoras. <strong>Viernes 17, Auditori, 10.30 y 22.15 h.\u00a0<\/strong><\/p>\n<p class=\"ft-text\">No puede haber edici\u00f3n de Sitges sin documental de Alexandre O. Philippe. Tras sus visiones del capit\u00e1n estelar William Shatner o &#8216;La matanza de Texas&#8217;, ahora presenta su carta de amor a Kim Novak, un recorrido por su vida y obra (m\u00e1s all\u00e1 de &#8216;V\u00e9rtigo&#8217;) y una exploraci\u00f3n de su retiro del brazo de la propia actriz. <strong>Viernes 17, Escorxador, 15.00 h.\u00a0<\/strong><\/p>\n<p class=\"ft-text\">El director Francis Lawrence (&#8216;Constantine&#8217;, &#8216;Los juegos del hambre&#8217;) ha conseguido llevar adelante lo que solo llegaron a acariciar George A. Romero, Frank Darabont y Andr\u00e9 \u00d8vredal: una adaptaci\u00f3n del querido libro de King (o, para ser precisos, su alter ego<strong> Richard Bachman<\/strong>) sobre una competici\u00f3n centrada en caminar sin descanso. <strong>JT Mollner<\/strong>, director de <a href=\"https:\/\/www.elperiodico.com\/es\/ocio-y-cultura\/20241009\/strange-darling-sitges-entrevista-director-109113316\" class=\"ft-link ft-link--decoration\" rel=\"nofollow noopener\" target=\"_blank\">la sorprendente &#8216;Strange darling&#8217;<\/a>, firma el guion. <strong>S\u00e1bado 18, Auditori, 8.45 y 19.00 h.\u00a0<\/strong><\/p>\n<p data-close=\"closedContent\" class=\"subscribeHideForDisplay\">Suscr\u00edbete para seguir leyendo<\/p>\n","protected":false},"excerpt":{"rendered":"\u00daltimas pel\u00edculas de autores reputados. Series B desatadas para desahogarse a base de gritos y risas en la&hellip;\n","protected":false},"author":2,"featured_media":125814,"comment_status":"","ping_status":"","sticky":false,"template":"","format":"standard","meta":{"footnotes":""},"categories":[169],"tags":[177,146,147,25,24,176,175,753,1988,31941,40916,23],"class_list":{"0":"post-125813","1":"post","2":"type-post","3":"status-publish","4":"format-standard","5":"has-post-thumbnail","7":"category-cine","8":"tag-cine","9":"tag-entertainment","10":"tag-entretenimiento","11":"tag-es","12":"tag-espana","13":"tag-film","14":"tag-movies","15":"tag-peliculas","16":"tag-seleccion","17":"tag-sitges","18":"tag-sitges-2025","19":"tag-spain"},"share_on_mastodon":{"url":"","error":""},"_links":{"self":[{"href":"https:\/\/www.europesays.com\/es\/wp-json\/wp\/v2\/posts\/125813","targetHints":{"allow":["GET"]}}],"collection":[{"href":"https:\/\/www.europesays.com\/es\/wp-json\/wp\/v2\/posts"}],"about":[{"href":"https:\/\/www.europesays.com\/es\/wp-json\/wp\/v2\/types\/post"}],"author":[{"embeddable":true,"href":"https:\/\/www.europesays.com\/es\/wp-json\/wp\/v2\/users\/2"}],"replies":[{"embeddable":true,"href":"https:\/\/www.europesays.com\/es\/wp-json\/wp\/v2\/comments?post=125813"}],"version-history":[{"count":0,"href":"https:\/\/www.europesays.com\/es\/wp-json\/wp\/v2\/posts\/125813\/revisions"}],"wp:featuredmedia":[{"embeddable":true,"href":"https:\/\/www.europesays.com\/es\/wp-json\/wp\/v2\/media\/125814"}],"wp:attachment":[{"href":"https:\/\/www.europesays.com\/es\/wp-json\/wp\/v2\/media?parent=125813"}],"wp:term":[{"taxonomy":"category","embeddable":true,"href":"https:\/\/www.europesays.com\/es\/wp-json\/wp\/v2\/categories?post=125813"},{"taxonomy":"post_tag","embeddable":true,"href":"https:\/\/www.europesays.com\/es\/wp-json\/wp\/v2\/tags?post=125813"}],"curies":[{"name":"wp","href":"https:\/\/api.w.org\/{rel}","templated":true}]}}