{"id":125815,"date":"2025-09-19T18:43:08","date_gmt":"2025-09-19T18:43:08","guid":{"rendered":"https:\/\/www.europesays.com\/es\/125815\/"},"modified":"2025-09-19T18:43:08","modified_gmt":"2025-09-19T18:43:08","slug":"lewis-hamilton-y-su-mensaje-de-carino-a-ferrari-f1-y-charles-leclerc-en-el-gp-de-azerbaiyan-muy-agradecido","status":"publish","type":"post","link":"https:\/\/www.europesays.com\/es\/125815\/","title":{"rendered":"Lewis Hamilton y su mensaje de cari\u00f1o a Ferrari F1 y Charles Leclerc en el GP de Azerbaiy\u00e1n: \u00abMuy agradecido\u00bb"},"content":{"rendered":"<p data-journey-content=\"true\" data-node-id=\"3\" class=\"css-6wxqfj emevuu60\">Tras una larga traves\u00eda en el desierto por parte de Lewis Hamilton, el brit\u00e1nico ha asegurado que ya se empieza a encontrar m\u00e1s adaptado al SF-25. Sin embargo, el camino no ha sido nada f\u00e1cil para el \u201844\u2019, siendo el punto m\u00e1s bajo el GP de Hungr\u00eda, donde lleg\u00f3 a <a href=\"https:\/\/www.caranddriver.com\/es\/formula-1\/a65581312\/lewis-hamilton-devastado-pole-charles-leclerc-ferrari-f1-gp-hungria-inutil\/\" target=\"_blank\" data-vars-ga-outbound-link=\"https:\/\/www.caranddriver.com\/es\/formula-1\/a65581312\/lewis-hamilton-devastado-pole-charles-leclerc-ferrari-f1-gp-hungria-inutil\/\" data-vars-ga-ux-element=\"Hyperlink\" data-vars-ga-call-to-action=\"admitir que \u201csoy un in\u00fatil\u201d\" data-node-id=\"3.1\" class=\"body-link css-168zq96 emevuu60\" rel=\"nofollow noopener\">admitir que \u201csoy un in\u00fatil\u201d<\/a> tras una clasificaci\u00f3n en la que se hab\u00eda visto ampliamente superado por Charles Leclerc. A pesar de ello, en el reciente GP de Italia, el heptacampe\u00f3n ya logr\u00f3 un ritmo m\u00e1s cercano a su compa\u00f1ero de equipo. <\/p>\n<p>Lewis Hamilton agradece la paciencia a Ferrari<\/p>\n<p data-journey-content=\"true\" data-node-id=\"7\" class=\"css-6wxqfj emevuu60\">De hecho, ese fin de semana<strong data-node-id=\"7.1\"> lo comenz\u00f3 igual que en Bak\u00fa, liderando una de las sesiones de entrenamientos durante la jornada de viernes<\/strong>. Esta vez, ser\u00eda en los FP2, donde las pruebas a una vuelta dejar\u00edan a ambos pilotos de la Scuderia entre la 1\u00aa y 2\u00aa posici\u00f3n, justo por delante de los McLaren, que durante los FP2, tanto Lando Norris como Oscar Piastri, tendr\u00edan un susto. <\/p>\n<p data-journey-content=\"true\" data-node-id=\"9\" class=\"css-6wxqfj emevuu60\">Un resultado que da un aliento de esperanza para un piloto que quer\u00eda volver del par\u00f3n con las pilas recargadas, y as\u00ed est\u00e1 siendo de momento.<strong data-node-id=\"9.1\"> Por lo que ha querido agradecer a la Scuderia sus palabras de apoyo durante los \u00faltimos Grandes Premios<\/strong>, e incluso a su compa\u00f1ero de equipo, que tambi\u00e9n <a href=\"https:\/\/www.caranddriver.com\/es\/formula-1\/a65614297\/charles-leclerc-polemicas-palabras-lewis-hamilton-ferrari-f1-quiero-ganarle\/\" target=\"_blank\" data-vars-ga-outbound-link=\"https:\/\/www.caranddriver.com\/es\/formula-1\/a65614297\/charles-leclerc-polemicas-palabras-lewis-hamilton-ferrari-f1-quiero-ganarle\/\" data-vars-ga-ux-element=\"Hyperlink\" data-vars-ga-call-to-action=\"sali\u00f3 a defender a Lewis Hamilton\" data-node-id=\"9.3\" class=\"body-link css-168zq96 emevuu60\" rel=\"nofollow noopener\">sali\u00f3 a defender a Lewis Hamilton<\/a> tras la carrera en el Hungaroring. De cara a la carrera, el \u201844\u2019 ha querido ser cauto, manifestando que todav\u00eda est\u00e1 todo en el aire.<\/p>\n<p><img draggable=\"true\" alt=\"lewis hamilton ferrari f1\" title=\"Lewis Hamilton Ferrari F1\" loading=\"lazy\" width=\"5203\" height=\"3469\" decoding=\"async\" data-nimg=\"1\" style=\"color:transparent;width:100%;height:auto;\"   src=\"https:\/\/www.europesays.com\/es\/wp-content\/uploads\/2025\/09\/gettyimages-2235706850-68cd81a77cd8e.jpg\" class=\"css-0 e1g79fud0\"\/><a target=\"_blank\" rel=\"noopener nofollow\" data-theme-key=\"base-link\" href=\"https:\/\/pinterest.com\/pin\/create\/button\/?url=https:\/\/www.caranddriver.com\/es\/formula-1\/a67962049\/lewis-hamilton-mensaje-ferrari-f1-charles-leclerc-gp-de-azerbaiyan-agradecido\/&amp;description=&amp;media=https:\/\/hips.hearstapps.com\/hmg-prod\/images\/gettyimages-2235706850-68cd81a77cd8e.jpg?resize=1600:*\" class=\"pinterest css-on9hn5 e1c1bym14\"><img decoding=\"async\" data-dynamic-svg=\"true\" src=\"https:\/\/www.caranddriver.com\/_assets\/design-tokens\/fre\/static\/icons\/social\/pinterest.e8cf655.svg?primary=%2523ffffff\" loading=\"lazy\" data-testid=\"dynamic-svg-base\" height=\"auto\" width=\"auto\" alt=\"pinterest\" class=\"css-4lml0h e1mlxuuw1\"\/><\/a><\/p>\n<p>ALEXANDER NEMENOV<\/p>\n<p data-journey-content=\"true\" data-node-id=\"14\" class=\"css-6wxqfj emevuu60\">\u201cLa FP1 fue un poco un desastre. Aqu\u00ed necesitas much\u00edsima confianza en las frenadas y tuve algunos problemas. <strong data-node-id=\"14.1\">Cada circuito que visito este a\u00f1o es la primera vez que lo hago con el Ferrari, as\u00ed que la adaptaci\u00f3n no es f\u00e1cil<\/strong>\u201d, dec\u00eda el piloto de Ferrari.<\/p>\n<p data-journey-content=\"true\" data-node-id=\"16\" class=\"css-6wxqfj emevuu60\">\u201cHicimos algunos cambios para la FP2 y los frenos funcionaron perfectamente. Pude ganar mucho tiempo en ese punto y <strong data-node-id=\"16.1\">estoy muy contento con el progreso. Eso demuestra la direcci\u00f3n en la que estamos yendo como equipo.<\/strong> Estoy realmente agradecido por la paciencia de todos y por el esfuerzo, porque ahora estamos empezando a ver los frutos\u201d, prosigui\u00f3.<\/p>\n<p data-journey-content=\"true\" data-node-id=\"18\" class=\"css-6wxqfj emevuu60\">\u201cNo dir\u00eda que ha sido un gran d\u00eda\u2026 al final es solo viernes. No vayamos demasiado lejos. Estoy muy agradecido <strong data-node-id=\"18.1\">por todos los que siguen empujando. El apoyo desde la f\u00e1brica, desde el equipo aqu\u00ed, los chicos en el garaje,<\/strong> incluso nuestro equipo de marketing\u2026 todos marcan la diferencia\u201d, concluy\u00f3 <a href=\"https:\/\/www.caranddriver.com\/es\/formula-1\/pilotos\/a3526\/lewis-hamilton\/\" target=\"_blank\" data-vars-ga-outbound-link=\"https:\/\/www.caranddriver.com\/es\/formula-1\/pilotos\/a3526\/lewis-hamilton\/\" data-vars-ga-ux-element=\"Hyperlink\" data-vars-ga-call-to-action=\"Lewis Hamilton.\" data-node-id=\"18.3\" class=\"body-link css-168zq96 emevuu60\" rel=\"nofollow noopener\">Lewis Hamilton.<\/a><\/p>\n<p data-journey-content=\"true\" data-node-id=\"20\" class=\"css-6wxqfj emevuu60\">Es as\u00ed como el piloto de Ferrari ha terminado en la 1\u00aa posici\u00f3n durante los FP2 en el GP de Azerbaiy\u00e1n, donde se encuentra m\u00e1s c\u00f3modo con el SF-25.  <\/p>\n<p>Contenidos relacionados<\/p>\n","protected":false},"excerpt":{"rendered":"Tras una larga traves\u00eda en el desierto por parte de Lewis Hamilton, el brit\u00e1nico ha asegurado que ya&hellip;\n","protected":false},"author":2,"featured_media":125816,"comment_status":"","ping_status":"","sticky":false,"template":"","format":"standard","meta":{"footnotes":""},"categories":[93],"tags":[168,253,25,24,23,167],"class_list":{"0":"post-125815","1":"post","2":"type-post","3":"status-publish","4":"format-standard","5":"has-post-thumbnail","7":"category-deportes","8":"tag-deportes","9":"tag-discover","10":"tag-es","11":"tag-espana","12":"tag-spain","13":"tag-sports"},"share_on_mastodon":{"url":"","error":""},"_links":{"self":[{"href":"https:\/\/www.europesays.com\/es\/wp-json\/wp\/v2\/posts\/125815","targetHints":{"allow":["GET"]}}],"collection":[{"href":"https:\/\/www.europesays.com\/es\/wp-json\/wp\/v2\/posts"}],"about":[{"href":"https:\/\/www.europesays.com\/es\/wp-json\/wp\/v2\/types\/post"}],"author":[{"embeddable":true,"href":"https:\/\/www.europesays.com\/es\/wp-json\/wp\/v2\/users\/2"}],"replies":[{"embeddable":true,"href":"https:\/\/www.europesays.com\/es\/wp-json\/wp\/v2\/comments?post=125815"}],"version-history":[{"count":0,"href":"https:\/\/www.europesays.com\/es\/wp-json\/wp\/v2\/posts\/125815\/revisions"}],"wp:featuredmedia":[{"embeddable":true,"href":"https:\/\/www.europesays.com\/es\/wp-json\/wp\/v2\/media\/125816"}],"wp:attachment":[{"href":"https:\/\/www.europesays.com\/es\/wp-json\/wp\/v2\/media?parent=125815"}],"wp:term":[{"taxonomy":"category","embeddable":true,"href":"https:\/\/www.europesays.com\/es\/wp-json\/wp\/v2\/categories?post=125815"},{"taxonomy":"post_tag","embeddable":true,"href":"https:\/\/www.europesays.com\/es\/wp-json\/wp\/v2\/tags?post=125815"}],"curies":[{"name":"wp","href":"https:\/\/api.w.org\/{rel}","templated":true}]}}