{"id":125818,"date":"2025-09-19T18:46:11","date_gmt":"2025-09-19T18:46:11","guid":{"rendered":"https:\/\/www.europesays.com\/es\/125818\/"},"modified":"2025-09-19T18:46:11","modified_gmt":"2025-09-19T18:46:11","slug":"como-el-nuevo-galaxy-z-flip7-transforma-un-clasico-en-un-icono-moderno-samsung-newsroom-chile","status":"publish","type":"post","link":"https:\/\/www.europesays.com\/es\/125818\/","title":{"rendered":"c\u00f3mo el nuevo Galaxy Z Flip7 transforma un cl\u00e1sico en un \u00edcono moderno \u2013 Samsung Newsroom Chile"},"content":{"rendered":"<p>                        Compacto, personalizable y potenciado por tecnolog\u00eda de \u00faltima generaci\u00f3n, el Galaxy Z Flip7 rescata el encanto del formato plegable y lo reinventa para la vida digital actual.<\/p>\n<p><img loading=\"lazy\" decoding=\"async\" class=\"aligncenter wp-image-33736 size-large\" src=\"https:\/\/www.europesays.com\/es\/wp-content\/uploads\/2025\/09\/019-handson-galaxy-zflip7-blueshadow-1024x683.jpg\" alt=\"\" width=\"1024\" height=\"683\"  \/><\/p>\n<p>\u00a0<\/p>\n<p>En una era en la que la mayor\u00eda de los smartphones se parecen demasiado entre s\u00ed, un dise\u00f1o que se pliega para caber en el bolsillo y se despliega para sorprender, vuelve a captar miradas. El gesto de cerrar el tel\u00e9fono para terminar una llamada regresa, no como un acto nost\u00e1lgico, sino como parte de una propuesta que combina pantalla flexible, cubierta inteligente y opciones de personalizaci\u00f3n.\u00a0<\/p>\n<p>\u00a0<\/p>\n<p>Esta reinterpretaci\u00f3n del \u201ctipo concha\u201d no s\u00f3lo revive una est\u00e9tica ic\u00f3nica, sino que la proyecta hacia el futuro con m\u00e1s potencia, durabilidad y estilo. Y con el Galaxy Z Flip7, Samsung logra que un formato hist\u00f3rico se convierta en s\u00edmbolo de personalidad y funcionalidad en la era m\u00f3vil.\u00a0<\/p>\n<p>\u00a0<\/p>\n<p>Y es que no es solo una moda pasajera ni un homenaje vac\u00edo al pasado. El Galaxy Z Flip7 responde a una necesidad moderna: tener un dispositivo compacto, potente y con personalidad propia, sin comprometer la funcionalidad.<\/p>\n<p>\u00a0<\/p>\n<p>Del pasado al presente con un giro innovador<\/p>\n<p>\u00a0<\/p>\n<p>Cerrar el tel\u00e9fono para cortar una llamada: ese gesto que marc\u00f3 toda una era, regresa, pero en una versi\u00f3n que nada tiene de anticuada. El Galaxy Z Flip7 mantiene esa m\u00edstica, pero la complementa con una pantalla Dynamic AMOLED 2X flexible y una cubierta externa inteligente.\u00a0<\/p>\n<p>\u00a0<\/p>\n<p>\u00bfResultado? Puedes revisar notificaciones, responder mensajes o controlar tu m\u00fasica sin siquiera abrir el equipo. El formato revive lo mejor del pasado, pero lo hace con la mirada puesta en el futuro.<\/p>\n<p>\u00a0<\/p>\n<p>Funcionalidad y estilo en equilibrio<\/p>\n<p>\u00a0<\/p>\n<p>Dise\u00f1ado para destacar, el Galaxy Z Flip7 se convierte en una extensi\u00f3n del estilo personal. Ofrece opciones de personalizaci\u00f3n con fondos animados, widgets din\u00e1micos y combinaciones de colores \u00fanicas que permiten a cada usuario hacerlo suyo.\u00a0<\/p>\n<p>\u00a0<\/p>\n<p>Y su tama\u00f1o compacto no solo luce bien: cabe c\u00f3modamente en bolsillos ajustados y bolsos peque\u00f1os, convirti\u00e9ndolo en un aliado real para el d\u00eda a d\u00eda. En un mundo donde los smartphones tienden a parecerse cada vez m\u00e1s entre s\u00ed, este dispositivo apuesta por la diferencia.<\/p>\n<p>\u00a0<\/p>\n<p>Tecnolog\u00eda que rompe moldes<\/p>\n<p>\u00a0<\/p>\n<p>Su tama\u00f1o no limita su potencia. El Galaxy Z Flip7 cuenta con un procesador de \u00faltima generaci\u00f3n, inteligencia artificial integrada, resistencia al agua con certificaci\u00f3n IPX8 y la durabilidad de una bisagra Armor FlexHinge que soporta miles de pliegues. Esto no es solo dise\u00f1o, es ingenier\u00eda pensada para durar.<\/p>\n<p>\u00a0<\/p>\n<p>\u201cEl Galaxy Z Flip7 no solo es un tel\u00e9fono que se abre y cierra; es una reinterpretaci\u00f3n inteligente de un formato que siempre tuvo un fuerte v\u00ednculo emocional con los usuarios. Hemos tomado lo que hac\u00eda especial a los tel\u00e9fonos tradicionales de barra y lo hemos llevado a un nivel de personalizaci\u00f3n, rendimiento y durabilidad que nunca antes se hab\u00eda visto\u201d, se\u00f1al\u00f3 Mar\u00eda Paz Pozas, Branding Smartphones en Samsung Chile.<\/p>\n<p>\u00a0<\/p>\n<p>Queremos que la gente sienta que tiene en la mano un dispositivo con car\u00e1cter, dise\u00f1ado para destacar y adaptarse a su estilo de vida\u201d, complement\u00f3.<\/p>\n<p>\u00a0<\/p>\n<p>Un nuevo \u00edcono cultural<\/p>\n<p>\u00a0<\/p>\n<p>M\u00e1s que un tel\u00e9fono, el Galaxy Z Flip7 ya se est\u00e1 convirtiendo en s\u00edmbolo de una nueva forma de entender la relaci\u00f3n con la tecnolog\u00eda: m\u00e1s libre, m\u00e1s est\u00e9tica, m\u00e1s funcional. Un objeto que combina performance con personalidad.\u00a0<\/p>\n<p>\u00a0<\/p>\n<p>Samsung no solo ha revivido el \u201cflip\u201d de los 2000. Lo ha convertido en un \u00edcono del presente.<\/p>\n","protected":false},"excerpt":{"rendered":"Compacto, personalizable y potenciado por tecnolog\u00eda de \u00faltima generaci\u00f3n, el Galaxy Z Flip7 rescata el encanto del formato&hellip;\n","protected":false},"author":2,"featured_media":125819,"comment_status":"","ping_status":"","sticky":false,"template":"","format":"standard","meta":{"footnotes":""},"categories":[81],"tags":[119,123,124,25,24,117,121,122,23,118,120],"class_list":{"0":"post-125818","1":"post","2":"type-post","3":"status-publish","4":"format-standard","5":"has-post-thumbnail","7":"category-ciencia-y-tecnologia","8":"tag-ciencia","9":"tag-ciencia-y-tecnologia","10":"tag-cienciaytecnologia","11":"tag-es","12":"tag-espana","13":"tag-science","14":"tag-science-and-technology","15":"tag-scienceandtechnology","16":"tag-spain","17":"tag-technology","18":"tag-tecnologia"},"share_on_mastodon":{"url":"","error":""},"_links":{"self":[{"href":"https:\/\/www.europesays.com\/es\/wp-json\/wp\/v2\/posts\/125818","targetHints":{"allow":["GET"]}}],"collection":[{"href":"https:\/\/www.europesays.com\/es\/wp-json\/wp\/v2\/posts"}],"about":[{"href":"https:\/\/www.europesays.com\/es\/wp-json\/wp\/v2\/types\/post"}],"author":[{"embeddable":true,"href":"https:\/\/www.europesays.com\/es\/wp-json\/wp\/v2\/users\/2"}],"replies":[{"embeddable":true,"href":"https:\/\/www.europesays.com\/es\/wp-json\/wp\/v2\/comments?post=125818"}],"version-history":[{"count":0,"href":"https:\/\/www.europesays.com\/es\/wp-json\/wp\/v2\/posts\/125818\/revisions"}],"wp:featuredmedia":[{"embeddable":true,"href":"https:\/\/www.europesays.com\/es\/wp-json\/wp\/v2\/media\/125819"}],"wp:attachment":[{"href":"https:\/\/www.europesays.com\/es\/wp-json\/wp\/v2\/media?parent=125818"}],"wp:term":[{"taxonomy":"category","embeddable":true,"href":"https:\/\/www.europesays.com\/es\/wp-json\/wp\/v2\/categories?post=125818"},{"taxonomy":"post_tag","embeddable":true,"href":"https:\/\/www.europesays.com\/es\/wp-json\/wp\/v2\/tags?post=125818"}],"curies":[{"name":"wp","href":"https:\/\/api.w.org\/{rel}","templated":true}]}}