{"id":125820,"date":"2025-09-19T18:47:03","date_gmt":"2025-09-19T18:47:03","guid":{"rendered":"https:\/\/www.europesays.com\/es\/125820\/"},"modified":"2025-09-19T18:47:03","modified_gmt":"2025-09-19T18:47:03","slug":"los-ministros-de-la-ue-dan-un-impulso-al-euro-digital-y-anaden-presion-sobre-la-eurocamara-economia","status":"publish","type":"post","link":"https:\/\/www.europesays.com\/es\/125820\/","title":{"rendered":"Los ministros de la UE dan un impulso al euro digital y a\u00f1aden presi\u00f3n sobre la Euroc\u00e1mara | Econom\u00eda"},"content":{"rendered":"<p class=\"\">Los ministros de Finanzas de la UE est\u00e1n ultimando por fin su posici\u00f3n sobre el euro digital. Este viernes en Copenhague, donde se ha reunido el Eurogrupo ampliado, han dado un paso clave para tenerla lista antes de acabar el a\u00f1o. <a href=\"https:\/\/elpais.com\/economia\/2025-05-13\/el-debate-sobre-el-euro-digital-agrieta-la-mayoria-proeuropea-en-la-eurocamara-pese-a-su-caracter-estrategico.html\" target=\"_self\" rel=\"nofollow noopener\" title=\"https:\/\/elpais.com\/economia\/2025-05-13\/el-debate-sobre-el-euro-digital-agrieta-la-mayoria-proeuropea-en-la-eurocamara-pese-a-su-caracter-estrategico.html\">Esto a\u00f1ade presi\u00f3n sobre un Parlamento Europeo<\/a> que anda con mucha m\u00e1s calma \u2014y dividido\u2014 sobre este nuevo sistema de pagos electr\u00f3nicos que desde la Comisi\u00f3n Europea y el Banco Central Europeo se ve como un elemento estrat\u00e9gico para la seguridad econ\u00f3mica del continente y no depender casi exclusivamente, como sucede ahora, de herramientas estadounidenses (Visa, MasterCard, Paypal, Apple Pay, Google Pay). <\/p>\n<p class=\"\">\u201cEl euro digital no es solo un medio de pago, sino tambi\u00e9n una declaraci\u00f3n pol\u00edtica sobre la soberan\u00eda de Europa y su capacidad para gestionar los pagos\u201d, ha defendido la presidenta del Banco Central Europeo, Christine Lagarde, al acabar la reuni\u00f3n. Para el BCE es importante que los colegisladores de la UE (Consejo y Parlamento) tengan ultimada, al menos, sus posiciones sobre las normales legales para avanzar en la siguiente fase del trabajo t\u00e9cnico y tecnol\u00f3gico. <\/p>\n<p class=\"\">El punto de encuentro alcanzado por el Eurogrupo es m\u00e1s pol\u00edtico que t\u00e9cnico, pero era necesario para encarar la recta final de unos trabajos <a href=\"https:\/\/elpais.com\/economia\/2023-06-28\/bruselas-avanza-en-el-diseno-del-euro-digital-para-que-sea-compatible-con-el-efectivo.html\" target=\"_self\" rel=\"nofollow noopener\" title=\"https:\/\/elpais.com\/economia\/2023-06-28\/bruselas-avanza-en-el-diseno-del-euro-digital-para-que-sea-compatible-con-el-efectivo.html\">que comenzaron hace ya m\u00e1s de dos a\u00f1os<\/a>. Este viernes los responsables financieros han tratado sobre c\u00f3mo fijar los l\u00edmites de las cuentas \u2014una suerte de monederos electr\u00f3nicos\u2014 en euros que los ciudadanos podr\u00edan abrir en el BCE. En principio, se tratar\u00eda de unos pocos miles de euros. No ser\u00eda mucho, para evitar riesgos financieros. Pero no se trataba de discutir la cantidad ahora, sino de c\u00f3mo se establecer\u00eda. <\/p>\n<p class=\"\">\u201cUn elemento importante del compromiso al que hemos llegado es que, antes de que el BCE tome una decisi\u00f3n definitiva, habr\u00e1 una oportunidad para que el Consejo de la UE sobre c\u00f3mo avanza el proyecto\u201d, ha se\u00f1alado el presidente del Eurogrupo, Pascal Donohoe. \u201cRespetamos la independencia de la Comisi\u00f3n Europea y del BCE, pero se trata de una decisi\u00f3n muy importante que los ministros deben poder defender y explicar. Y este paso adicional que introducimos [&#8230;] es clave\u201d, ha apuntado el tambi\u00e9n ministro de Finanzas irland\u00e9s. <\/p>\n<p class=\"\">Lo que viene a decir el reelegido presidente del Eurogrupo es que seguir\u00e1 siendo el regulador bancario quien fijar\u00e1 esa cantidad, como estaba previsto en los textos legales que present\u00f3 la Comisi\u00f3n. Pero Fr\u00e1ncfort tendr\u00e1 que escuchar a los Gobiernos antes de hacerlo. <\/p>\n<p class=\"\">\u201cNo hemos hablado de l\u00edmites. Hemos hablado de un mecanismo que implica un techo y un umbral, pero no de un umbral concreto y, en estos momentos, ser\u00eda prematuro hacerlo\u201d, ha ratificado Lagarde. <\/p>\n<p class=\"\">El ministro de Econom\u00eda espa\u00f1ol, Carlos Cuerpo, ha sido m\u00e1s concreto sobre el contenido y ha explicado, por ejemplo, que Eslovaquia ha planteado que el l\u00edmite pueda revisarse cada a\u00f1o a petici\u00f3n de los Estados miembros. \u201cNosotros propusimos que quiz\u00e1s cada dos a\u00f1os pod\u00eda ser un buen marco temporal para hacerlo y esta ha sido la propuesta finalmente aceptada\u201d, ha se\u00f1alado. <\/p>\n<p class=\"\">Pero si los ministros de Finanzas de la UE, es decir, el Ecofin y el Eurogrupo (solo los del \u00e1rea monetaria) se han tomado con calma este debate, que solo se ha acelerado con el retorno de Donald Trump a La Casa Blanca y la sacudida geopol\u00edtica que eso ha supuesto, el Parlamento Europeo todav\u00eda va con m\u00e1s retraso. De hecho, el ponente de este proyecto legislativo, el espa\u00f1ol Fernando Navarrete, anunci\u00f3 hace poco que su ponencia estar\u00e1 lista en octubre y no ser\u00e1 hasta, probablemente, mayo cuando llegue la posici\u00f3n definitiva de la Euroc\u00e1mara. Sin esto, los dos colegisladores de la UE (Consejo y Parlamento) no pueden sentarse a negociar la redacci\u00f3n definitiva de la norma. <\/p>\n<p class=\"\">Esta cadencia tan lenta est\u00e1 vinculada a las diferencias que hay sobre el euro digital en la Euroc\u00e1mara. El ponente Navarrete, el espa\u00f1ol del Partido Popular, mantiene la postura de que la UE deber\u00eda priorizar la iniciativa privada. Admite que hasta hace bien poco la banca no hab\u00eda avanzado mucho en este sentido, pero que en los \u00faltimos a\u00f1os s\u00ed lo ha hecho con herramientas digitales como Bizum, en Espa\u00f1a, o Wero, en Francia o B\u00e9lgica. El parlamentario, con pasado en el Banco de Espa\u00f1a, se apoya en estos avances para defender que el sector p\u00fablico deje margen a las entidades financiera o se corre el riesgo de desincentivar la innovaci\u00f3n. <\/p>\n<p class=\"\">Otro de los argumentos que emplea es esa cuenta o monedero electr\u00f3nico en el BCE puede convertirse en un foco de inestabilidad financiera en caso de crisis bancarias. Su contraparte en el grupo socialdem\u00f3crata, el griego Nikos Papandreu, rechaza este argumento: \u201cAnte dificultades financieras, <a href=\"https:\/\/cincodias.elpais.com\/mercados-financieros\/2024-02-12\/que-temen-los-bancos-del-euro-digital-como-el-sector-se-asoma-a-una-moneda-que-tiene-dos-caras.html\" rel=\"nofollow noopener\" title=\"https:\/\/cincodias.elpais.com\/mercados-financieros\/2024-02-12\/que-temen-los-bancos-del-euro-digital-como-el-sector-se-asoma-a-una-moneda-que-tiene-dos-caras.html\" target=\"_blank\">si todos quieren retirar su dinero y convertirlo en euros digitales<\/a>, estos acabar\u00edan en el balance del BCE, seguir\u00edan en el sistema. En cambio, sin euro digital, se env\u00edan a otro banco o se sacan y se ponen debajo del colch\u00f3n y no sabemos d\u00f3nde van\u201d, explicaba hace unos meses.<\/p>\n<p class=\"\">Fuentes conocedoras de lo hablado en la reuni\u00f3n de ministros, m\u00e1s all\u00e1 del punto sobre la metodolog\u00eda para fijar los l\u00edmites de las cuentas en el BCE, apuntan que ni un solo ministro se ha mostrado preocupado porque el euro digital pueda ser una amenaza para la estabilidad financiera.<\/p>\n","protected":false},"excerpt":{"rendered":"Los ministros de Finanzas de la UE est\u00e1n ultimando por fin su posici\u00f3n sobre el euro digital. Este&hellip;\n","protected":false},"author":2,"featured_media":125821,"comment_status":"","ping_status":"","sticky":false,"template":"","format":"standard","meta":{"footnotes":""},"categories":[80],"tags":[1842,82,95,94,25,24,2731,13804,40917,23,1617,11528],"class_list":{"0":"post-125820","1":"post","2":"type-post","3":"status-publish","4":"format-standard","5":"has-post-thumbnail","7":"category-economia","8":"tag-bce","9":"tag-business","10":"tag-economia","11":"tag-economy","12":"tag-es","13":"tag-espana","14":"tag-finanzas","15":"tag-geopolitica","16":"tag-pagos-online","17":"tag-spain","18":"tag-union-europea","19":"tag-zona-euro"},"share_on_mastodon":{"url":"","error":""},"_links":{"self":[{"href":"https:\/\/www.europesays.com\/es\/wp-json\/wp\/v2\/posts\/125820","targetHints":{"allow":["GET"]}}],"collection":[{"href":"https:\/\/www.europesays.com\/es\/wp-json\/wp\/v2\/posts"}],"about":[{"href":"https:\/\/www.europesays.com\/es\/wp-json\/wp\/v2\/types\/post"}],"author":[{"embeddable":true,"href":"https:\/\/www.europesays.com\/es\/wp-json\/wp\/v2\/users\/2"}],"replies":[{"embeddable":true,"href":"https:\/\/www.europesays.com\/es\/wp-json\/wp\/v2\/comments?post=125820"}],"version-history":[{"count":0,"href":"https:\/\/www.europesays.com\/es\/wp-json\/wp\/v2\/posts\/125820\/revisions"}],"wp:featuredmedia":[{"embeddable":true,"href":"https:\/\/www.europesays.com\/es\/wp-json\/wp\/v2\/media\/125821"}],"wp:attachment":[{"href":"https:\/\/www.europesays.com\/es\/wp-json\/wp\/v2\/media?parent=125820"}],"wp:term":[{"taxonomy":"category","embeddable":true,"href":"https:\/\/www.europesays.com\/es\/wp-json\/wp\/v2\/categories?post=125820"},{"taxonomy":"post_tag","embeddable":true,"href":"https:\/\/www.europesays.com\/es\/wp-json\/wp\/v2\/tags?post=125820"}],"curies":[{"name":"wp","href":"https:\/\/api.w.org\/{rel}","templated":true}]}}