{"id":125825,"date":"2025-09-19T18:50:25","date_gmt":"2025-09-19T18:50:25","guid":{"rendered":"https:\/\/www.europesays.com\/es\/125825\/"},"modified":"2025-09-19T18:50:25","modified_gmt":"2025-09-19T18:50:25","slug":"empresas-investigadores-e-instituciones-definiran-el-ecosistema-de-innovacion-industrial-de-malaga-en-la-minnd-conference","status":"publish","type":"post","link":"https:\/\/www.europesays.com\/es\/125825\/","title":{"rendered":"Empresas, investigadores e instituciones definir\u00e1n el ecosistema de innovaci\u00f3n industrial de M\u00e1laga en la MinnD Conference"},"content":{"rendered":"<p><strong>Se celebrar\u00e1 en la Facultad de Econ\u00f3micas de la UMA entre el 23 y el 24 de octubre<\/strong><\/p>\n<p>La Facultad de Econ\u00f3micas de la Universidad de M\u00e1laga albergar\u00e1 los d\u00edas 23 y 24 de octubre la <a href=\"https:\/\/minnd.uma.es\/es\/\" rel=\"nofollow noopener\" target=\"_blank\">\u2018MinnD Conference\u2019<\/a>, un encuentro sobre innovaci\u00f3n industrial cuyo objetivo es convertirse en el foro clave donde la comunidad investigadora, el sector empresarial y las instituciones se re\u00fanen para dar forma al ecosistema de innovaci\u00f3n industrial de la ciudad.<\/p>\n<p>El congreso ha sido presentado hoy en el Rectorado, en un acto presidido por el rector, Teodomiro L\u00f3pez Navarrete, al que han acompa\u00f1ado en la mesa el alcalde de M\u00e1laga, Francisco de la Torre y Ezequiel Navarro, presidente de<a href=\"https:\/\/innovairv.com\/\" rel=\"nofollow noopener\" target=\"_blank\"> INNOVA IRV<\/a>.\u00a0<\/p>\n<p>El objetivo de este encuentro pasa por analizar y definir estrategias que contribuyan de forma crucial al desarrollo de los ecosistemas tecnol\u00f3gicos y socioecon\u00f3micos europeos. En particular los de M\u00e1laga, como referente internacional en tecnolog\u00edas disruptivas e I+D+i de alta calidad, alineada con las pol\u00edticas nacionales e internacionales.<\/p>\n<p>As\u00ed lo han explicado los promotores del encuentro: Javier L\u00f3pez, delegado del rector para la Innovaci\u00f3n Tecnol\u00f3gica, y el profesor del Departamento de Finanzas y Contabilidad de la UMA Julio Di\u00e9guez. Ambos han destacado la importancia de esta cita, as\u00ed como la relevancia de la innovaci\u00f3n industrial y empresarial a la hora de determinar el desarrollo socio econ\u00f3mico de los territorios.<\/p>\n<p style=\"text-align: center;\"><img decoding=\"async\" alt=\"\" src=\"https:\/\/www.europesays.com\/es\/wp-content\/uploads\/2025\/09\/prescongintinnovacionind2m.jpg\" width=\"50%\"\/><br \/><strong>Organizadores del encuentro, junto a las autoridades<\/strong><\/p>\n<p>L\u00f3pez, que adem\u00e1s es el director de <a href=\"https:\/\/inntech.uma.es\/\" rel=\"nofollow noopener\" target=\"_blank\">UMA InnTech<\/a>, la oficina de innovaci\u00f3n y cooperaci\u00f3n tecnol\u00f3gica que la Universidad tiene en el Parque Tecnol\u00f3gico, ha se\u00f1alado que el objetivo es que se cree en la Universidad de M\u00e1laga una oficina de excelencia de innovaci\u00f3n industrial, para lo que ser\u00e1n muy \u00fatiles las l\u00edneas de reflexi\u00f3n que contengan las conclusiones de la MinnD Conference.<\/p>\n<p><strong>Sesiones<\/strong><br \/>Para ello se han dise\u00f1ado 12 sesiones con ponentes de alto nivel, que estar\u00e1n acompa\u00f1ados por dos destacados comentaristas del sector empresarial y de investigaci\u00f3n, que abordar\u00e1n los principales retos del sector.\u00a0<\/p>\n<p>Al concluir las sesiones, se redactar\u00e1 un Informe estrat\u00e9gico final, estructurado en las 12 l\u00edneas tem\u00e1ticas, que guiar\u00e1 la agenda a medio y largo plazo para la innovaci\u00f3n industrial en Europa, con aplicaci\u00f3n espec\u00edfica a M\u00e1laga y a M\u00e1laga Tech Park. Y todo ello, enfocado a dar a conocer a la sociedad que su bienestar depende del desarrollo de la innovaci\u00f3n.<\/p>\n<p>En esta l\u00ednea se ha manifestado el presidente de INNOVA IRV, Ezequiel Navarro, para quien \u201cser\u00eda deseable que las pol\u00edticas de innovaci\u00f3n no tuvieran ideolog\u00eda, sino que se basaran en ciencia y tecnolog\u00eda\u201d, puesto que sus destinatarios son los ciudadanos, a lo que el alcalde y el rector han animado a participar en este congreso y a establecer l\u00edneas claras de desarrollo.<\/p>\n<p><a href=\"https:\/\/minnd.uma.es\/es\/?page_id=656\" rel=\"nofollow noopener\" target=\"_blank\">Programa<\/a><\/p>\n","protected":false},"excerpt":{"rendered":"Se celebrar\u00e1 en la Facultad de Econ\u00f3micas de la UMA entre el 23 y el 24 de octubre&hellip;\n","protected":false},"author":2,"featured_media":125826,"comment_status":"","ping_status":"","sticky":false,"template":"","format":"standard","meta":{"footnotes":""},"categories":[5],"tags":[17,18,25,24,13,14,11,19,20,9,10,15,16,23,12,21,22,32496,35012],"class_list":{"0":"post-125825","1":"post","2":"type-post","3":"status-publish","4":"format-standard","5":"has-post-thumbnail","7":"category-titulares","8":"tag-breaking-news","9":"tag-breakingnews","10":"tag-es","11":"tag-espana","12":"tag-featured-news","13":"tag-featurednews","14":"tag-headlines","15":"tag-latest-news","16":"tag-latestnews","17":"tag-news","18":"tag-noticias","19":"tag-noticias-destacadas","20":"tag-noticiasdestacadas","21":"tag-spain","22":"tag-titulares","23":"tag-ultimas-noticias","24":"tag-ultimasnoticias","25":"tag-uma","26":"tag-universidad-de-malaga"},"share_on_mastodon":{"url":"","error":""},"_links":{"self":[{"href":"https:\/\/www.europesays.com\/es\/wp-json\/wp\/v2\/posts\/125825","targetHints":{"allow":["GET"]}}],"collection":[{"href":"https:\/\/www.europesays.com\/es\/wp-json\/wp\/v2\/posts"}],"about":[{"href":"https:\/\/www.europesays.com\/es\/wp-json\/wp\/v2\/types\/post"}],"author":[{"embeddable":true,"href":"https:\/\/www.europesays.com\/es\/wp-json\/wp\/v2\/users\/2"}],"replies":[{"embeddable":true,"href":"https:\/\/www.europesays.com\/es\/wp-json\/wp\/v2\/comments?post=125825"}],"version-history":[{"count":0,"href":"https:\/\/www.europesays.com\/es\/wp-json\/wp\/v2\/posts\/125825\/revisions"}],"wp:featuredmedia":[{"embeddable":true,"href":"https:\/\/www.europesays.com\/es\/wp-json\/wp\/v2\/media\/125826"}],"wp:attachment":[{"href":"https:\/\/www.europesays.com\/es\/wp-json\/wp\/v2\/media?parent=125825"}],"wp:term":[{"taxonomy":"category","embeddable":true,"href":"https:\/\/www.europesays.com\/es\/wp-json\/wp\/v2\/categories?post=125825"},{"taxonomy":"post_tag","embeddable":true,"href":"https:\/\/www.europesays.com\/es\/wp-json\/wp\/v2\/tags?post=125825"}],"curies":[{"name":"wp","href":"https:\/\/api.w.org\/{rel}","templated":true}]}}