{"id":125827,"date":"2025-09-19T18:51:33","date_gmt":"2025-09-19T18:51:33","guid":{"rendered":"https:\/\/www.europesays.com\/es\/125827\/"},"modified":"2025-09-19T18:51:33","modified_gmt":"2025-09-19T18:51:33","slug":"el-balonmano-nava-vuelve-a-casa","status":"publish","type":"post","link":"https:\/\/www.europesays.com\/es\/125827\/","title":{"rendered":"El Balonmano Nava vuelve a casa"},"content":{"rendered":"<p>La espera ha llegado a su fin, pues el Balonmano Nava regresa a casa. Este viernes, a partir de las 20:00 horas, el pabell\u00f3n Guerreros Naveros volver\u00e1 a latir al ritmo del balonmano con el estreno liguero ante su afici\u00f3n. Tras casi cuatro meses sin competici\u00f3n oficial en Nava de la Asunci\u00f3n, el equipo de \u00c1lvaro Senovilla se reencuentra con su gente en plena semana festiva, y lo hace con la ambici\u00f3n de transformar el ruido en puntos.<\/p>\n<p>La cita ante Frigor\u00edficos Morrazo (Cangas) corresponde al primer duelo de la segunda jornada de la competici\u00f3n dom\u00e9stica y llega marcada por la necesidad: ambos equipos cayeron en sus respectivos estrenos y buscan este viernes redenci\u00f3n. Los naveros lo hicieron en Aranda de Duero, en un derbi regional frente a Tubos Aranda que se les escap\u00f3 (29-25), mientras que los gallegos cedieron en casa ante Ademar (25-29).<\/p>\n<p>As\u00ed, el Viveros Herol Nava tratar\u00e1 de sumar sus dos primeros puntos del curso con \u201cun equipo en construcci\u00f3n y que tiene que seguir mejorando\u201d en boca del propio \u00c1lvaro Senovilla por medio de una plantilla renovada que necesita de tiempo y rodaje a partes iguales. Tiempo al tiempo. Respecto a las claves, una mayor efectividad en \u00e1rea contraria y reducir el n\u00famero de p\u00e9rdidas de bal\u00f3n se presenta como premisas innegociables para que el Balonmano Nava se acerque al triunfo.<\/p>\n<p>Enfrente, la coyuntura de Cangas no difiere demasiado a la segoviana puesto que llegar\u00e1 a tierras naveras un equipo que tambi\u00e9n ha vivido un mercado de fichajes agitado y que har\u00e1 acto de presencia con hasta ocho caras nuevas respecto al curso pasado, junto al cambio de t\u00e9cnico en los banquillos con la llegada de Quique Dom\u00ednguez.<\/p>\n<p>Con los resultados hist\u00f3ricos en Asobal en la mano, dicho apartado juega a favor de los naveros ya que, en cuatro partidos en casa ante Cangas, el balance es de tres victorias y un empate a favor del Viveros Herol con el \u00faltimo antecedente en la campa\u00f1a pasada en el que el equipo de \u00c1lvaro Senovilla se impuso por 30-26.<\/p>\n<p>De esta manera, el pabell\u00f3n Guerreros Naveros, ya engalanado, aguarda con ilusi\u00f3n el regreso del Balonmano Nava, con la esperanza de celebrar la primera victoria de la temporada y redondear la semana festiva en Nava de la Asunci\u00f3n.<\/p>\n<p>Fijado el dispositivo de seguridad<\/p>\n<p>La subdelegada del Gobierno en Segovia, Marian Rueda, presidi\u00f3 la pasada semana una reuni\u00f3n de coordinaci\u00f3n de seguridad con motivo del inicio de la nueva temporada del Viveros Herol Nava. El encuentro se celebr\u00f3 en el sal\u00f3n de plenos del Ayuntamiento de Nava de la Asunci\u00f3n, con la participaci\u00f3n del alcalde, Juan Jos\u00e9 Maroto, y representantes de la Guardia Civil, Protecci\u00f3n Civil, la Junta de Castilla y Le\u00f3n y el propio club.<\/p>\n<p>Durante la reuni\u00f3n se estableci\u00f3 el dispositivo de seguridad que se aplicar\u00e1 en los partidos del equipo navero, que se mantendr\u00e1 en l\u00edneas generales como en temporadas anteriores, dada su eficacia y la ausencia de incidentes relevantes. Se destac\u00f3 el comportamiento ejemplar de las aficiones, tanto local como visitante, como uno de los factores clave para el buen desarrollo de los encuentros.<\/p>\n<p>El plan incluye la activaci\u00f3n del Plan de Autoprotecci\u00f3n del pabell\u00f3n y la colaboraci\u00f3n de la Guardia Civil, que velar\u00e1 por la seguridad tanto en el interior como en el exterior del Guerreros Naveros. Tambi\u00e9n se tuvo en cuenta la variabilidad en los horarios de los partidos, que pueden celebrarse entre semana o en fin de semana, en funci\u00f3n de las retransmisiones televisivas.<\/p>\n","protected":false},"excerpt":{"rendered":"La espera ha llegado a su fin, pues el Balonmano Nava regresa a casa. Este viernes, a partir&hellip;\n","protected":false},"author":2,"featured_media":125828,"comment_status":"","ping_status":"","sticky":false,"template":"","format":"standard","meta":{"footnotes":""},"categories":[278],"tags":[376,168,25,24,375,23,167],"class_list":{"0":"post-125827","1":"post","2":"type-post","3":"status-publish","4":"format-standard","5":"has-post-thumbnail","7":"category-balonmano","8":"tag-balonmano","9":"tag-deportes","10":"tag-es","11":"tag-espana","12":"tag-handball","13":"tag-spain","14":"tag-sports"},"share_on_mastodon":{"url":"","error":""},"_links":{"self":[{"href":"https:\/\/www.europesays.com\/es\/wp-json\/wp\/v2\/posts\/125827","targetHints":{"allow":["GET"]}}],"collection":[{"href":"https:\/\/www.europesays.com\/es\/wp-json\/wp\/v2\/posts"}],"about":[{"href":"https:\/\/www.europesays.com\/es\/wp-json\/wp\/v2\/types\/post"}],"author":[{"embeddable":true,"href":"https:\/\/www.europesays.com\/es\/wp-json\/wp\/v2\/users\/2"}],"replies":[{"embeddable":true,"href":"https:\/\/www.europesays.com\/es\/wp-json\/wp\/v2\/comments?post=125827"}],"version-history":[{"count":0,"href":"https:\/\/www.europesays.com\/es\/wp-json\/wp\/v2\/posts\/125827\/revisions"}],"wp:featuredmedia":[{"embeddable":true,"href":"https:\/\/www.europesays.com\/es\/wp-json\/wp\/v2\/media\/125828"}],"wp:attachment":[{"href":"https:\/\/www.europesays.com\/es\/wp-json\/wp\/v2\/media?parent=125827"}],"wp:term":[{"taxonomy":"category","embeddable":true,"href":"https:\/\/www.europesays.com\/es\/wp-json\/wp\/v2\/categories?post=125827"},{"taxonomy":"post_tag","embeddable":true,"href":"https:\/\/www.europesays.com\/es\/wp-json\/wp\/v2\/tags?post=125827"}],"curies":[{"name":"wp","href":"https:\/\/api.w.org\/{rel}","templated":true}]}}