{"id":125831,"date":"2025-09-19T18:53:08","date_gmt":"2025-09-19T18:53:08","guid":{"rendered":"https:\/\/www.europesays.com\/es\/125831\/"},"modified":"2025-09-19T18:53:08","modified_gmt":"2025-09-19T18:53:08","slug":"el-asterisco-en-el-record-invicto-de-khabib-nurmagomedov","status":"publish","type":"post","link":"https:\/\/www.europesays.com\/es\/125831\/","title":{"rendered":"El \u00abasterisco\u00bb en el r\u00e9cord invicto de Khabib Nurmagomedov"},"content":{"rendered":"<p data-mrf-recirculation=\"Links P\u00e1rrafos\" class=\"ue-c-article__paragraph paragraph ue-c-article--first-letter-highlighted\">Khabib Nurmagomedov (29-0) es uno de los <strong>mejores peleadores<\/strong> de la historia de la UFC. &#8216;The Eagle&#8217; se<strong> retir\u00f3<\/strong> prematuramente en 2020 con un<strong> r\u00e9cord invicto,\u00a0<\/strong>tras someter a Justin Gaethje en su tercera defensa del cintur\u00f3n de peso ligero. El motivo, la <strong>muerte <\/strong>de su padre -y mentor- Abdulmanap. Le prometi\u00f3 a su madre que <strong>no volver\u00eda <\/strong>a subirse al oct\u00e1gono, y as\u00ed hizo. A pesar de su <strong>grandeza<\/strong>, hay una victoria en su r\u00e9cord que est\u00e1 en tela de juicio, y el \u00faltimo en hablar de ello ha sido <strong>Joe Rogan.<\/strong><\/p>\n<p data-mrf-recirculation=\"Links P\u00e1rrafos\" class=\"ue-c-article__paragraph paragraph\">El comentarista <strong>m\u00e1s famoso<\/strong> de la UFC ha opinado en su podcast &#8216;The Joe Rogan Experience&#8217; acerca del combate entre Khabib y <strong>Gleison Tibau.<\/strong> En dicha pelea, &#8216;The Eagle&#8217; venci\u00f3 por <strong>decisi\u00f3n un\u00e1nime<\/strong> tras un enfrentamiento muy <strong>igualado<\/strong>, en el que muchos daban ganador al brasile\u00f1o. Uno de ellos es el propio Rogan, que no ha tenido <strong>pelos en la lengua<\/strong> para confesar que si fuese por \u00e9l Nurmagomedov no habr\u00eda ganado ese combate.<\/p>\n<blockquote class=\"ue-c-article__blockquote\">\n<p>Tuvieron una pelea muy igualada que pens\u00e9 que Khabib hab\u00eda perdido<\/p>\n<p>Joe Rogan, comentarista de la UFC<\/p><\/blockquote>\n<p data-mrf-recirculation=\"Links P\u00e1rrafos\" class=\"ue-c-article__paragraph paragraph\">\u00abKhabib tiene un<strong> r\u00e9cord invicto<\/strong>, pero hay un asterisco. Tuvieron una pelea muy igualada que pens\u00e9 que Khabib hab\u00eda perdido, pero fue al principio de su carrera\u00bb, reconoci\u00f3. De hecho ese en concreto fue su <strong>segundo combate <\/strong>dentro de la compa\u00f1\u00eda. En sus inicios en la promotora, &#8216;The Eagle&#8217; tuvo <strong>dificultades<\/strong> para finalizar a sus rivales -cuatro decisiones en sus seis primeros combates-, lo que dio pie a alguna pelea <strong>dudosa <\/strong>como esta.<\/p>\n<p><img decoding=\"async\" width=\"1919\" height=\"1080\" class=\"ue-c-article__image lazyload\" alt=\"Khabib Nurmagomedov, sometiendo a Conor McGregor.\" loading=\"lazy\" src=\"https:\/\/www.europesays.com\/es\/wp-content\/uploads\/2025\/09\/VwGDy1dPZnSWHFqTC.jpeg\"\/><\/p>\n<p>Khabib Nurmagomedov, sometiendo a Conor McGregor.UFC\u00a0<\/p>\n<p>La retirada, en su mejor momento<\/p>\n<p data-mrf-recirculation=\"Links P\u00e1rrafos\" class=\"ue-c-article__paragraph paragraph\">Sin embargo, Khabib fue mejorando sus <strong>habilidades<\/strong> en el striking, lo que sumado a un <strong>grappling <\/strong>a la altura de unos pocos elegidos le convirtieron en el <strong>rey de la UFC.<\/strong> De sus \u00faltimos siete combates como profesional, cinco fueron <strong>finalizaciones<\/strong>, siendo uno de los campeones m\u00e1s <strong>dominantes<\/strong> de la historia de peso ligero. En 2018 venci\u00f3 a Al Iaquinta para convertirse en nuevo monarca de las 155 libras, y ah\u00ed fue cuando de veras su nombre empez\u00f3 a <strong>crecer.<\/strong><\/p>\n<p data-mrf-recirculation=\"Links P\u00e1rrafos\" class=\"ue-c-article__paragraph paragraph\">Su primera defensa de cintur\u00f3n fue ante<strong> Conor McGregor<\/strong>, en el que es hasta d\u00eda de hoy el combate<strong> m\u00e1s importante<\/strong> de la historia de la UFC, y el m\u00e1s medi\u00e1tico. &#8216;The Eagle&#8217; y &#8216;The Notorious&#8217; protagonizaron una de las mayores<strong> rivalidades<\/strong> que se recuerdan en la compa\u00f1\u00eda, y fue finalmente Khabib el que <strong>someti\u00f3<\/strong> al irland\u00e9s para elevar su fama hacia niveles desconocidos para \u00e9l. Se hab\u00eda convertido en una aut\u00e9ntica <strong>superestrella<\/strong>.<\/p>\n<p data-mrf-recirculation=\"Links P\u00e1rrafos\" class=\"ue-c-article__paragraph paragraph\">Sin embargo, tras defender el cintur\u00f3n en otras <strong>dos ocasiones <\/strong>lleg\u00f3 su retirada con apenas <strong>32 a\u00f1os<\/strong>. Muchos se preguntan c\u00f3mo ser\u00eda el legado de Khabib de haber alargado su carrera <strong>dos o tres <\/strong>a\u00f1os m\u00e1s. Jam\u00e1s se sabr\u00e1, porque \u00e9l era un tipo de <strong>valores<\/strong>, y prioriz\u00f3 a su familia a pesar de que eso le costara desaprovechar los <strong>mejores a\u00f1os<\/strong> de su carrera profesional. Desde entonces, &#8216;The Eagle&#8217; ejerce la labor de su<strong> padre,<\/strong> exportando <strong>campeones mundiales<\/strong> desde Daguest\u00e1n en diferentes disciplinas de los deportes de contacto.\u00a0<\/p>\n","protected":false},"excerpt":{"rendered":"Khabib Nurmagomedov (29-0) es uno de los mejores peleadores de la historia de la UFC. &#8216;The Eagle&#8217; se&hellip;\n","protected":false},"author":2,"featured_media":125832,"comment_status":"","ping_status":"","sticky":false,"template":"","format":"standard","meta":{"footnotes":""},"categories":[276],"tags":[168,25,24,23,167,343],"class_list":{"0":"post-125831","1":"post","2":"type-post","3":"status-publish","4":"format-standard","5":"has-post-thumbnail","7":"category-ufc","8":"tag-deportes","9":"tag-es","10":"tag-espana","11":"tag-spain","12":"tag-sports","13":"tag-ufc"},"share_on_mastodon":{"url":"","error":""},"_links":{"self":[{"href":"https:\/\/www.europesays.com\/es\/wp-json\/wp\/v2\/posts\/125831","targetHints":{"allow":["GET"]}}],"collection":[{"href":"https:\/\/www.europesays.com\/es\/wp-json\/wp\/v2\/posts"}],"about":[{"href":"https:\/\/www.europesays.com\/es\/wp-json\/wp\/v2\/types\/post"}],"author":[{"embeddable":true,"href":"https:\/\/www.europesays.com\/es\/wp-json\/wp\/v2\/users\/2"}],"replies":[{"embeddable":true,"href":"https:\/\/www.europesays.com\/es\/wp-json\/wp\/v2\/comments?post=125831"}],"version-history":[{"count":0,"href":"https:\/\/www.europesays.com\/es\/wp-json\/wp\/v2\/posts\/125831\/revisions"}],"wp:featuredmedia":[{"embeddable":true,"href":"https:\/\/www.europesays.com\/es\/wp-json\/wp\/v2\/media\/125832"}],"wp:attachment":[{"href":"https:\/\/www.europesays.com\/es\/wp-json\/wp\/v2\/media?parent=125831"}],"wp:term":[{"taxonomy":"category","embeddable":true,"href":"https:\/\/www.europesays.com\/es\/wp-json\/wp\/v2\/categories?post=125831"},{"taxonomy":"post_tag","embeddable":true,"href":"https:\/\/www.europesays.com\/es\/wp-json\/wp\/v2\/tags?post=125831"}],"curies":[{"name":"wp","href":"https:\/\/api.w.org\/{rel}","templated":true}]}}