{"id":125837,"date":"2025-09-19T18:57:07","date_gmt":"2025-09-19T18:57:07","guid":{"rendered":"https:\/\/www.europesays.com\/es\/125837\/"},"modified":"2025-09-19T18:57:07","modified_gmt":"2025-09-19T18:57:07","slug":"aston-martin-pone-medios-para-evitar-otra-mala-pedrada","status":"publish","type":"post","link":"https:\/\/www.europesays.com\/es\/125837\/","title":{"rendered":"Aston Martin pone medios para evitar otra mala pedrada"},"content":{"rendered":"<p class=\"\"><b>Aston Martin confirma que reforzar\u00e1 las suspensiones delanteras<\/b> para evitar <a href=\"https:\/\/as.com\/motor\/formula_1\/la-rocambolesca-causa-detras-de-la-rotura-de-suspension-de-alonso-n\/\" target=\"_self\" rel=\"nofollow noopener\" title=\"https:\/\/as.com\/motor\/formula_1\/la-rocambolesca-causa-detras-de-la-rotura-de-suspension-de-alonso-n\/\">aver\u00edas como la de Alonso en Monza, <\/a>aunque eso obligar\u00e1 a aumentar ligeramente el peso del AMR25, con la consiguiente p\u00e9rdida de prestaciones. Andy Stevenson, director deportivo de la escuder\u00eda de Silverstone, confirm\u00f3 en Bak\u00fa: \u201cReforzaremos esa \u00e1rea. Siempre construimos todo lo m\u00e1s robusto posible, pero tambi\u00e9n tratando de que sea ligero. Pero ahora a\u00f1adiremos algo de peso y pondremos m\u00e1s protecci\u00f3n\u201d.<\/p>\n<p class=\"\">\u201cEl componente que fall\u00f3 en la carrera lo hemos utilizado durante un par de temporadas as\u00ed que no es algo que nos preocupase. Pero como es l\u00f3gico, hay que reaccionar. No lleg\u00e1bamos a tiempo para Bak\u00fa, y adem\u00e1s la grava no preocupa en este circuito. Pero <b>espero que para Singapur tengamos una soluci\u00f3n en marcha, <\/b>b\u00e1sicamente protegeremos la zona y otros componentes m\u00e1s de lo que hac\u00edamos en el pasado\u201d, explic\u00f3 el t\u00e9cnico ingl\u00e9s, que aclara que se trata de una situaci\u00f3n completamente fortuita: \u201cFue muy desafortunado. En el momento era dif\u00edcil discernir de qu\u00e9 se tratada con exactitud. Hab\u00eda que hacer un an\u00e1lisis. Al principio la duda era si est\u00e1bamos atacando los pianos con mucha dureza o hab\u00eda sucedido algo m\u00e1s durante la carrera. En el an\u00e1lisis encontramos que en la primera vuelta, despu\u00e9s de la salida, <b>una piedra fue despedida hacia el coche de Fernando<\/b> de camino a la curva uno, y eso gener\u00f3 los da\u00f1os en la suspensi\u00f3n\u201d.<\/p>\n<p class=\"\">\u201cEn la c\u00e1mara \u2018on-board\u2019 vemos un trozo grande de piedra que sale despedido del coche de Lando hacia el de Fernando cuando parece que se va fuera y golpea directo con el \u2018push rod\u2019 delantero derecho. Tuvimos que ralentizar la imagen al m\u00e1ximo. <b>No se pod\u00eda haber hecho durante la carrera.<\/b> Una vez lo vimos, qued\u00f3 claro bastante r\u00e1pido qu\u00e9 hab\u00eda sucedido. No se pudo evitar de ninguna manera, en los datos no hab\u00eda nada que nos hiciera estar preocupados, pero afortunadamente tiene f\u00e1cil soluci\u00f3n\u201d, explica Stevenson.<\/p>\n<p>Alonso, 19\u00ba en los libres: \u201cNo es una sorpresa\u201dNoticias relacionadas<\/p>\n<p class=\"\">Por lo dem\u00e1s, el fin de semana de Aston Martin en Bak\u00fa no empieza en posiciones de puntos como s\u00ed sucedi\u00f3 en Monza. Alonso fue pen\u00faltimo en los entrenamientos y Stroll, 17\u00ba. Fernando explic\u00f3 tras los libres:<b> \u201cEstamos detr\u00e1s con los Alpine y hay que encontrar m\u00e1s prestaciones.<\/b> En este circuito se necesita eficiencia, suceder\u00e1 igual en Las Vegas porque hay curvas muy lentas y rectas muy largas. Necesitas un coche con buena carga aerodin\u00e1mica y baja resistencia al aire. No parece nuestro punto fuerte, no lo fue ni en Spa ni en Monza as\u00ed que no es una sorpresa aqu\u00ed\u201d.<\/p>\n<p class=\"\"><b>\u00a1Tus opiniones importan!<\/b> Comenta en los art\u00edculos y suscr\u00edbete gratis a nuestra <a href=\"https:\/\/asfan.as.com\/newsletters\/\" target=\"_blank\" rel=\"nofollow noopener\" title=\"https:\/\/asfan.as.com\/newsletters\/\">newsletter<\/a> y a las alertas informativas en la <a href=\"https:\/\/as.com\/aplicacion-de-as-n\/\" target=\"_blank\" rel=\"nofollow noopener\" title=\"https:\/\/as.com\/aplicacion-de-as-n\/\">App<\/a> o el canal de <a href=\"https:\/\/www.whatsapp.com\/channel\/0029VaAasdA7j6g745nz9M10\" target=\"_blank\" rel=\"nofollow noopener\" title=\"https:\/\/www.whatsapp.com\/channel\/0029VaAasdA7j6g745nz9M10\">WhatsApp<\/a>. \u00bfBuscas licenciar contenido? Haz clic <a href=\"https:\/\/profesional.elpais.com\/soluciones-sindicacion?utm_medium=interno&amp;utm_source=crosslinking&amp;utm_campaign=sindicacion_as_pie_articulos\" target=\"_blank\" rel=\"nofollow noopener\" title=\"https:\/\/profesional.elpais.com\/soluciones-sindicacion?utm_medium=interno&amp;utm_source=crosslinking&amp;utm_campaign=sindicacion_as_pie_articulos\">aqu\u00ed<\/a><\/p>\n","protected":false},"excerpt":{"rendered":"Aston Martin confirma que reforzar\u00e1 las suspensiones delanteras para evitar aver\u00edas como la de Alonso en Monza, aunque&hellip;\n","protected":false},"author":2,"featured_media":125838,"comment_status":"","ping_status":"","sticky":false,"template":"","format":"standard","meta":{"footnotes":""},"categories":[270],"tags":[168,25,24,306,271,272,23,167],"class_list":{"0":"post-125837","1":"post","2":"type-post","3":"status-publish","4":"format-standard","5":"has-post-thumbnail","7":"category-formula-1","8":"tag-deportes","9":"tag-es","10":"tag-espana","11":"tag-f1","12":"tag-formula-1","13":"tag-formula1","14":"tag-spain","15":"tag-sports"},"share_on_mastodon":{"url":"","error":""},"_links":{"self":[{"href":"https:\/\/www.europesays.com\/es\/wp-json\/wp\/v2\/posts\/125837","targetHints":{"allow":["GET"]}}],"collection":[{"href":"https:\/\/www.europesays.com\/es\/wp-json\/wp\/v2\/posts"}],"about":[{"href":"https:\/\/www.europesays.com\/es\/wp-json\/wp\/v2\/types\/post"}],"author":[{"embeddable":true,"href":"https:\/\/www.europesays.com\/es\/wp-json\/wp\/v2\/users\/2"}],"replies":[{"embeddable":true,"href":"https:\/\/www.europesays.com\/es\/wp-json\/wp\/v2\/comments?post=125837"}],"version-history":[{"count":0,"href":"https:\/\/www.europesays.com\/es\/wp-json\/wp\/v2\/posts\/125837\/revisions"}],"wp:featuredmedia":[{"embeddable":true,"href":"https:\/\/www.europesays.com\/es\/wp-json\/wp\/v2\/media\/125838"}],"wp:attachment":[{"href":"https:\/\/www.europesays.com\/es\/wp-json\/wp\/v2\/media?parent=125837"}],"wp:term":[{"taxonomy":"category","embeddable":true,"href":"https:\/\/www.europesays.com\/es\/wp-json\/wp\/v2\/categories?post=125837"},{"taxonomy":"post_tag","embeddable":true,"href":"https:\/\/www.europesays.com\/es\/wp-json\/wp\/v2\/tags?post=125837"}],"curies":[{"name":"wp","href":"https:\/\/api.w.org\/{rel}","templated":true}]}}