{"id":125839,"date":"2025-09-19T18:58:13","date_gmt":"2025-09-19T18:58:13","guid":{"rendered":"https:\/\/www.europesays.com\/es\/125839\/"},"modified":"2025-09-19T18:58:13","modified_gmt":"2025-09-19T18:58:13","slug":"barca-joventut-de-badalona-en-directo-hoy","status":"publish","type":"post","link":"https:\/\/www.europesays.com\/es\/125839\/","title":{"rendered":"Bar\u00e7a &#8211; Joventut de Badalona, en directo hoy"},"content":{"rendered":"<p><img loading=\"lazy\" decoding=\"async\" width=\"38\" height=\"38\" class=\"lazy float-right\" alt=\"\" src=\"https:\/\/www.europesays.com\/es\/wp-content\/uploads\/2025\/09\/60f28813e37c7.png\"\/> <\/p>\n<p>\u00abDefensivamente, hoy tenemos que estar mucho m\u00e1s f\u00edsicos. <strong>Tenemos que dar un paso m\u00e1s<\/strong>. Es el proceso en el que estamos siguiendo y donde ponemos el mayor foco. Hoy tenemos muchas ganas de dar este paso m\u00e1s\u00bb, detalla el t\u00e9cnico.<\/p>\n<p><img loading=\"lazy\" decoding=\"async\" width=\"38\" height=\"38\" class=\"lazy float-right\" alt=\"\" src=\"https:\/\/www.europesays.com\/es\/wp-content\/uploads\/2025\/09\/60f2a7a40aebc.png\"\/> <\/p>\n<p>El <strong>MoraBanc Andorra<\/strong> compiti\u00f3 ante el Bar\u00e7a, pero no venci\u00f3 al club azulgrana ni tampoco este jueves al Joventut de Badalona. Los de Joan Plaza, tras caer en ambos partidos, est\u00e1n sin opciones de clasificarse para la final de la Lliga Catalana.<\/p>\n<p><img loading=\"lazy\" decoding=\"async\" width=\"38\" height=\"38\" class=\"lazy float-right\" alt=\"\" src=\"https:\/\/www.europesays.com\/es\/wp-content\/uploads\/2025\/09\/60fab248070fd.png\"\/> <\/p>\n<p>Tras unas molestias f\u00edsicas, el argentino estar\u00e1 disponible para jugar ante el <strong>Joventut de Badalona<\/strong>.<\/p>\n<p><img loading=\"lazy\" decoding=\"async\" width=\"38\" height=\"38\" class=\"lazy float-right\" alt=\"\" src=\"https:\/\/www.europesays.com\/es\/wp-content\/uploads\/2025\/09\/1758137235_909_60f29d9015f9e.png\"\/> <\/p>\n<p>El pase a la final se decidi\u00f3 en la \u00faltima jugada tras un igualado partido liderado en gran parte por el B\u00e0squet Girona<\/p>\n<p><img loading=\"lazy\" decoding=\"async\" width=\"38\" height=\"38\" class=\"lazy float-right\" alt=\"\" src=\"https:\/\/www.europesays.com\/es\/wp-content\/uploads\/2025\/09\/60f2a24a87637.png\"\/> <\/p>\n<p>Pe\u00f1arroya ha incluido a <strong>Toko Shengelia<\/strong> en el roster. El georgiano, sin pr\u00e1cticamente sesiones con el grupo, podr\u00eda debutar con la azulgrana este viernes.<\/p>\n<p><img loading=\"lazy\" decoding=\"async\" width=\"38\" height=\"38\" class=\"lazy float-right\" alt=\"\" src=\"https:\/\/www.europesays.com\/es\/wp-content\/uploads\/2025\/09\/60f2a7a31f3e8.png\"\/> <\/p>\n<p><strong>Ricky Rubio<\/strong>, en el centro de las miradas. La leyenda del baloncesto espa\u00f1ol, en su temporada de regreso, vuelve a enfrentarse al <strong>Bar\u00e7a<\/strong>, \u00faltimo equipo en el que jug\u00f3.<\/p>\n<p><img loading=\"lazy\" decoding=\"async\" width=\"38\" height=\"38\" class=\"lazy float-right\" alt=\"\" src=\"https:\/\/www.europesays.com\/es\/wp-content\/uploads\/2025\/09\/1758137233_754_60f2a50e93cc5.png\"\/> <\/p>\n<p>Qu\u00e9 duelo tenemos hoy en el Palau d&#8217;Esports Catalunya. Bar\u00e7a y Joventut de Badalona se citan en una aparente semifinal, en busca del billete para la <strong>final de la Lliga Catalana<\/strong>.<\/p>\n<p><img loading=\"lazy\" decoding=\"async\" width=\"38\" height=\"38\" class=\"lazy float-right\" alt=\"\" src=\"https:\/\/www.europesays.com\/es\/wp-content\/uploads\/2025\/09\/1758137236_441_60f293b0b5787.png\"\/> <\/p>\n<p>\u00a1Bienvenidos a todos y a todas a la retransmisi\u00f3n en directo del <strong>Bar\u00e7a-Joventut de Badalona<\/strong> de la Lliga Catalana!<\/p>\n","protected":false},"excerpt":{"rendered":"\u00abDefensivamente, hoy tenemos que estar mucho m\u00e1s f\u00edsicos. Tenemos que dar un paso m\u00e1s. Es el proceso en&hellip;\n","protected":false},"author":2,"featured_media":125840,"comment_status":"","ping_status":"","sticky":false,"template":"","format":"standard","meta":{"footnotes":""},"categories":[269],"tags":[299,298,168,25,24,23,167],"class_list":{"0":"post-125839","1":"post","2":"type-post","3":"status-publish","4":"format-standard","5":"has-post-thumbnail","7":"category-baloncesto","8":"tag-baloncesto","9":"tag-basketball","10":"tag-deportes","11":"tag-es","12":"tag-espana","13":"tag-spain","14":"tag-sports"},"share_on_mastodon":{"url":"","error":""},"_links":{"self":[{"href":"https:\/\/www.europesays.com\/es\/wp-json\/wp\/v2\/posts\/125839","targetHints":{"allow":["GET"]}}],"collection":[{"href":"https:\/\/www.europesays.com\/es\/wp-json\/wp\/v2\/posts"}],"about":[{"href":"https:\/\/www.europesays.com\/es\/wp-json\/wp\/v2\/types\/post"}],"author":[{"embeddable":true,"href":"https:\/\/www.europesays.com\/es\/wp-json\/wp\/v2\/users\/2"}],"replies":[{"embeddable":true,"href":"https:\/\/www.europesays.com\/es\/wp-json\/wp\/v2\/comments?post=125839"}],"version-history":[{"count":0,"href":"https:\/\/www.europesays.com\/es\/wp-json\/wp\/v2\/posts\/125839\/revisions"}],"wp:featuredmedia":[{"embeddable":true,"href":"https:\/\/www.europesays.com\/es\/wp-json\/wp\/v2\/media\/125840"}],"wp:attachment":[{"href":"https:\/\/www.europesays.com\/es\/wp-json\/wp\/v2\/media?parent=125839"}],"wp:term":[{"taxonomy":"category","embeddable":true,"href":"https:\/\/www.europesays.com\/es\/wp-json\/wp\/v2\/categories?post=125839"},{"taxonomy":"post_tag","embeddable":true,"href":"https:\/\/www.europesays.com\/es\/wp-json\/wp\/v2\/tags?post=125839"}],"curies":[{"name":"wp","href":"https:\/\/api.w.org\/{rel}","templated":true}]}}