{"id":125843,"date":"2025-09-19T19:00:15","date_gmt":"2025-09-19T19:00:15","guid":{"rendered":"https:\/\/www.europesays.com\/es\/125843\/"},"modified":"2025-09-19T19:00:15","modified_gmt":"2025-09-19T19:00:15","slug":"la-reina-sofia-saca-su-lado-mas-colorido-con-una-blazer-floral-del-color-tendencia-durante-su-visita-a-estados-unidos","status":"publish","type":"post","link":"https:\/\/www.europesays.com\/es\/125843\/","title":{"rendered":"La reina Sof\u00eda saca su lado m\u00e1s colorido con una blazer floral del color tendencia durante su visita a Estados Unidos"},"content":{"rendered":"<p>Tras la reuni\u00f3n del Comit\u00e9 Ejecutivo del Patronato del Queen Sof\u00eda Spanish Institute (QSSI), <strong>la reina Sof\u00eda <\/strong>(86 a\u00f1os) ha sorprendido este viernes 19 de septiembre con una <strong>nueva aparici\u00f3n en la sede de Daughters of the American Revolution<\/strong> (DAR), una organizaci\u00f3n \u00abformada por mujeres voluntarias, sin fines de lucro y apol\u00edtica dedicada a promover el patriotismo, preservar la historia estadounidense y asegurar el futuro de Estados Unidos a trav\u00e9s de una mejor educaci\u00f3n para los ni\u00f1os\u00bb que est\u00e1 ubicada en\u00a0Washington D.C.\u00a0<\/p>\n<p><strong>Muy interesada en todo lo que han estado explicando sobre el centro<\/strong>, la madre de Felipe VI ha vuelto a demostrar que est\u00e1 en plena forma. Ha saludado a todos los presentes, se ha interesado por la espectacular biblioteca, por las bonitas estancias y sobre todo por la historia de esta fundaci\u00f3n que tiene una programaci\u00f3n que se estructura en torno a tres pilares: &#8216;el Grassroots Outreach Project&#8217;, los programas educativos y los proyectos clave de alto impacto.<\/p>\n<p><img loading=\"lazy\" decoding=\"async\"   src=\"https:\/\/www.europesays.com\/es\/wp-content\/uploads\/2025\/09\/reina-sofia_18825081_250919195639_1200x753.webp.webp\" alt=\"Reina Sof\u00eda \" class=\"lazyload\" width=\"1200\" height=\"753\" data-aspectratio=\"1200\/753\"\/><\/p>\n<p>La reina Sof\u00eda en la sede de Daughters of the American Revolution.\u00a0<\/p>\n<p>&#13;Casa Real<\/p>\n<p>Para esta ocasi\u00f3n, la reina em\u00e9rita lleva un original conjunto de blazer- pantal\u00f3n que combina con la sobriedad de un top de sat\u00e9n blanco y un pantal\u00f3n con ligera campana negro. <strong>Sin duda el protagonismo del look se lo lleva la americana<\/strong>, ricamente decorada con estampados y apliques florales en tonos azules, negros y blancos sobre un vivo color rosa. Completa el estilismo con unos salones negros de tac\u00f3n, collar de perlas de su espectacular joyero y el ic\u00f3nico bolso 2.55 acolchado negro de Chanel, que es sin duda uno de sus preferidos.\u00a0<\/p>\n<p><img decoding=\"async\" src=\"https:\/\/www.europesays.com\/es\/wp-content\/uploads\/2025\/09\/ana-maria-aldon-no-usar_420bfb70_250919123247_800x800.webp.webp\" alt=\"Ana Maria Aldon NO USAR\" class=\"image lazyload\"\/><img loading=\"lazy\" decoding=\"async\" src=\"https:\/\/www.europesays.com\/es\/wp-content\/uploads\/2025\/09\/ana-maria-aldon-no-usar_420bfb70_250919123257_1280x720.webp.webp\" alt=\"As\u00ed se sincer\u00f3 Ana Mar\u00eda Ald\u00f3n en la revista Lecturas: \u201cMe quise quitar de en medio por culpa de mi familia pol\u00edtico&quot;\" class=\"image lazyload\" width=\"1280\" height=\"720\" data-aspectratio=\"1280\/720\"\/><\/p>\n<p>Tal y como cuenta la web de la Casa Real, <a href=\"https:\/\/www.lecturas.com\/actualidad\/casas-reales\/reina-sofia-da-giro-su-conjunto-seda-favorito-uno-sus-iconicos-broches-su-periplo-por-estados-unidos_181479\" rel=\"nofollow noopener\" target=\"_blank\">durante la reuni\u00f3n do\u00f1a Sof\u00eda ha estado acompa\u00f1ada<\/a> por los miembros del Comit\u00e9 Ejecutivo del QSSI, formado por la directora ejecutiva, <strong>Bego\u00f1a Santos<\/strong>; la tesorera y presidenta del Comit\u00e9 de Gobierno<strong>, Joan Trant<\/strong>; la secretaria, <strong>Patrice Degnan<\/strong>; la patrona, <strong>Mar\u00eda Luisa C\u00e1novas<\/strong>; el presidente del Comit\u00e9 Cultural y de Programas del QSSI,<strong> Richard Kagan<\/strong>; la patrona <strong>Bego\u00f1a de Ros Ravent\u00f3s<\/strong>; y el doctor en Derecho y licenciado en Geograf\u00eda e Historia, Gonzalo Quintero.<\/p>\n<p><img loading=\"lazy\" decoding=\"async\"   src=\"https:\/\/www.europesays.com\/es\/wp-content\/uploads\/2025\/09\/reina-sofia_993556cb_250919203148_1200x807.webp.webp\" alt=\"Reina Sof\u00eda\" class=\"lazyload\" width=\"1200\" height=\"807\" data-aspectratio=\"1200\/807\"\/><\/p>\n<p>La reina Sof\u00eda, muy interesada en la colecci\u00f3n de libros de la organizaci\u00f3n.\u00a0<\/p>\n<p>&#13;Casa Real<\/p>\n<p>La conferencia, bajo el t\u00edtulo &#8216;Espa\u00f1a y el nacimiento de la democracia estadounidense&#8217;, se ha celebrado con motivo del 250.\u00ba aniversario de Estados Unidos y va a reunir a expertos internacionales, historiadores y catedr\u00e1ticos que presentaron investigaciones <strong>sobre distintos aspectos del papel desempe\u00f1ado por Espa\u00f1a en la Revoluci\u00f3n Americana.<\/strong><\/p>\n<p>M\u00e1s de 900 personas han confirmado su asistencia al evento en el que la reina Sof\u00eda tiene un papel fundamental.\u00a0Y es que el instituto que lleva su nombre, que \u00abes una entidad sin \u00e1nimo de lucro, que tiene, entre otros objetivos, <strong>el de promover en Estados Unidos el inter\u00e9s por la historia, el arte, la lengua, la literatura, la gastronom\u00eda y la cultura del mundo hispanohablante<\/strong>\u00ab, <a href=\"https:\/\/www.lecturas.com\/actualidad\/casas-reales\/reina-sofia-copia-formula-reina-letizia-recuperando-chaqueta-clasica-tweed-verde-que-tanto-le-gusta_171650\" rel=\"nofollow noopener\" target=\"_blank\">cre\u00f3 la Iniciativa America&amp;Spain250<\/a> que busca dar visibilidad al papel fundamental, pero a\u00fan muy desconocido, de Espa\u00f1a en la Guerra de Independencia de Estados Unidos y las diversas contribuciones de Espa\u00f1a a la historia y al desarrollo del pa\u00eds. De hecho, la madre del Rey de Espa\u00f1a\u00a0apoy\u00f3 la iniciativa mediante un convenio de colaboraci\u00f3n firmado con el QSSI en diciembre de 2024 y vigente hasta finales de 2026.<\/p>\n<p>\u00a0<\/p>\n","protected":false},"excerpt":{"rendered":"Tras la reuni\u00f3n del Comit\u00e9 Ejecutivo del Patronato del Queen Sof\u00eda Spanish Institute (QSSI), la reina Sof\u00eda (86&hellip;\n","protected":false},"author":2,"featured_media":125844,"comment_status":"","ping_status":"","sticky":false,"template":"","format":"standard","meta":{"footnotes":""},"categories":[174],"tags":[255,146,147,25,24,256,23],"class_list":{"0":"post-125843","1":"post","2":"type-post","3":"status-publish","4":"format-standard","5":"has-post-thumbnail","7":"category-famosos","8":"tag-celebrities","9":"tag-entertainment","10":"tag-entretenimiento","11":"tag-es","12":"tag-espana","13":"tag-famosos","14":"tag-spain"},"share_on_mastodon":{"url":"","error":""},"_links":{"self":[{"href":"https:\/\/www.europesays.com\/es\/wp-json\/wp\/v2\/posts\/125843","targetHints":{"allow":["GET"]}}],"collection":[{"href":"https:\/\/www.europesays.com\/es\/wp-json\/wp\/v2\/posts"}],"about":[{"href":"https:\/\/www.europesays.com\/es\/wp-json\/wp\/v2\/types\/post"}],"author":[{"embeddable":true,"href":"https:\/\/www.europesays.com\/es\/wp-json\/wp\/v2\/users\/2"}],"replies":[{"embeddable":true,"href":"https:\/\/www.europesays.com\/es\/wp-json\/wp\/v2\/comments?post=125843"}],"version-history":[{"count":0,"href":"https:\/\/www.europesays.com\/es\/wp-json\/wp\/v2\/posts\/125843\/revisions"}],"wp:featuredmedia":[{"embeddable":true,"href":"https:\/\/www.europesays.com\/es\/wp-json\/wp\/v2\/media\/125844"}],"wp:attachment":[{"href":"https:\/\/www.europesays.com\/es\/wp-json\/wp\/v2\/media?parent=125843"}],"wp:term":[{"taxonomy":"category","embeddable":true,"href":"https:\/\/www.europesays.com\/es\/wp-json\/wp\/v2\/categories?post=125843"},{"taxonomy":"post_tag","embeddable":true,"href":"https:\/\/www.europesays.com\/es\/wp-json\/wp\/v2\/tags?post=125843"}],"curies":[{"name":"wp","href":"https:\/\/api.w.org\/{rel}","templated":true}]}}