{"id":125849,"date":"2025-09-19T19:03:11","date_gmt":"2025-09-19T19:03:11","guid":{"rendered":"https:\/\/www.europesays.com\/es\/125849\/"},"modified":"2025-09-19T19:03:11","modified_gmt":"2025-09-19T19:03:11","slug":"pedro-j-ramirez-vuelve-a-los-platos-de-television-de-la-mano-de-el-hormiguero","status":"publish","type":"post","link":"https:\/\/www.europesays.com\/es\/125849\/","title":{"rendered":"Pedro J. Ram\u00edrez vuelve a los plat\u00f3s de televisi\u00f3n de la mano de &#8216;El Hormiguero&#8217;"},"content":{"rendered":"<p>L\u00edder absoluto otra vez en esta vig\u00e9sima temporada. &#8216;El Hormiguero&#8217; est\u00e1 intratable este curso televisivo 2025\/26 y anoche con <a title=\"la entrevista a Luz Casal consigui\u00f3 un 15.7% de share y una media de 1.804.000 espectadores\" href=\"https:\/\/www.larazon.es\/television\/programas\/luz-casal-desvela-hormiguero-cual-fue-concierto-otro-artista-que-mas-disfruto-volo-cabeza_2025091868cc74f9a2dd1a7e0d0a0b19.html\" target=\"_blank\" rel=\"nofollow noopener\">la entrevista a Luz Casal consigui\u00f3 un 15.7% de share y una media de 1.804.000 espectadores<\/a>, en otra noche marcada por la <a title=\"UEFA Champions League\" href=\"https:\/\/www.larazon.es\/deportes\/futbol\/newcastle-barcelona-directo-hoy-jornada-1-fase-liga-champions-league_2025091868ca7d890b5fe14a1b7eb70b.html\" target=\"_blank\" rel=\"nofollow noopener\">UEFA Champions League<\/a>. El <a title=\"programa del access prime time de Antena 3 comandado por Pablo Motos\" href=\"https:\/\/www.larazon.es\/television\/programas\/pablo-motos-vuelve-pasar-raya-hablando-ego-aconseja-domesticar-falso_2025091768cb2d130b5fe14a1b812e58.html\" target=\"_blank\" rel=\"nofollow noopener\">programa del access prime time de Antena 3 comandado por Pablo Motos<\/a> recibir\u00e1 la semana que viene a <b>grandes personalidades del s\u00e9ptimo arte de nuestro pa\u00eds y a uno de los periodistas de referencia en Espa\u00f1a durante los \u00faltimos 50 a\u00f1os.<\/b><\/p>\n<p>El lunes ser\u00e1 turno de la top model espa\u00f1ola<b> Esther Carreras<\/b> que presenta <a title=\"nuevo desfile en Madrid por la Mercedes-Benz Fashion Week\" href=\"https:\/\/www.larazon.es\/tags\/mercedes-benz-fashion-week-madrid\/\" target=\"_blank\" rel=\"nofollow noopener\">nuevo desfile en Madrid por la Mercedes-Benz Fashion Week<\/a>. Al d\u00eda siguiente, Pablo Motos entrevistar\u00e1 a todo un t\u00f3tem del periodismo nacional, <a title=\"Pedro J. Ram\u00edrez\" href=\"https:\/\/www.larazon.es\/tags\/pedro-j--ramirez\/\" target=\"_blank\" rel=\"nofollow noopener\">Pedro J. Ram\u00edrez<\/a>, que presentar\u00e1 en el programa de las hormigas m\u00e1s c\u00e9lebres de nuestra televisi\u00f3n <b>sus memorias &#8216;Por decir la verdad&#8217;, que llegar\u00e1 a las librer\u00edas el mi\u00e9rcoles 24 de septiembre<\/b>.<\/p>\n<p>El mi\u00e9rcoles ser\u00e1 turno de <b>Alejandro Am\u00e9nabar y Julio Pe\u00f1a, director y protagonista de &#8216;El Cautivo&#8217;<\/b>, el largometraje que retrata a un joven <a title=\"Miguel de Cervantes durante su cautiverio en Argel, que ha suscitado una sonora pol\u00e9mica por la supuesta homosexualidad del c\u00e9lebre escritor\" href=\"https:\/\/www.larazon.es\/cultura\/pero-entonces-cervantes-era-heterosexual_2025091468c59870d8e2796664548d84.html\" target=\"_blank\" rel=\"nofollow noopener\">Miguel de Cervantes durante su cautiverio en Argel, que ha suscitado una sonora pol\u00e9mica por la supuesta homosexualidad del c\u00e9lebre escritor<\/a> que ser\u00e1 tratada en el programa. Por \u00faltimo, el jueves despedir\u00e1 la semana uno de los galanes de nuestro cine, \u00c1lex Gonz\u00e1lez, que presenta nueva pel\u00edcula: <b>&#8216;La sospecha de Sof\u00eda&#8217; de Imanol Uribe<\/b>.<\/p>\n","protected":false},"excerpt":{"rendered":"L\u00edder absoluto otra vez en esta vig\u00e9sima temporada. &#8216;El Hormiguero&#8217; est\u00e1 intratable este curso televisivo 2025\/26 y anoche&hellip;\n","protected":false},"author":2,"featured_media":125850,"comment_status":"","ping_status":"","sticky":false,"template":"","format":"standard","meta":{"footnotes":""},"categories":[171],"tags":[146,147,25,24,23,214],"class_list":{"0":"post-125849","1":"post","2":"type-post","3":"status-publish","4":"format-standard","5":"has-post-thumbnail","7":"category-tv","8":"tag-entertainment","9":"tag-entretenimiento","10":"tag-es","11":"tag-espana","12":"tag-spain","13":"tag-tv"},"share_on_mastodon":{"url":"","error":""},"_links":{"self":[{"href":"https:\/\/www.europesays.com\/es\/wp-json\/wp\/v2\/posts\/125849","targetHints":{"allow":["GET"]}}],"collection":[{"href":"https:\/\/www.europesays.com\/es\/wp-json\/wp\/v2\/posts"}],"about":[{"href":"https:\/\/www.europesays.com\/es\/wp-json\/wp\/v2\/types\/post"}],"author":[{"embeddable":true,"href":"https:\/\/www.europesays.com\/es\/wp-json\/wp\/v2\/users\/2"}],"replies":[{"embeddable":true,"href":"https:\/\/www.europesays.com\/es\/wp-json\/wp\/v2\/comments?post=125849"}],"version-history":[{"count":0,"href":"https:\/\/www.europesays.com\/es\/wp-json\/wp\/v2\/posts\/125849\/revisions"}],"wp:featuredmedia":[{"embeddable":true,"href":"https:\/\/www.europesays.com\/es\/wp-json\/wp\/v2\/media\/125850"}],"wp:attachment":[{"href":"https:\/\/www.europesays.com\/es\/wp-json\/wp\/v2\/media?parent=125849"}],"wp:term":[{"taxonomy":"category","embeddable":true,"href":"https:\/\/www.europesays.com\/es\/wp-json\/wp\/v2\/categories?post=125849"},{"taxonomy":"post_tag","embeddable":true,"href":"https:\/\/www.europesays.com\/es\/wp-json\/wp\/v2\/tags?post=125849"}],"curies":[{"name":"wp","href":"https:\/\/api.w.org\/{rel}","templated":true}]}}