{"id":125856,"date":"2025-09-19T19:07:14","date_gmt":"2025-09-19T19:07:14","guid":{"rendered":"https:\/\/www.europesays.com\/es\/125856\/"},"modified":"2025-09-19T19:07:14","modified_gmt":"2025-09-19T19:07:14","slug":"orfoglipron-esta-es-la-pastilla-que-se-presenta-como-alternativa-al-ozempic","status":"publish","type":"post","link":"https:\/\/www.europesays.com\/es\/125856\/","title":{"rendered":"Orfoglipron: esta es la pastilla que se presenta como alternativa al Ozempic"},"content":{"rendered":"<p class=\"\">El<b> orforglipron<\/b>, un an\u00e1logo del <b>GLP-1 en formato oral<\/b>, ha demostrado <b>eficacia <\/b>en un ensayo cl\u00ednico de <b>fase III<\/b>, lo que lo sit\u00faa como<b> alternativa a la semaglutida (Rybelsus)<\/b>. A diferencia de este \u00faltimo, se administra <b>en pastilla<\/b>, sin necesidad de ayuno ni restricciones diet\u00e9ticas. Los resultados, con participaci\u00f3n del<b> Hospital Vall d\u2019Hebron de Barcelona<\/b>, se publicaron en The New England Journal of Medicine y se presentaron en el <b>Congreso Anual de la Asociaci\u00f3n Europea para el Estudio de la Diabetes<\/b>.<\/p>\n<p class=\"\">El estudio, coordinado por<b> Sean Wharton y con Andreea Ciudin<\/b> como \u00fanica autora europea, sigui\u00f3 a<b> 3.100 adultos con obesidad durante 72 semanas<\/b>. Los participantes recibieron <b>distintas dosis <\/b>del f\u00e1rmaco o placebo, siempre acompa\u00f1ados de<b> pautas de dieta y ejercicio<\/b>.<\/p>\n<p>Mejoras en colesterol, triglic\u00e9ridos&#8230;<\/p>\n<p class=\"\">Con la dosis <b>m\u00e1s alta<\/b>, los pacientes lograron <b>una p\u00e9rdida media del 11,2% de su peso corporal<\/b>. <b>M\u00e1s de la mitad<\/b> redujo al menos <b>un 10% y un 18% super\u00f3 el 20%<\/b>. Tambi\u00e9n se observaron mejoras en<b> presi\u00f3n arterial, colesterol y triglic\u00e9ridos<\/b>.<\/p>\n<p class=\"\">\u201cLos efectos adversos m\u00e1s frecuentes <b>fueron digestivos<\/b>, generalmente <b>leves o moderados<\/b> y autolimitados\u201d, explican los investigadores. Subrayan adem\u00e1s que otros tratamientos actuales presentan <b>limitaciones<\/b>, como la<b> administraci\u00f3n inyectable o las condiciones estrictas <\/b>de la versi\u00f3n oral de la <b>semaglutida<\/b>.<\/p>\n<p>Noticias relacionadas<a href=\"https:\/\/as.com\/us\/actualidad\/ice-emite-orden-de-deportacion-contra-un-hombre-que-fallecio-hace-3-anos-n\/\" class=\"s_m_w\" title=\"La ineficiencia del ICE qued\u00f3 al descubierto luego de que la agencia enviara una orden de deportaci\u00f3n a un hombre que falleci\u00f3 en 2022.\" data-tb-link=\"\" rel=\"nofollow noopener\" target=\"_blank\"><img decoding=\"async\" src=\"https:\/\/www.europesays.com\/es\/wp-content\/uploads\/2025\/09\/EYVL6RUKYZLOZPWMRYVY2JPUZ4.jpg\" alt=\"ICE emite orden de deportaci\u00f3n contra un hombre que falleci\u00f3 hace 3 a\u00f1os\" class=\"\" height=\"1\" width=\"1\"   loading=\"lazy\" data-tb-thumbnail=\"\"\/><\/a><a href=\"https:\/\/as.com\/actualidad\/sociedad\/una-empresa-se-lanza-a-probar-la-semana-laboral-de-cuatro-dias-acabaron-despidiendo-a-un-empleado-por-tener-dos-trabajos-n-2\/\" class=\"s_m_w\" title=\"El empleado, que ya hab\u00eda tenido varias reuniones por bajo rendimiento, estaba realizando tareas con aplicaciones que no le correspond\u00edan, seg\u00fan la monitorizaci\u00f3n de su ordenador.\" data-tb-link=\"\" rel=\"nofollow noopener\" target=\"_blank\"><img decoding=\"async\" src=\"https:\/\/www.europesays.com\/es\/wp-content\/uploads\/2025\/09\/XSZCOWFQJZFU3BRWJPFGA5JQTM.jpg\" alt=\"Una empresa se lanza a probar la semana laboral de cuatro d\u00edas: acabaron despidiendo a un empleado por tener dos trabajos\" class=\"\" height=\"1\" width=\"1\"   loading=\"lazy\" data-tb-thumbnail=\"\"\/><\/a><\/p>\n<p class=\"\">\u201cLa posibilidad de disponer de un <b>f\u00e1rmaco oral<\/b> sin las limitaciones de otros tratamientos representa <b>un avance importante<\/b>\u201d, destaca Ciudin. El <b>orforglipron <\/b>iniciar\u00e1 en los pr\u00f3ximos meses los procesos regulatorios para su aprobaci\u00f3n, lo que podr\u00eda abrir u<b>na nueva etapa<\/b> en el abordaje de la <b>obesidad<\/b>.<\/p>\n<p class=\"\"><b>\u00a1Tus opiniones importan!<\/b> Comenta en los art\u00edculos y suscr\u00edbete gratis a nuestra <a href=\"https:\/\/asfan.as.com\/newsletters\/\" target=\"_blank\" rel=\"nofollow noopener\" title=\"https:\/\/asfan.as.com\/newsletters\/\">newsletter<\/a> y a las alertas informativas en la <a href=\"https:\/\/as.com\/aplicacion-de-as-n\/\" target=\"_blank\" rel=\"nofollow noopener\" title=\"https:\/\/as.com\/aplicacion-de-as-n\/\">App<\/a> o el canal de <a href=\"https:\/\/www.whatsapp.com\/channel\/0029VaAasdA7j6g745nz9M10\" target=\"_blank\" rel=\"nofollow noopener\" title=\"https:\/\/www.whatsapp.com\/channel\/0029VaAasdA7j6g745nz9M10\">WhatsApp<\/a>. \u00bfBuscas licenciar contenido? Haz clic <a href=\"https:\/\/profesional.elpais.com\/soluciones-sindicacion?utm_medium=interno&amp;utm_source=crosslinking&amp;utm_campaign=sindicacion_as_pie_articulos\" target=\"_blank\" rel=\"nofollow noopener\" title=\"https:\/\/profesional.elpais.com\/soluciones-sindicacion?utm_medium=interno&amp;utm_source=crosslinking&amp;utm_campaign=sindicacion_as_pie_articulos\">aqu\u00ed<\/a><\/p>\n","protected":false},"excerpt":{"rendered":"El orforglipron, un an\u00e1logo del GLP-1 en formato oral, ha demostrado eficacia en un ensayo cl\u00ednico de fase&hellip;\n","protected":false},"author":2,"featured_media":125857,"comment_status":"","ping_status":"","sticky":false,"template":"","format":"standard","meta":{"footnotes":""},"categories":[92],"tags":[25,24,165,166,23],"class_list":{"0":"post-125856","1":"post","2":"type-post","3":"status-publish","4":"format-standard","5":"has-post-thumbnail","7":"category-salud","8":"tag-es","9":"tag-espana","10":"tag-health","11":"tag-salud","12":"tag-spain"},"share_on_mastodon":{"url":"","error":""},"_links":{"self":[{"href":"https:\/\/www.europesays.com\/es\/wp-json\/wp\/v2\/posts\/125856","targetHints":{"allow":["GET"]}}],"collection":[{"href":"https:\/\/www.europesays.com\/es\/wp-json\/wp\/v2\/posts"}],"about":[{"href":"https:\/\/www.europesays.com\/es\/wp-json\/wp\/v2\/types\/post"}],"author":[{"embeddable":true,"href":"https:\/\/www.europesays.com\/es\/wp-json\/wp\/v2\/users\/2"}],"replies":[{"embeddable":true,"href":"https:\/\/www.europesays.com\/es\/wp-json\/wp\/v2\/comments?post=125856"}],"version-history":[{"count":0,"href":"https:\/\/www.europesays.com\/es\/wp-json\/wp\/v2\/posts\/125856\/revisions"}],"wp:featuredmedia":[{"embeddable":true,"href":"https:\/\/www.europesays.com\/es\/wp-json\/wp\/v2\/media\/125857"}],"wp:attachment":[{"href":"https:\/\/www.europesays.com\/es\/wp-json\/wp\/v2\/media?parent=125856"}],"wp:term":[{"taxonomy":"category","embeddable":true,"href":"https:\/\/www.europesays.com\/es\/wp-json\/wp\/v2\/categories?post=125856"},{"taxonomy":"post_tag","embeddable":true,"href":"https:\/\/www.europesays.com\/es\/wp-json\/wp\/v2\/tags?post=125856"}],"curies":[{"name":"wp","href":"https:\/\/api.w.org\/{rel}","templated":true}]}}