{"id":125858,"date":"2025-09-19T19:08:09","date_gmt":"2025-09-19T19:08:09","guid":{"rendered":"https:\/\/www.europesays.com\/es\/125858\/"},"modified":"2025-09-19T19:08:09","modified_gmt":"2025-09-19T19:08:09","slug":"cuando-se-va-a-pagar-al-equipo-por-este-trabajo","status":"publish","type":"post","link":"https:\/\/www.europesays.com\/es\/125858\/","title":{"rendered":"\u00ab\u00bfCuando se va a pagar al equipo por este trabajo?\u00bb"},"content":{"rendered":"<p><img decoding=\"async\" class=\"voc-author__img\" src=\"https:\/\/www.europesays.com\/es\/wp-content\/uploads\/2025\/09\/autor-7150-foto-1.jpeg\" alt=\"Marina Ortiz Cort\u00e9s\"\/><\/p>\n<p>18\/09\/2025<br \/>\n<br \/><strong><br \/>\nActualizado 19\/09\/2025 a las 17:13h.<br \/>\n<\/strong><\/p>\n<p class=\"voc-p\" style=\"\"><a href=\"https:\/\/www.abc.es\/cultura\/huracan-nathy-peluso-cierra-grande-sonar-abierto-20250615010624-nt.html\" target=\"_self\" data-voc-vtm-id=\"in-text-traffic\" title=\"Nathy Peluso\" data-mrf-link=\"www.abc.es\" rel=\"nofollow noopener\">Nathy Peluso<\/a> y <strong>Mon Laferte<\/strong> han anunciado esta semana una colaboraci\u00f3n que ha vuelto locos a sus fans. Se llama &#8216;<strong>Tirana<\/strong>&#8216; y el videoclip se rod\u00f3 el pasado 25 de junio en el <strong>Berl\u00edn Cabaret<\/strong> de Madrid, con la est\u00e9tica &#8216;showgirl&#8217; que ahora tanto se lleva y con la colaboraci\u00f3n de una serie de artistas tambi\u00e9n afincados en la capital espa\u00f1ola. Bailarines, transformistas y otros &#8216;performers&#8217; que, si bien se mostraron encantados e ilusionados de formar parte de este v\u00eddeo, se han pasado tres meses luchando por recibir los pagos acordados. <\/p>\n<p class=\"voc-p\" style=\"\">Esta \u00faltima semana antes del estreno del tema ha sido una aut\u00e9ntica monta\u00f1a rusa de emociones para las cantantes, los artistas, los t\u00e9cnicos y, finalmente, los fans. As\u00ed se lo cuentan a este peri\u00f3dico los trabajadores que hasta este mismo mi\u00e9rcoles no hab\u00edan recibido ning\u00fan pago. En la publicaci\u00f3n en la que se comparti\u00f3 el &#8216;teaser&#8217; del v\u00eddeo el pasado lunes algunas de las artistas dejaban claro su descontento: \u00ab\u00bfCuando se va a pagar al equipo art\u00edstico por este trabajo? <strong>Seguimos esperando desde junio<\/strong>\u00bb, aseguraba el martes la drag queen Meryl Stripper. \u00abUna pena que el equipo t\u00e9cnico y art\u00edstico todav\u00eda no hayan cobrado por este proyecto\u00bb, dec\u00eda la artista de burlesque Miss Loot.<\/p>\n<p class=\"voc-p\" style=\"\">\u00abSoy muy fan de la m\u00fasica de <a href=\"https:\/\/www.abc.es\/cultura\/musica\/mon-laferte-presenta-espana-autopoietica-autosanado-millon-20240726141931-nt.html\" target=\"_self\" data-voc-vtm-id=\"in-text-traffic\" title=\"Mon Laferte\" data-mrf-link=\"www.abc.es\" rel=\"nofollow noopener\">Mon Laferte<\/a>\u00bb, asegura esta \u00faltima en conversaci\u00f3n con ABC, por lo que la ilusi\u00f3n al conocer que formar\u00eda parte del equipo fue enorme. Sin embargo,<strong> la decepci\u00f3n no tard\u00f3 en llegar<\/strong>: \u00abFue un d\u00eda de grabaci\u00f3n largu\u00edsimo, con muchas horas extra\u00bb, explica que les aseguraron que les pagar\u00edan a mes vencido. Es decir, en julio. A mediados de septiembre a\u00fan no ten\u00edan noticias ni hab\u00edan visto un euro. Miss Loot incluso se\u00f1ala que durante el rodaje alguien del equipo us\u00f3 sin consentimiento sus abanicos de plumas, parte de su vestuario y valorados en 480 euros, y los dej\u00f3 en el suelo, por lo que alguien los pis\u00f3 y rompi\u00f3 una de las varillas.<\/p>\n<p class=\"voc-p\" style=\"\">Semana tras semana les han ido diciendo que ser\u00eda la pr\u00f3xima, sin que hubiera \u00abninguna\u00bb explicaci\u00f3n sobre por qu\u00e9 se estaba retrasando el pago. \u00abLo que no entiendo es por qu\u00e9 les han entregado los brutos sin haber cobrado\u00bb, comenta con ABC Pablo Sevilla, el actor detr\u00e1s del personaje de Meryl Stripper, haciendo referencia al material grabado pero sin editar para que el videoclip pueda salir sin que los trabajadores hubieran cobrado. El equipo art\u00edstico y t\u00e9cnico estaba estudiando la situaci\u00f3n para iniciar acciones legales, pero con cierta desidia: \u00abLos procesos son largos y tienes que demostrar un mont\u00f3n de cosas y yo creo que ese dinero no lo vamos a ver en mucho tiempo, al final <strong>no es tanto dinero<\/strong> pero, claro, somos mucha gente trabajando\u00bb, se quejaba el int\u00e9rprete. <\/p>\n<p class=\"voc-p\" style=\"\"> Desde la productora, Salon Indien Films, se pasaron los meses intentando conseguir el pago, con correos electr\u00f3nicos de ida y vuelta que parec\u00edan ir a ning\u00fan sitio. \u00abMe da pena que no cuiden de su equipo, en un proyecto todos los puestos son importantes para que se pueda llevar a cabo\u00bb, reitera la artista de burlesque. <\/p>\n<p>\nNathy Peluso y Mon Laferte se pronuncian\n<\/p>\n<p class=\"voc-p\" style=\"\">Ante la falta de informaci\u00f3n y, sobre todo, la ausencia de pago Miss Loot decidi\u00f3 emprender su propia cruzada y publicar un v\u00eddeo para sus casi 20.000 seguidores en Instagram y 426.000 en Tik Tok. \u00abGran parte del sueldo es &#8216;visibilidad&#8217; y es un sueldo bastante peque\u00f1o, con lo cual nos sorprende m\u00e1s a\u00fan que <strong>no nos hayan pagado<\/strong>\u00bb, comenta en la mencionada publicaci\u00f3n, que en el momento de escribir estas l\u00edneas sumaba cerca del mill\u00f3n de reproducciones entre ambas plataformas. Pero \u00abla gente no vive y come de haber trabajado para una famosa\u00bb, reitera.<\/p>\n<p class=\"voc-p\" style=\"\">En menos de 24 horas, primero Nathy Peluso y despu\u00e9s Mon Laferte dejaron sendos comentarios excus\u00e1ndose en el v\u00eddeo. \u00abYo no ten\u00eda ni idea\u00bb, publicaba la argentina. \u00abA m\u00ed me invitaron a este videoclip, <strong>no formo parte de la producci\u00f3n<\/strong>. Voy a hablar con Monsita, seguro que no sabe nada tampoco\u00bb, a\u00f1ad\u00eda. \u00abLo siento y espero que les paguen urgente como se debe porque lo dieron todo y fueron muy bellas y trabajadoras, como todo el equipo implicado\u00bb, finalizaba en Tik Tok.<\/p>\n<p class=\"voc-p\" style=\"\">La propia Mon respond\u00eda en Instagram horas despu\u00e9s diciendo que ella no ten\u00eda nada que ver con la producci\u00f3n. \u00ab<strong>Me pone triste todo esto<\/strong>, me pone triste que no se respete su trabajo y que Nathy y yo salgamos perjudicadas por la culpa de otras personas\u00bb, lamentaba. Pero finalizaba su mensaje diciendo que se iba a poner con ello para solucionarlo cuanto antes. Y as\u00ed fue.<\/p>\n<p class=\"voc-p\" style=\"\">Pablo de la Chica, director y CEO de la productora Salon Indien Films, &#8216;service&#8217; que ejecutaba los planes de la productora mexicana, explica que han sido 24 horas \u00abde locos\u00bb para ellos, y que el v\u00eddeo de Miss Loot ha conseguido llamar la atenci\u00f3n de Sony para alcanzar un acuerdo. \u00abEl equipo de Mon Laferte se ha comprometido a pagar de su bolsillo\u00bb, hace saber a este peri\u00f3dico. De esta manera el mismo mi\u00e9rcoles se habr\u00eda realizado el pago de 60.000 euros que cubre los salarios de 30 trabajadores y el pago a los proveedores, adem\u00e1s de la multa de la Seguridad Social por haber dado de alta a un n\u00famero de personas que despu\u00e9s no cobraron su sueldo.<\/p>\n<p class=\"voc-p\" style=\"\">\u00ab<strong>Los mexicanos est\u00e1n desaparecidos<\/strong>\u00bb, confiesa, haciendo referencia a las personas con las que se negoci\u00f3 y presupuest\u00f3 el videoclip en junio y que, llegado el momento, dejaron de responder a los correos electr\u00f3nicos. <\/p>\n<p class=\"voc-p\" style=\"\">Sony, por su parte, se ha negado a hacer declaraciones o dar explicaciones a este peri\u00f3dico sobre lo ocurrido. \u00abEste es el \u00fanico v\u00eddeo que hemos hecho en 12 a\u00f1os de la productora y ser\u00e1 el \u00faltimo, lecci\u00f3n aprendida\u00bb, comenta Pablo, que acaba de estrenar bajo el sello de su empresa la pel\u00edcula &#8216;Infiltrada en el b\u00fanker&#8217;, disponible en Prime Video.<\/p>\n<p>Reportar un error<\/p>\n","protected":false},"excerpt":{"rendered":"18\/09\/2025 Actualizado 19\/09\/2025 a las 17:13h. Nathy Peluso y Mon Laferte han anunciado esta semana una colaboraci\u00f3n que&hellip;\n","protected":false},"author":2,"featured_media":125859,"comment_status":"","ping_status":"","sticky":false,"template":"","format":"standard","meta":{"footnotes":""},"categories":[91],"tags":[146,147,25,24,40923,34747,40921,40922,23],"class_list":{"0":"post-125858","1":"post","2":"type-post","3":"status-publish","4":"format-standard","5":"has-post-thumbnail","7":"category-entretenimiento","8":"tag-entertainment","9":"tag-entretenimiento","10":"tag-es","11":"tag-espana","12":"tag-laferte","13":"tag-mon","14":"tag-nathy","15":"tag-peluso","16":"tag-spain"},"share_on_mastodon":{"url":"","error":""},"_links":{"self":[{"href":"https:\/\/www.europesays.com\/es\/wp-json\/wp\/v2\/posts\/125858","targetHints":{"allow":["GET"]}}],"collection":[{"href":"https:\/\/www.europesays.com\/es\/wp-json\/wp\/v2\/posts"}],"about":[{"href":"https:\/\/www.europesays.com\/es\/wp-json\/wp\/v2\/types\/post"}],"author":[{"embeddable":true,"href":"https:\/\/www.europesays.com\/es\/wp-json\/wp\/v2\/users\/2"}],"replies":[{"embeddable":true,"href":"https:\/\/www.europesays.com\/es\/wp-json\/wp\/v2\/comments?post=125858"}],"version-history":[{"count":0,"href":"https:\/\/www.europesays.com\/es\/wp-json\/wp\/v2\/posts\/125858\/revisions"}],"wp:featuredmedia":[{"embeddable":true,"href":"https:\/\/www.europesays.com\/es\/wp-json\/wp\/v2\/media\/125859"}],"wp:attachment":[{"href":"https:\/\/www.europesays.com\/es\/wp-json\/wp\/v2\/media?parent=125858"}],"wp:term":[{"taxonomy":"category","embeddable":true,"href":"https:\/\/www.europesays.com\/es\/wp-json\/wp\/v2\/categories?post=125858"},{"taxonomy":"post_tag","embeddable":true,"href":"https:\/\/www.europesays.com\/es\/wp-json\/wp\/v2\/tags?post=125858"}],"curies":[{"name":"wp","href":"https:\/\/api.w.org\/{rel}","templated":true}]}}