{"id":125862,"date":"2025-09-19T19:10:08","date_gmt":"2025-09-19T19:10:08","guid":{"rendered":"https:\/\/www.europesays.com\/es\/125862\/"},"modified":"2025-09-19T19:10:08","modified_gmt":"2025-09-19T19:10:08","slug":"la-adopcion-de-la-ia-generativa-en-el-sector-viajes-en-espana-se-duplicara-alcanzando-el-24-en-2025","status":"publish","type":"post","link":"https:\/\/www.europesays.com\/es\/125862\/","title":{"rendered":"La adopci\u00f3n de la IA generativa en el sector viajes en Espa\u00f1a se duplicar\u00e1 alcanzando el 24% en 2025"},"content":{"rendered":"<p>Desde 2024, la penetraci\u00f3n de la Inteligencia Artificial generativa en el \u00e1mbito de los viajes en Espa\u00f1a experimentar\u00e1 un notable crecimiento, llegando al 24% en 2025, seg\u00fan un reciente informe de Amadeus. Este estudio destaca que los viajeros espa\u00f1oles est\u00e1n incorporando esta tecnolog\u00eda a un ritmo superior al de sus pares internacionales.<\/p>\n<p>El an\u00e1lisis \u2018Connected Journeys: How Technology Will Transform Travel in the Next Decade\u2019, llevado a cabo por Opinium, muestra que Espa\u00f1a es uno de los pa\u00edses m\u00e1s abiertos a la adopci\u00f3n de la IA generativa en viajes, con un incremento del 11% en 2024 al 24% en 2025. Seg\u00fan el reporte, el 87% de los usuarios que han empleado IA para organizar sus viajes reportaron experiencias positivas, destacando el ahorro de tiempo (36%), recomendaciones personalizadas (30%) y el descubrimiento de destinos in\u00e9ditos.<\/p>\n<p>Adem\u00e1s, el estudio indica que el 62% de los viajeros espa\u00f1oles optar\u00edan por pagar un cargo \u00fanico para usar un asistente de IA que les ayude a obtener informaci\u00f3n y gestionar sus itinerarios. Entre ellos, el 17% estar\u00eda dispuesto a invertir entre un 2,6% y un 5% del costo total del viaje para acceder a estos servicios. Por otro lado, el 84% de los viajeros de negocios en Espa\u00f1a considera \u2018\u00fatil\u2019 la asistencia de viaje basada en IA, colocando al pa\u00eds entre los m\u00e1s receptivos a esta tecnolog\u00eda.<\/p>\n<p>No obstante, el 58% de los usuarios han enfrentado desaf\u00edos al usar la IA generativa, incluyendo la necesidad de verificar las recomendaciones (28%), problemas para que la IA entienda sus preferencias (19%) y la sensaci\u00f3n de abrumarse ante demasiadas opciones (18%). El reporte tambi\u00e9n resalta que los viajeros espa\u00f1oles est\u00e1n muy interesados en tecnolog\u00edas emergentes como la biometr\u00eda, el \u2018check-in\u2019 desde casa y experiencias inmersivas en realidad virtual, mostrando una apertura mayor o similar a la de otros mercados l\u00edderes como Estados Unidos y Reino Unido.<\/p>\n<p>Finalmente, el director general de Amadeus para Espa\u00f1a y Portugal, Christian Boutin, subray\u00f3 la importancia de que la tecnolog\u00eda sea \u2018inteligente y sensible\u2019 para simplificar y mejorar la experiencia de viaje.<\/p>\n","protected":false},"excerpt":{"rendered":"Desde 2024, la penetraci\u00f3n de la Inteligencia Artificial generativa en el \u00e1mbito de los viajes en Espa\u00f1a experimentar\u00e1&hellip;\n","protected":false},"author":2,"featured_media":125863,"comment_status":"","ping_status":"","sticky":false,"template":"","format":"standard","meta":{"footnotes":""},"categories":[80],"tags":[82,95,94,25,24,23],"class_list":{"0":"post-125862","1":"post","2":"type-post","3":"status-publish","4":"format-standard","5":"has-post-thumbnail","7":"category-economia","8":"tag-business","9":"tag-economia","10":"tag-economy","11":"tag-es","12":"tag-espana","13":"tag-spain"},"share_on_mastodon":{"url":"","error":""},"_links":{"self":[{"href":"https:\/\/www.europesays.com\/es\/wp-json\/wp\/v2\/posts\/125862","targetHints":{"allow":["GET"]}}],"collection":[{"href":"https:\/\/www.europesays.com\/es\/wp-json\/wp\/v2\/posts"}],"about":[{"href":"https:\/\/www.europesays.com\/es\/wp-json\/wp\/v2\/types\/post"}],"author":[{"embeddable":true,"href":"https:\/\/www.europesays.com\/es\/wp-json\/wp\/v2\/users\/2"}],"replies":[{"embeddable":true,"href":"https:\/\/www.europesays.com\/es\/wp-json\/wp\/v2\/comments?post=125862"}],"version-history":[{"count":0,"href":"https:\/\/www.europesays.com\/es\/wp-json\/wp\/v2\/posts\/125862\/revisions"}],"wp:featuredmedia":[{"embeddable":true,"href":"https:\/\/www.europesays.com\/es\/wp-json\/wp\/v2\/media\/125863"}],"wp:attachment":[{"href":"https:\/\/www.europesays.com\/es\/wp-json\/wp\/v2\/media?parent=125862"}],"wp:term":[{"taxonomy":"category","embeddable":true,"href":"https:\/\/www.europesays.com\/es\/wp-json\/wp\/v2\/categories?post=125862"},{"taxonomy":"post_tag","embeddable":true,"href":"https:\/\/www.europesays.com\/es\/wp-json\/wp\/v2\/tags?post=125862"}],"curies":[{"name":"wp","href":"https:\/\/api.w.org\/{rel}","templated":true}]}}