{"id":125868,"date":"2025-09-19T19:13:17","date_gmt":"2025-09-19T19:13:17","guid":{"rendered":"https:\/\/www.europesays.com\/es\/125868\/"},"modified":"2025-09-19T19:13:17","modified_gmt":"2025-09-19T19:13:17","slug":"igualdad-asegura-que-el-poder-judicial-no-aviso-del-riesgo-de-cambiar-el-contrato-de-las-pulseras-de-vigilancia-de-mujeres-maltratadas-que-fallaron-sociedad","status":"publish","type":"post","link":"https:\/\/www.europesays.com\/es\/125868\/","title":{"rendered":"Igualdad asegura que el Poder Judicial no avis\u00f3 del riesgo de cambiar el contrato de las pulseras de vigilancia de mujeres maltratadas que fallaron | Sociedad"},"content":{"rendered":"<p class=\"loc\">Madrid<\/p>\n<p>La pol\u00e9mica sobre las pulseras de vigilancia de mujeres maltratadas que fallaron y que llevaron a la absoluci\u00f3n de algunos agresores, sigue escalando. El Ministerio de Igualdad ha enviado una carta al Observatorio de la Violencia Sobre la Mujer asegurando que en ning\u00fan momento el Poder Judicial advirti\u00f3 a la ministra Ana Redondo de que cambiar el contrato de estas pulseras supon\u00eda un riesgo.<\/p>\n<p>En ning\u00fan momento se recibi\u00f3 en Igualdad una comunicaci\u00f3n oficial desde el Consejo General del Poder Judicial sobre la mala calidad del servicio que iba a prestar la nueva empresa adjudicataria, como ha se\u00f1alado la anterior presidenta del Observatorio, \u00c1ngeles Carmona. <\/p>\n<p>As\u00ed lo asegura en esa carta la delegada del Gobierno contra la violencia de g\u00e9nero, que niega que Carmona avisase del riesgo a ella o a la ministra Redondo, con la que se reuni\u00f3 antes del cambio del contrato.<\/p>\n<p>M\u00e1s informaci\u00f3n<\/p>\n<p>El ministro Bola\u00f1os ha entrado tambi\u00e9n en la pol\u00e9mica para asegurar que \u00aben ning\u00fan momento los dispositivos dejaron de funcionar y siguieron enviando los mensajes a las mujeres que ten\u00edan \u00f3rdenes de alejamiento con sus agresores\u00bb. <\/p>\n<p>\u00abEn ning\u00fan momento en esta Delegaci\u00f3n se ha recibido comunicaci\u00f3n oficial alguna, menos a\u00fan apoyada en datos objetivos, relativa a la mala calidad del servicio que iba a ofrecer dicha adjudicataria. Pongo el acento en \u201ciba a ofrecer\u201d porque, seg\u00fan aparece en prensa, ella se refiere a que el 12 de enero de 2024 nos advirti\u00f3 tanto a m\u00ed como a la Ministra, d\u00e1ndose la circunstancia de que, si bien el contrato se adjudic\u00f3 en noviembre de 2023, el nuevo sistema no comenz\u00f3 a instalar los dispositivos en las solicitudes de altas hasta el 8 de febrero de 2024, con lo que hasta esa fecha no hab\u00eda ning\u00fan dispositivo nuevo instalado, sino que se manten\u00edan los de la anterior adjudicataria. La migraci\u00f3n completa de un sistema a otro no se finaliz\u00f3 hasta el 8 de mayo de 2024. Ante esta situaci\u00f3n, es imposible que la Sra. Carmona pudiera valorar el 12 de enero de 2024 la calidad de un servicio que a\u00fan no se estaba prestando\u00bb dice la carta a la que ha tenido acceso la SER. <\/p>\n<p>En la carta de Igualdad se subraya adem\u00e1s que es imposible que el Observatorio del Poder Judicial pueda tener acceso a la documentaci\u00f3n vinculada a la ejecuci\u00f3n de contratos p\u00fablicos. Adem\u00e1s, apunta que \u00abla cuesti\u00f3n es de la m\u00e1xima relevancia\u00bb porque \u00abest\u00e1 generando el desprestigio\u00bb de un sistema que \u00abest\u00e1 funcionando al 100%, que cada d\u00eda salva vidas y que es un modelo referente\u00bb. <\/p>\n<p>El PP denuncia que la ministra de Igualdad no les ha facilitado el n\u00famero de maltratadores que quedaron sin control telem\u00e1tico por el fallo en las pulseras<\/p>\n<p>El PP ha querido criticar a Redondo despu\u00e9s de que no concretara el n\u00famero de maltratadores que quedaron afectados por el fallo en las pulseras. Fuentes de la formaci\u00f3n azul aseguran que la ministra de Igualdad \u00abno ha aportado ninguna informaci\u00f3n\u00bb. As\u00ed, el PP ha afirmado que reclamar\u00e1 toda la informaci\u00f3n en el Congreso y el Senado.<\/p>\n<p>Fuentes del Ministerio de Igualdad contrarrestan la informaci\u00f3n de los populares y aseguran que se les ha proporcionado la informaci\u00f3n sobre \u00abunas incidencias que se abordaron y resolvieron en 2024\u00bb. Adem\u00e1s, Igualdad dice que no van a confirmar \u00abla realidad paralela que est\u00e1 creando el PP\u00bb. <\/p>\n","protected":false},"excerpt":{"rendered":"Madrid La pol\u00e9mica sobre las pulseras de vigilancia de mujeres maltratadas que fallaron y que llevaron a la&hellip;\n","protected":false},"author":2,"featured_media":125869,"comment_status":"","ping_status":"","sticky":false,"template":"","format":"standard","meta":{"footnotes":""},"categories":[5],"tags":[17,18,25,24,13,14,11,19,20,9,10,15,16,23,12,21,22],"class_list":{"0":"post-125868","1":"post","2":"type-post","3":"status-publish","4":"format-standard","5":"has-post-thumbnail","7":"category-titulares","8":"tag-breaking-news","9":"tag-breakingnews","10":"tag-es","11":"tag-espana","12":"tag-featured-news","13":"tag-featurednews","14":"tag-headlines","15":"tag-latest-news","16":"tag-latestnews","17":"tag-news","18":"tag-noticias","19":"tag-noticias-destacadas","20":"tag-noticiasdestacadas","21":"tag-spain","22":"tag-titulares","23":"tag-ultimas-noticias","24":"tag-ultimasnoticias"},"share_on_mastodon":{"url":"","error":""},"_links":{"self":[{"href":"https:\/\/www.europesays.com\/es\/wp-json\/wp\/v2\/posts\/125868","targetHints":{"allow":["GET"]}}],"collection":[{"href":"https:\/\/www.europesays.com\/es\/wp-json\/wp\/v2\/posts"}],"about":[{"href":"https:\/\/www.europesays.com\/es\/wp-json\/wp\/v2\/types\/post"}],"author":[{"embeddable":true,"href":"https:\/\/www.europesays.com\/es\/wp-json\/wp\/v2\/users\/2"}],"replies":[{"embeddable":true,"href":"https:\/\/www.europesays.com\/es\/wp-json\/wp\/v2\/comments?post=125868"}],"version-history":[{"count":0,"href":"https:\/\/www.europesays.com\/es\/wp-json\/wp\/v2\/posts\/125868\/revisions"}],"wp:featuredmedia":[{"embeddable":true,"href":"https:\/\/www.europesays.com\/es\/wp-json\/wp\/v2\/media\/125869"}],"wp:attachment":[{"href":"https:\/\/www.europesays.com\/es\/wp-json\/wp\/v2\/media?parent=125868"}],"wp:term":[{"taxonomy":"category","embeddable":true,"href":"https:\/\/www.europesays.com\/es\/wp-json\/wp\/v2\/categories?post=125868"},{"taxonomy":"post_tag","embeddable":true,"href":"https:\/\/www.europesays.com\/es\/wp-json\/wp\/v2\/tags?post=125868"}],"curies":[{"name":"wp","href":"https:\/\/api.w.org\/{rel}","templated":true}]}}