{"id":125870,"date":"2025-09-19T19:14:06","date_gmt":"2025-09-19T19:14:06","guid":{"rendered":"https:\/\/www.europesays.com\/es\/125870\/"},"modified":"2025-09-19T19:14:06","modified_gmt":"2025-09-19T19:14:06","slug":"el-balonmano-lanzarote-ciudad-de-arrecife-se-estrena-en-casa-ante-el-teucro","status":"publish","type":"post","link":"https:\/\/www.europesays.com\/es\/125870\/","title":{"rendered":"El Balonmano Lanzarote Ciudad de Arrecife se estrena en casa ante el Teucro"},"content":{"rendered":"<p><strong>LanzaroteDeportiva.com<\/strong><\/p>\n<p>Segunda semana de competici\u00f3n en la Primera Nacional Masculina para el Balonmano Lanzarote Ciudad de Arrecife, recibiendo en la tarde del s\u00e1bado la visita en el Pabell\u00f3n Municipal de Titerroy del Lir\u00f3n Teucro 80 Aniversario, uno de los clubes hist\u00f3ricos del balonmano masculino espa\u00f1ol y que busca esta temporada el ascenso. Un duelo de altura que llega en la segunda jornada de la categor\u00eda nacional.<\/p>\n<p>La semana de entrenamientos en el seno del Balonmano Lanzarote Ciudad de Arrecife ha transcurrido dentro de la normalidad, preparando el duelo de este fin de semana tras conseguir en la jornada inaugural la victoria ante el Calvo Xiria (30-32). Una semana en la que se ha incorporado a los entrenamientos el extremo Joel Armas, tras regresar al equipo y que ya dispone de ficha federativa para disponer de minutos.<\/p>\n<p>El Lir\u00f3n Teucro 80 Aniversario ser\u00e1 el rival del Balonmano Lanzarote Ciudad de Arrecife en la segunda jornada de la Primera Nacional Masculina. El conjunto gallego es uno de los aspirantes a luchar por el ascenso de categor\u00eda, y regresar a la Divisi\u00f3n de Honor Plata Masculina. En la primera jornada sumaron los dos puntos que estaban en juego, venciendo al Balonmano Porri\u00f1o (31-24).<\/p>\n<p>El encuentro entre el Balonmano Lanzarote Ciudad de Arrecife y el Lir\u00f3n Teucro 80 Aniversario se juega el s\u00e1bado a las 09:30 horas en el Pabell\u00f3n Municipal de Titerroy. Gerardo Herrera Garc\u00eda y Diego Pastoriza Est\u00e9vez, son los colegiados designados para el partido de la segunda jornada de la Primera Nacional Masculina.<\/p>\n","protected":false},"excerpt":{"rendered":"LanzaroteDeportiva.com Segunda semana de competici\u00f3n en la Primera Nacional Masculina para el Balonmano Lanzarote Ciudad de Arrecife, recibiendo&hellip;\n","protected":false},"author":2,"featured_media":125871,"comment_status":"","ping_status":"","sticky":false,"template":"","format":"standard","meta":{"footnotes":""},"categories":[278],"tags":[376,168,37247,25,24,375,40450,36441,23,167],"class_list":{"0":"post-125870","1":"post","2":"type-post","3":"status-publish","4":"format-standard","5":"has-post-thumbnail","7":"category-balonmano","8":"tag-balonmano","9":"tag-deportes","10":"tag-destacado-derecha","11":"tag-es","12":"tag-espana","13":"tag-handball","14":"tag-primera-nacional-masculina","15":"tag-san-jose-obrero","16":"tag-spain","17":"tag-sports"},"share_on_mastodon":{"url":"","error":""},"_links":{"self":[{"href":"https:\/\/www.europesays.com\/es\/wp-json\/wp\/v2\/posts\/125870","targetHints":{"allow":["GET"]}}],"collection":[{"href":"https:\/\/www.europesays.com\/es\/wp-json\/wp\/v2\/posts"}],"about":[{"href":"https:\/\/www.europesays.com\/es\/wp-json\/wp\/v2\/types\/post"}],"author":[{"embeddable":true,"href":"https:\/\/www.europesays.com\/es\/wp-json\/wp\/v2\/users\/2"}],"replies":[{"embeddable":true,"href":"https:\/\/www.europesays.com\/es\/wp-json\/wp\/v2\/comments?post=125870"}],"version-history":[{"count":0,"href":"https:\/\/www.europesays.com\/es\/wp-json\/wp\/v2\/posts\/125870\/revisions"}],"wp:featuredmedia":[{"embeddable":true,"href":"https:\/\/www.europesays.com\/es\/wp-json\/wp\/v2\/media\/125871"}],"wp:attachment":[{"href":"https:\/\/www.europesays.com\/es\/wp-json\/wp\/v2\/media?parent=125870"}],"wp:term":[{"taxonomy":"category","embeddable":true,"href":"https:\/\/www.europesays.com\/es\/wp-json\/wp\/v2\/categories?post=125870"},{"taxonomy":"post_tag","embeddable":true,"href":"https:\/\/www.europesays.com\/es\/wp-json\/wp\/v2\/tags?post=125870"}],"curies":[{"name":"wp","href":"https:\/\/api.w.org\/{rel}","templated":true}]}}