{"id":125881,"date":"2025-09-19T19:21:12","date_gmt":"2025-09-19T19:21:12","guid":{"rendered":"https:\/\/www.europesays.com\/es\/125881\/"},"modified":"2025-09-19T19:21:12","modified_gmt":"2025-09-19T19:21:12","slug":"nestor-vino-perla-de-la-cantera-del-baloncesto-lucense-se-marcha-al-zentro-basket-de-madrid","status":"publish","type":"post","link":"https:\/\/www.europesays.com\/es\/125881\/","title":{"rendered":"N\u00e9stor Vi\u00f1o, perla de la cantera del baloncesto lucense, se marcha al Zentro B\u00e1sket de Madrid"},"content":{"rendered":"<p>El junior <a target=\"_blank\" href=\"https:\/\/www.elprogreso.es\/tags\/nestor-vino\" rel=\"nofollow noopener\"><strong>N\u00e9stor Vi\u00f1o<\/strong><\/a>, la perla de la cantera del baloncesto lucense, se marcha a Madrid. El hasta ahora jugador del <strong><a target=\"_blank\" href=\"https:\/\/www.elprogreso.es\/tags\/ensino-lugo\" rel=\"nofollow noopener\">Ensino<\/a><\/strong> acaba de<strong> fichar por el Zentro B\u00e1sket<\/strong>, una de las academias de baloncesto m\u00e1s importantes del pa\u00eds, que apost\u00f3 fuertemente por el jugador lucense para sustituir a<strong>\u00a0Andy Huelves<\/strong>, base de la selecci\u00f3n espa\u00f1ola que consigui\u00f3 el Europeo sub18, que ficha por el Tizona Burgos.<\/p>\n<p>La marcha de N\u00e9stor Vi\u00f1o a alg\u00fan\u00a0equipo\u00a0con mayor proyecci\u00f3n nacional era una sospecha que se daba cada verano, pero por el momento <strong>el joven lucense hab\u00eda decidido mantenerse en el Ensino<\/strong>, con el que acumula varios campeonatos y subcampeonatos gallegos en infantiles, cadetes y juniors, as\u00ed como\u00a0media docena de presencias en campeonatos de Espa\u00f1a. Esta vez, cuando afronta su segundo a\u00f1o de junior, Vi\u00f1o se va al Zentro B\u00e1sket, club que<strong> junto a Real Madrid y Estudiantes\u00a0<\/strong>siempre est\u00e1 presente en las grandes citas del baloncesto base.<\/p>\n<p>MVP de una jornada del Nacional<\/p>\n<p>Vi\u00f1o lleva toda la vida en el <strong>Sagrado Coraz\u00f3n <\/strong>y el Ensino, tutelado deportivamente por los<strong> hermanos Engroba<\/strong>, e <a target=\"_blank\" href=\"https:\/\/www.elprogreso.es\/articulo\/deporte-local-lugo\/nestor-vino-es-orgullo-hacer-pretemporada-breogan\/202408091857231777613.html\" rel=\"nofollow noopener\">incluso hizo la pretemporada pasada con el<strong> R\u00edo Breog\u00e1n<\/strong> de la Liga Endesa<\/a> (est\u00e1 tambi\u00e9n la iba a completar, pero est\u00e1 lesionado de un tobillo). Se trata de un base el\u00e9ctrico, buen defensor y que cuando penetra al aro\u00a0o bien acaba con una canasta inveros\u00edmil o con una asistencia a alg\u00fan compa\u00f1ero. Tambi\u00e9n suma varias presencias con la selecci\u00f3n gallega y en su d\u00eda una concentraci\u00f3n previa con la Nacional sub16.<\/p>\n<p>En el pasado<strong> Campeonato de Espa\u00f1a junior de Huelva<\/strong>, en el partido que Ensino gan\u00f3 al SPB Soto de Burgos (76-53), el base disput\u00f3 31 minutos y 19 segundos sobre la pista y firm\u00f3 unos n\u00fameros espectaculares: 33 puntos, 6 rebotes, 4 asistencias y 9 faltas recibidas, alcanzando una valoraci\u00f3n total de 42. Esta actuaci\u00f3n le permiti\u00f3 ser reconocido como el MVP de la primera jornada del torneo, lo que fue un gran escaparate\u00a0e hizo que muchos equipos se fijasen en \u00e9l.<\/p>\n<p>N\u00e9stor Vi\u00f1o jugar\u00e1 la<strong> Liga junior de Madrid <\/strong>y estar\u00e1 tambi\u00e9n en la din\u00e1mica del equipo senior de Zentro B\u00e1sket, de Tercera\u00a0FEB. Tambi\u00e9n continuar\u00e1 sus estudios de 2\u00ba de Bac.<\/p>\n","protected":false},"excerpt":{"rendered":"El junior N\u00e9stor Vi\u00f1o, la perla de la cantera del baloncesto lucense, se marcha a Madrid. El hasta&hellip;\n","protected":false},"author":2,"featured_media":125882,"comment_status":"","ping_status":"","sticky":false,"template":"","format":"standard","meta":{"footnotes":""},"categories":[269],"tags":[299,298,8778,168,40924,25,24,7318,40925,23,167],"class_list":{"0":"post-125881","1":"post","2":"type-post","3":"status-publish","4":"format-standard","5":"has-post-thumbnail","7":"category-baloncesto","8":"tag-baloncesto","9":"tag-basketball","10":"tag-cb-breogan","11":"tag-deportes","12":"tag-ensino-lugo","13":"tag-es","14":"tag-espana","15":"tag-lugo","16":"tag-nestor-vino","17":"tag-spain","18":"tag-sports"},"share_on_mastodon":{"url":"","error":""},"_links":{"self":[{"href":"https:\/\/www.europesays.com\/es\/wp-json\/wp\/v2\/posts\/125881","targetHints":{"allow":["GET"]}}],"collection":[{"href":"https:\/\/www.europesays.com\/es\/wp-json\/wp\/v2\/posts"}],"about":[{"href":"https:\/\/www.europesays.com\/es\/wp-json\/wp\/v2\/types\/post"}],"author":[{"embeddable":true,"href":"https:\/\/www.europesays.com\/es\/wp-json\/wp\/v2\/users\/2"}],"replies":[{"embeddable":true,"href":"https:\/\/www.europesays.com\/es\/wp-json\/wp\/v2\/comments?post=125881"}],"version-history":[{"count":0,"href":"https:\/\/www.europesays.com\/es\/wp-json\/wp\/v2\/posts\/125881\/revisions"}],"wp:featuredmedia":[{"embeddable":true,"href":"https:\/\/www.europesays.com\/es\/wp-json\/wp\/v2\/media\/125882"}],"wp:attachment":[{"href":"https:\/\/www.europesays.com\/es\/wp-json\/wp\/v2\/media?parent=125881"}],"wp:term":[{"taxonomy":"category","embeddable":true,"href":"https:\/\/www.europesays.com\/es\/wp-json\/wp\/v2\/categories?post=125881"},{"taxonomy":"post_tag","embeddable":true,"href":"https:\/\/www.europesays.com\/es\/wp-json\/wp\/v2\/tags?post=125881"}],"curies":[{"name":"wp","href":"https:\/\/api.w.org\/{rel}","templated":true}]}}