{"id":125884,"date":"2025-09-19T19:23:07","date_gmt":"2025-09-19T19:23:07","guid":{"rendered":"https:\/\/www.europesays.com\/es\/125884\/"},"modified":"2025-09-19T19:23:07","modified_gmt":"2025-09-19T19:23:07","slug":"lydia-lozano-se-hace-fuerte-en-telecinco-y-suma-otro-programa-en-prime-time-ademas-de-de-viernes","status":"publish","type":"post","link":"https:\/\/www.europesays.com\/es\/125884\/","title":{"rendered":"Lydia Lozano se hace fuerte en Telecinco y suma otro programa en prime time adem\u00e1s de &#8216;De Viernes&#8217;"},"content":{"rendered":"<p>Hace tres semanas que Telecinco daba la campanada al anunciar el regreso de <a href=\"https:\/\/eltelevisero.huffingtonpost.es\/2025\/09\/lo-ocurrido-justo-al-reencontrarse-anabel-pantoja-y-lydia-lozano-en-de-viernes-tras-su-traicion-trae-cola\/\" data-type=\"link\" data-id=\"https:\/\/eltelevisero.huffingtonpost.es\/2025\/09\/lo-ocurrido-justo-al-reencontrarse-anabel-pantoja-y-lydia-lozano-en-de-viernes-tras-su-traicion-trae-cola\/\" rel=\"nofollow noopener\" target=\"_blank\">Lydia Lozano <\/a>a la cadena dos a\u00f1os despu\u00e9s de su despido tras el final de &#8216;S\u00e1lvame&#8217; y estar vetada junto al resto de sus compa\u00f1eros. As\u00ed, la periodista se convert\u00eda en el fichaje estrella de &#8216;De Viernes&#8217;. <\/p>\n<p>Lydia Lozano volv\u00eda a Telecinco con una entrevista en &#8216;De Viernes&#8217; antes de incorporarse al equipo de colaboradores del formato de Santi Acosta y Beatriz Archidona junto a \u00c1ngela Portero, Jos\u00e9 Antonio Le\u00f3n, Antonio Rossi y Terelu Campos en relevo de Antonio Montero. <\/p>\n<p>Tras conocerse su fichaje, muchos fueron los <a href=\"https:\/\/eltelevisero.huffingtonpost.es\/2025\/09\/los-entresijos-del-regreso-de-lydia-lozano-a-telecinco-invitada-estrella-y-colaboradora-de-de-viernes-por-este-dineral\/\" data-type=\"link\" data-id=\"https:\/\/eltelevisero.huffingtonpost.es\/2025\/09\/los-entresijos-del-regreso-de-lydia-lozano-a-telecinco-invitada-estrella-y-colaboradora-de-de-viernes-por-este-dineral\/\" rel=\"nofollow noopener\" target=\"_blank\">rumores<\/a> sobre si Lydia Lozano regresaba solo como colaboradora de &#8216;De Viernes&#8217; o si tendr\u00eda m\u00e1s peso en la parrilla. Se lleg\u00f3 a hablar de su incorporaci\u00f3n a &#8216;El tiempo justo&#8217; de Joaqu\u00edn Prat. Algo que se desminti\u00f3 por activa y por pasiva. Tambi\u00e9n sobre la posibilidad de su participaci\u00f3n en los debates de &#8216;Supervivientes&#8217; o en &#8216;\u00a1Vaya fama!&#8217;. <\/p>\n<p>De momento nada de eso ha pasado. Lo que si est\u00e1 confirmado es que Lydia Lozano sumar\u00e1 la pr\u00f3xima semana un nuevo prime time en Telecinco pues la cadena ha anunciado que la periodista formar\u00e1 parte de la tertulia de la tercera entrega de &#8216;El precio de&#8230;&#8217;, el nuevo programa de Santi Acosta en el prime time de los lunes. <\/p>\n<p>Lydia Lozano, entre las colaboradoras de &#8216;El precio de una exclusiva&#8217; <\/p>\n<p>Cabe decir que despu\u00e9s de dos entregas dedicadas a hablar de la corrupci\u00f3n y del caso \u00c1balos con la entrevista a su ex mujer Carolina Perles; este lunes el espacio de Santi Acosta se preguntar\u00e1 cu\u00e1l es el precio de una exclusiva. \u00bfQu\u00e9 coste, m\u00e1s all\u00e1 del econ\u00f3mico, tiene un testimonio gr\u00e1fico de tal calado que logra convertirse en tema de conversaci\u00f3n en todo un pa\u00eds? \u00bfQu\u00e9 cifras se esconden tras las exclusivas mejor pagadas y c\u00f3mo son las negociaciones en un sector hist\u00f3ricamente tan lucrativo? Varios de los profesionales m\u00e1s destacados y de mayor prestigio del mundo de la prensa rosa -periodistas, fot\u00f3grafos y editores-, que han logrado varias de las portadas m\u00e1s controvertidas y de mayor impacto de las \u00faltimas d\u00e9cadas, desvelar\u00e1n las claves y los grandes secretos que se esconden tras ellas este pr\u00f3ximo lunes a partir de las 23:00 horas en &#8216;El precio de una exclusiva&#8217;. <\/p>\n<p>El programa ofrecer\u00e1 un amplio documental elaborado por el equipo de investigaci\u00f3n del formato, que abordar\u00e1 en detalle c\u00f3mo se gestaron ic\u00f3nicas portadas de Intervi\u00fa como la de Mar Flores y Alessandro Lecquio o la de Marta S\u00e1nchez y cu\u00e1l es la verdadera historia detr\u00e1s de las fotograf\u00edas del actual rey em\u00e9rito desnudo en la cubierta de un yate nunca publicadas en Espa\u00f1a, entre otras hist\u00f3ricas exclusivas. <\/p>\n<p>Las im\u00e1genes y los testimonios que ofrecer\u00e1 el documental ser\u00e1n analizados posteriormente en el plat\u00f3, entre otros, por varios de los protagonistas de estas informaciones, como la exconcursante de \u2018GH\u2019 <strong>Mar\u00eda Jos\u00e9 Galera<\/strong>, y por los periodistas <strong>Lydia Lozano, Sandra Aladro, Luis Pliego, Marina Bernal y Antonio Montero,<\/strong> quienes adem\u00e1s de revelar detalles in\u00e9ditos y an\u00e9cdotas sorprendentes de su profesi\u00f3n reflexionar\u00e1n sobre el impacto medi\u00e1tico y personal de este negocio.<\/p>\n","protected":false},"excerpt":{"rendered":"Hace tres semanas que Telecinco daba la campanada al anunciar el regreso de Lydia Lozano a la cadena&hellip;\n","protected":false},"author":2,"featured_media":125885,"comment_status":"","ping_status":"","sticky":false,"template":"","format":"standard","meta":{"footnotes":""},"categories":[174],"tags":[255,146,147,25,24,256,23],"class_list":{"0":"post-125884","1":"post","2":"type-post","3":"status-publish","4":"format-standard","5":"has-post-thumbnail","7":"category-famosos","8":"tag-celebrities","9":"tag-entertainment","10":"tag-entretenimiento","11":"tag-es","12":"tag-espana","13":"tag-famosos","14":"tag-spain"},"share_on_mastodon":{"url":"","error":""},"_links":{"self":[{"href":"https:\/\/www.europesays.com\/es\/wp-json\/wp\/v2\/posts\/125884","targetHints":{"allow":["GET"]}}],"collection":[{"href":"https:\/\/www.europesays.com\/es\/wp-json\/wp\/v2\/posts"}],"about":[{"href":"https:\/\/www.europesays.com\/es\/wp-json\/wp\/v2\/types\/post"}],"author":[{"embeddable":true,"href":"https:\/\/www.europesays.com\/es\/wp-json\/wp\/v2\/users\/2"}],"replies":[{"embeddable":true,"href":"https:\/\/www.europesays.com\/es\/wp-json\/wp\/v2\/comments?post=125884"}],"version-history":[{"count":0,"href":"https:\/\/www.europesays.com\/es\/wp-json\/wp\/v2\/posts\/125884\/revisions"}],"wp:featuredmedia":[{"embeddable":true,"href":"https:\/\/www.europesays.com\/es\/wp-json\/wp\/v2\/media\/125885"}],"wp:attachment":[{"href":"https:\/\/www.europesays.com\/es\/wp-json\/wp\/v2\/media?parent=125884"}],"wp:term":[{"taxonomy":"category","embeddable":true,"href":"https:\/\/www.europesays.com\/es\/wp-json\/wp\/v2\/categories?post=125884"},{"taxonomy":"post_tag","embeddable":true,"href":"https:\/\/www.europesays.com\/es\/wp-json\/wp\/v2\/tags?post=125884"}],"curies":[{"name":"wp","href":"https:\/\/api.w.org\/{rel}","templated":true}]}}