{"id":125888,"date":"2025-09-19T19:25:08","date_gmt":"2025-09-19T19:25:08","guid":{"rendered":"https:\/\/www.europesays.com\/es\/125888\/"},"modified":"2025-09-19T19:25:08","modified_gmt":"2025-09-19T19:25:08","slug":"es-la-gran-revelacion-literaria-de-este-ano","status":"publish","type":"post","link":"https:\/\/www.europesays.com\/es\/125888\/","title":{"rendered":"Es la gran revelaci\u00f3n literaria de este a\u00f1o"},"content":{"rendered":"\n<p>  19\/09\/2025 &#8211; 20:58  Actualizado: 19\/09\/2025 &#8211; 20:58   <\/p>\n<ul class=\"bodyList bodyList--unordered\">\n<li class=\"bodyList__item\"><a href=\"https:\/\/www.elconfidencial.com\/cultura\/2025-09-17\/julia-navarro-recomienda-novela-francesa-1qrt_4211214\/\" target=\"_self\" rel=\"nofollow noopener\">Julia Navarro se rinde ante esta novela francesa: \u00abNo imagin\u00e9 que su lectura iba a provocar tantas emociones\u00bb<\/a><\/li>\n<li class=\"bodyList__item\"><a href=\"https:\/\/www.elconfidencial.com\/cultura\/2025-09-12\/libro-imprescindible-recomienda-julia-navarro-1qrt_4208119\/\" target=\"_self\" rel=\"nofollow noopener\">La novela que Julia Navarro recomienda leer s\u00ed o s\u00ed: \u201cUn libro que podr\u00eda ser de aventuras, pero que es real\u201d<\/a><\/li>\n<\/ul>\n<p> Esta nueva <strong>recomendaci\u00f3n literaria de <\/strong><a href=\"https:\/\/www.elconfidencial.com\/cultura\/2024-09-05\/julia-navarro-novela-democracia_3955173\/\" target=\"_self\" rel=\"nofollow noopener\"><strong>Julia Navarro<\/strong><\/a> ha puesto en el foco cultural el <strong>\u00faltimo libro del escritor David Ucl\u00e9s <\/strong>(\u00dabeda, 1990), cuya obra se ha convertido en un inesperado fen\u00f3meno editorial, reconocida por la cr\u00edtica y galardonada con premios destacados. Con <strong>700 p\u00e1ginas<\/strong>, esta<strong> <\/strong>novela monumental, para la que el autor se ha documentado durante quince a\u00f1os viajando por toda Espa\u00f1a, <strong>combina la memoria de la Guerra Civil con los recursos del realismo m\u00e1gico<\/strong>.  <\/p>\n<p> Navarro no ha escatimado elogios hacia este joven jienense. Con sus palabras, la autora de Dime qui\u00e9n soy ha destacado el talento y la originalidad de <a href=\"https:\/\/www.siruela.com\/prensa.php?id_libro=4946\" target=\"_self\" rel=\"nofollow noopener\"><strong>La pen\u00ednsula de las casas vac\u00edas<\/strong><\/a>: \u201cCreo que <strong>es<\/strong> <strong>la gran revelaci\u00f3n literaria de este a\u00f1o<\/strong>. Y es de <strong>un autor que ha llegado para quedarse<\/strong>, para ocupar un lugar importante en las letras espa\u00f1olas\u201d y a\u00f1adi\u00f3 que despu\u00e9s de este libro \u00abcuesta imaginar con qu\u00e9 m\u00e1s nos puede sorprender\u00bb. Navarro asegura que Ucl\u00e9s \u201ces <strong>un escritor \u00fanico<\/strong> y con una voz literaria muy especial\u201c. <\/p>\n<blockquote class=\"instagram-media\" data-instgrm-captioned=\"\" data-instgrm-permalink=\"https:\/\/www.instagram.com\/reel\/DK3yD4IorrW\/?utm_source=ig_embed&amp;utm_campaign=loading\" data-instgrm-version=\"14\" style=\" background:#FFF; border:0; border-radius:3px; box-shadow:0 0 1px 0 rgba(0,0,0,0.5),0 1px 10px 0 rgba(0,0,0,0.15); margin: 1px; max-width:540px; min-width:326px; padding:0; width:99.375%; width:-webkit-calc(100% - 2px); width:calc(100% - 2px);\"\/>\n<p> \u201cEs una novela sobre la <a href=\"https:\/\/www.elconfidencial.com\/cultura\/2024-12-22\/la-guerra-civil-espanola-se-ha-puesto-de-moda-mientras-siguen-las-guerras-reales_4024731\/\" target=\"_self\" rel=\"nofollow noopener\">Guerra Civil<\/a>, pero no es una novela sobre la guerra civil. Es una novela que va mucho m\u00e1s all\u00e1, que tiene esos elementos m\u00e1gicos que van sorprendiendo a lo largo de la lectura. David Ucl\u00e9s es un autor joven, pero <strong>tiene la virtud de la sensibilidad, la virtud de saber contar las cosas y sobre todo, de no dejar indiferente<\/strong>. La pen\u00ednsula de las casas vac\u00edas, se la recomiendo much\u00edsimo. Creo que <strong>es un libro que hay que leer<\/strong>\u201d. <\/p>\n<p>            La Guerra Civil desde otra mirada           <\/p>\n<p> El libro de <a href=\"https:\/\/www.elconfidencial.com\/cultura\/2024-12-21\/autor-revelacion-2024-david-ucles-novelon-realismo-magico-guerra-civil_4022354\/\" target=\"_self\" rel=\"nofollow noopener\">David Ucl\u00e9s<\/a> est\u00e1 concebido como una <strong>gran narraci\u00f3n coral <\/strong>en la que el realismo m\u00e1gico sostiene el peso de la historia. La novela retrata <strong>la descomposici\u00f3n de una familia<\/strong>, <strong>la p\u00e9rdida de un pueblo y la desintegraci\u00f3n de un pa\u00eds en guerra<\/strong>. En sus p\u00e1ginas aparecen escenas impactantes: un soldado que se abre la piel para dejar escapar la ceniza, un poeta que cose la sombra de una ni\u00f1a tras un bombardeo o un ni\u00f1o ciego que recupera la vista en pleno apag\u00f3n. Cada episodio refuerza la idea de que <strong>lo fant\u00e1stico convive con lo cotidiano<\/strong> sin que nadie se sorprenda en ese universo narrativo. <\/p>\n<p> La cr\u00edtica ha se\u00f1alado que se trata de <strong>una propuesta arriesgada y \u00fanica<\/strong> dentro de la literatura sobre la Guerra Civil. El escritor <strong>Nadal Suau<\/strong> destac\u00f3 que \u201cel despliegue de Ucl\u00e9s (minucioso, exhaustivo, coherente hasta lo obsesivo) alinea a la perfecci\u00f3n estilo, trasfondo hist\u00f3rico o moral y arcos narrativos\u201d. A ello se suma el reconocimiento de autores como <strong>Irene Vallejo<\/strong>, que habl\u00f3 de una novela capaz de fascinar por su ingenio y dolor, o <strong>Ian Gibson<\/strong>, que confes\u00f3 que <strong>ninguna novela contempor\u00e1nea le hab\u00eda conmovido tanto<\/strong>. <\/p>\n<p class=\"bodyObject bodyBlockquote\">Este libro es un claro ejemplo de una obra llamada a perdurar en la memoria de los lectores<\/p>\n<p> No es casual que la obra haya recibido galardones como el <strong>Premio C\u00e1lamo al Libro del A\u00f1o 2024<\/strong>, el <strong>Premio Andaluc\u00eda de la Cr\u00edtica<\/strong> y el <strong>Espartaco de la Semana Negra de Gij\u00f3n<\/strong> a la mejor novela hist\u00f3rica. Con este conjunto de reconocimientos, m\u00e1s la recomendaci\u00f3n entusiasta de Julia Navarro, La pen\u00ednsula de las casas vac\u00edas se consolida como uno de los acontecimientos literarios m\u00e1s importantes del a\u00f1o y como un <strong>libro llamado a perdurar en la memoria de los lectores<\/strong>. <\/p>\n<p>         <script async src=\"\/\/www.instagram.com\/embed.js\"><\/script><\/p>\n","protected":false},"excerpt":{"rendered":"19\/09\/2025 &#8211; 20:58 Actualizado: 19\/09\/2025 &#8211; 20:58 Julia Navarro se rinde ante esta novela francesa: \u00abNo imagin\u00e9 que&hellip;\n","protected":false},"author":2,"featured_media":125889,"comment_status":"","ping_status":"","sticky":false,"template":"","format":"standard","meta":{"footnotes":""},"categories":[172],"tags":[224,146,147,25,24,225,23],"class_list":{"0":"post-125888","1":"post","2":"type-post","3":"status-publish","4":"format-standard","5":"has-post-thumbnail","7":"category-libros","8":"tag-books","9":"tag-entertainment","10":"tag-entretenimiento","11":"tag-es","12":"tag-espana","13":"tag-libros","14":"tag-spain"},"share_on_mastodon":{"url":"","error":""},"_links":{"self":[{"href":"https:\/\/www.europesays.com\/es\/wp-json\/wp\/v2\/posts\/125888","targetHints":{"allow":["GET"]}}],"collection":[{"href":"https:\/\/www.europesays.com\/es\/wp-json\/wp\/v2\/posts"}],"about":[{"href":"https:\/\/www.europesays.com\/es\/wp-json\/wp\/v2\/types\/post"}],"author":[{"embeddable":true,"href":"https:\/\/www.europesays.com\/es\/wp-json\/wp\/v2\/users\/2"}],"replies":[{"embeddable":true,"href":"https:\/\/www.europesays.com\/es\/wp-json\/wp\/v2\/comments?post=125888"}],"version-history":[{"count":0,"href":"https:\/\/www.europesays.com\/es\/wp-json\/wp\/v2\/posts\/125888\/revisions"}],"wp:featuredmedia":[{"embeddable":true,"href":"https:\/\/www.europesays.com\/es\/wp-json\/wp\/v2\/media\/125889"}],"wp:attachment":[{"href":"https:\/\/www.europesays.com\/es\/wp-json\/wp\/v2\/media?parent=125888"}],"wp:term":[{"taxonomy":"category","embeddable":true,"href":"https:\/\/www.europesays.com\/es\/wp-json\/wp\/v2\/categories?post=125888"},{"taxonomy":"post_tag","embeddable":true,"href":"https:\/\/www.europesays.com\/es\/wp-json\/wp\/v2\/tags?post=125888"}],"curies":[{"name":"wp","href":"https:\/\/api.w.org\/{rel}","templated":true}]}}