{"id":125890,"date":"2025-09-19T19:26:09","date_gmt":"2025-09-19T19:26:09","guid":{"rendered":"https:\/\/www.europesays.com\/es\/125890\/"},"modified":"2025-09-19T19:26:09","modified_gmt":"2025-09-19T19:26:09","slug":"kike-calleja-acusa-a-miri-perez-cabrero-de-fingir-con-alejandro-albala-en-supervivientes-all-stars-piensa-en-froilan","status":"publish","type":"post","link":"https:\/\/www.europesays.com\/es\/125890\/","title":{"rendered":"Kike Calleja acusa a Miri P\u00e9rez-Cabrero de fingir con Alejandro Albal\u00e1 en &#8216;Supervivientes All Stars&#8217;: \u00abPiensa en Froil\u00e1n\u00bb"},"content":{"rendered":"<p data-journey-content=\"true\" data-node-id=\"3\" class=\"css-6wxqfj emevuu60\">A pesar de los rumores de <a href=\"https:\/\/www.diezminutos.es\/teleprograma\/programas-tv\/a66055779\/miri-perez-cabrero-supervivientes-all-stars-2025-mote-felipe-froilan\/\" target=\"_blank\" data-vars-ga-outbound-link=\"https:\/\/www.diezminutos.es\/teleprograma\/programas-tv\/a66055779\/miri-perez-cabrero-supervivientes-all-stars-2025-mote-felipe-froilan\/\" data-vars-ga-ux-element=\"Hyperlink\" data-vars-ga-call-to-action=\"una posible relaci\u00f3n de Miri P\u00e9rez-Cabrero con Froil\u00e1n\" data-node-id=\"3.1\" data-mrf-link=\"https:\/\/www.diezminutos.es\/teleprograma\/programas-tv\/a66055779\/miri-perez-cabrero-supervivientes-all-stars-2025-mote-felipe-froilan\/\" class=\"body-link css-177bzfx emevuu60\" rel=\"nofollow noopener\">una posible relaci\u00f3n de Miri P\u00e9rez-Cabrero con Froil\u00e1n<\/a>, sobrino del <a href=\"https:\/\/www.diezminutos.es\/rey-don-felipe-fotos\/\" target=\"_blank\" data-vars-ga-outbound-link=\"https:\/\/www.diezminutos.es\/rey-don-felipe-fotos\/\" data-vars-ga-ux-element=\"Hyperlink\" data-vars-ga-call-to-action=\"rey Felipe VI\" data-node-id=\"3.3\" data-mrf-link=\"https:\/\/www.diezminutos.es\/rey-don-felipe-fotos\/\" class=\"body-link css-177bzfx emevuu60\" rel=\"nofollow noopener\">rey Felipe VI<\/a>, la ex participante de &#8216;<a href=\"https:\/\/www.diezminutos.es\/masterchef\/\" target=\"_blank\" data-vars-ga-outbound-link=\"https:\/\/www.diezminutos.es\/masterchef\/\" data-vars-ga-ux-element=\"Hyperlink\" data-vars-ga-call-to-action=\"Masterchef\" data-node-id=\"3.5\" data-mrf-link=\"https:\/\/www.diezminutos.es\/masterchef\/\" class=\"body-link css-177bzfx emevuu60\" rel=\"nofollow noopener\">Masterchef<\/a>&#8216; cada vez est\u00e1 m\u00e1s cerca de Alejandro Albal\u00e1 en Honduras, hasta el punto de que <a href=\"https:\/\/www.diezminutos.es\/teleprograma\/programas-tv\/a66098460\/alejandro-albala-regalo-taza-miri-perez-cabrero-beso-supervivientes-all-stars\/\" target=\"_blank\" data-vars-ga-outbound-link=\"https:\/\/www.diezminutos.es\/teleprograma\/programas-tv\/a66098460\/alejandro-albala-regalo-taza-miri-perez-cabrero-beso-supervivientes-all-stars\/\" data-vars-ga-ux-element=\"Hyperlink\" data-vars-ga-call-to-action=\"ya se han dado su primer beso\" data-node-id=\"3.7\" data-mrf-link=\"https:\/\/www.diezminutos.es\/teleprograma\/programas-tv\/a66098460\/alejandro-albala-regalo-taza-miri-perez-cabrero-beso-supervivientes-all-stars\/\" class=\"body-link css-177bzfx emevuu60\" rel=\"nofollow noopener\">ya se han dado su primer beso<\/a>. Sin embargo, <strong data-node-id=\"3.9\">seg\u00fan Kike Calleja, esto no podr\u00eda ser un acercamiento sincero por parte de la chef<\/strong>, o al menos no del todo. Despu\u00e9s de <a href=\"https:\/\/www.diezminutos.es\/teleprograma\/programas-tv\/a66057276\/kike-calleja-declara-raquel-abad-primer-expulsado-supervivientes-all-stars-2025\/\" target=\"_blank\" data-vars-ga-outbound-link=\"https:\/\/www.diezminutos.es\/teleprograma\/programas-tv\/a66057276\/kike-calleja-declara-raquel-abad-primer-expulsado-supervivientes-all-stars-2025\/\" data-vars-ga-ux-element=\"Hyperlink\" data-vars-ga-call-to-action=\"su expulsi\u00f3n de Honduras\" data-node-id=\"3.11\" class=\"body-link css-177bzfx emevuu60\" rel=\"nofollow noopener\">su expulsi\u00f3n de Honduras<\/a>, el colaborador de &#8216;Vamos a ver&#8217; ha confesado que la superviviente <a href=\"https:\/\/www.diezminutos.es\/teleprograma\/programas-tv\/a65946927\/miri-perez-cabrero-rumores-relacion-froilan-antes-supervivientes-all-stars\/\" target=\"_blank\" data-vars-ga-outbound-link=\"https:\/\/www.diezminutos.es\/teleprograma\/programas-tv\/a65946927\/miri-perez-cabrero-rumores-relacion-froilan-antes-supervivientes-all-stars\/\" data-vars-ga-ux-element=\"Hyperlink\" data-vars-ga-call-to-action=\"estar\u00eda pensando en Froil\u00e1n.\" data-node-id=\"3.13\" class=\"body-link css-177bzfx emevuu60\" rel=\"nofollow noopener\">estar\u00eda pensando en Froil\u00e1n.<\/a> <\/p>\n<p data-journey-content=\"true\" data-node-id=\"6\" class=\"css-6wxqfj emevuu60\">De hecho, Kike ha asegurado que habr\u00eda sido la propia Miri la que le hablaba del sobrino de <a href=\"https:\/\/www.diezminutos.es\/rey-don-felipe-fotos\/\" target=\"_blank\" data-vars-ga-outbound-link=\"https:\/\/www.diezminutos.es\/rey-don-felipe-fotos\/\" data-vars-ga-ux-element=\"Hyperlink\" data-vars-ga-call-to-action=\"Felipe VI\" data-node-id=\"6.1\" class=\"body-link css-177bzfx emevuu60\" rel=\"nofollow noopener\">Felipe VI<\/a>: <strong data-node-id=\"6.3\">\u00abMiri tiene sentimientos por Froil\u00e1n <\/strong>porque a m\u00ed me lo ha dicho en la piscina\u00bb, ha asegurado en el plat\u00f3 del programa de Telecinco. Una frase que ha dejado a todos en shock en el plat\u00f3 al conocer los detalles de esta revelaci\u00f3n.<\/p>\n<p><img draggable=\"true\" alt=\"kike calleja miri perez vamos a ver\" title=\"kike calleja miri perez vamos a ver\" loading=\"lazy\" width=\"2846\" height=\"1600\" decoding=\"async\" data-nimg=\"1\" style=\"color:transparent;width:100%;height:auto;\"   src=\"https:\/\/www.europesays.com\/es\/wp-content\/uploads\/2025\/09\/kike-calleja-miri-68cd88e744ce6.jpg\" class=\"css-0 e1g79fud0\"\/><\/p>\n<p>Telecinco<\/p>\n<p data-journey-content=\"true\" data-node-id=\"9\" class=\"css-6wxqfj emevuu60\">\u00abMiri est\u00e1 fingiendo porque <strong data-node-id=\"9.1\">a m\u00ed me dijo que segu\u00eda pensando en alguien que ten\u00eda fuera.<\/strong> Miri tiene sentimientos por Froil\u00e1n, no s\u00e9 cu\u00e1les, pero siente algo por Froil\u00e1n o por alguien que tiene ah\u00ed fuera y entiendo que est\u00e1 muy rallada por las fotos que salieron juntos, y sigue pensando en \u00e9l porque a mi me lo ha dicho\u00bb, ha asegurado.<\/p>\n<p data-journey-content=\"true\" data-node-id=\"13\" class=\"css-6wxqfj emevuu60\">\u00abAyer mand\u00f3 un mensaje a una amiga por una paloma torcaz que viene todas las ma\u00f1anas a visitarla. Eso te digo yo que es un mensaje que estaba dirigido a Froil\u00e1n porque sigue pensando en esa amistad que ten\u00eda con \u00e9l y <strong data-node-id=\"13.1\">no ten\u00eda las ideas claras cuando entr\u00f3 all\u00ed,<\/strong> porque a mi me lo ha contado\u00bb, ha argumentado Kike Calleja.<\/p>\n<p>Alejandro Albal\u00e1 estar\u00eda sintiendo realmente<img draggable=\"true\" alt=\"miri y albala en supervivientes all stars 2025\" title=\"miri y albala en supervivientes all stars 2025\" loading=\"lazy\" width=\"1918\" height=\"1078\" decoding=\"async\" data-nimg=\"1\" style=\"color:transparent;width:100%;height:auto;\"   src=\"https:\/\/www.europesays.com\/es\/wp-content\/uploads\/2025\/09\/miri-y-alejandro-albala-68be870556c85.jpg\" class=\"css-0 e1g79fud0\"\/><\/p>\n<p>Telecinco<\/p>\n<p data-journey-content=\"true\" data-node-id=\"17\" class=\"css-6wxqfj emevuu60\">Aunque Miri podr\u00eda estar simplemente siguiendo el juego a su compa\u00f1ero, parece que lo que siente Albal\u00e1 s\u00ed que ser\u00eda real. O eso ha asegurado Kike Calleja en el plat\u00f3. \u00abPor parte de Alejandro es aut\u00e9ntico porque antes de empezar el concurso me pregunt\u00f3 si Miri ten\u00eda pareja porque le gustaba\u00bb, ha matizado. <strong data-node-id=\"17.1\">\u00abHe dormido con Alejandro todas las noches <\/strong>y me he comido sus conversaciones\u00bb, ha a\u00f1adido.<\/p>\n<p data-journey-content=\"true\" data-node-id=\"19\" class=\"css-6wxqfj emevuu60\">Unas palabras que <strong data-node-id=\"19.1\">sentencian lo que piensas y siente Miri, <\/strong>pero que no cuentan con que <a href=\"https:\/\/www.diezminutos.es\/teleprograma\/programas-tv\/a66098460\/alejandro-albala-regalo-taza-miri-perez-cabrero-beso-supervivientes-all-stars\/\" target=\"_blank\" data-vars-ga-outbound-link=\"https:\/\/www.diezminutos.es\/teleprograma\/programas-tv\/a66098460\/alejandro-albala-regalo-taza-miri-perez-cabrero-beso-supervivientes-all-stars\/\" data-vars-ga-ux-element=\"Hyperlink\" data-vars-ga-call-to-action=\"sus sentimientos por su compa\u00f1ero \" data-node-id=\"19.3\" class=\"body-link css-177bzfx emevuu60\" rel=\"nofollow noopener\">sus sentimientos por su compa\u00f1ero <\/a>hayan podido crecer en Honduras. <\/p>\n<p><img src=\"https:\/\/www.europesays.com\/es\/wp-content\/uploads\/2025\/09\/1758309969_588_323095e3-d675-4360-ad79-c3a735f161a1_1681830139.file\" alt=\"Headshot of Aroa D\u00edaz\" title=\"Headshot of Aroa D\u00edaz\" width=\"100%\" height=\"100%\" decoding=\"async\" loading=\"lazy\" class=\"css-o0wq4v ev8dhu53\"\/><\/p>\n<p>Aroa D\u00edaz es experta en realities, televisi\u00f3n y actualidad en general. No hay momento del d\u00eda en el que no tenga encendida la televisi\u00f3n conociendo los \u00faltimos desvelos de los famosos, disfrutando de los realities como Supervivientes o de los concursos m\u00e1s rocambolescos. Las \u00faltimas novedades de los famosos del coraz\u00f3n son su perdici\u00f3n y la actualidad de las Casas Reales, su gran pasi\u00f3n. \u00a0\u00a0<\/p>\n<p>En sus ratos libres disfruta de las pel\u00edculas y series de moda, y bucea por los cat\u00e1logos de las plataformas de podcast buscando nuevas entrevistas y charlas de famosos.<\/p>\n<p>Adem\u00e1s, no ha parado de formarse en todos los aspectos convirti\u00e9ndose en una periodista 360: locuci\u00f3n, doblaje, grabaci\u00f3n de v\u00eddeo, periodismo m\u00f3vil, producci\u00f3n de podcast y SEO. Actualmente est\u00e1 form\u00e1ndose en el M\u00e1ster universitario de Periodismo y Comunicaci\u00f3n Digital: Datos y Nuevas Narrativas de la UOC.<\/p>\n<p>Graduada en periodismo por la Universidad Rey Juan Carlos, no ha parado de trabajar desde que obtuvo su t\u00edtulo all\u00e1 por el 2013. Despu\u00e9s de un breve impass en Palma de Mallorca, volvi\u00f3 a Legan\u00e9s donde arranc\u00f3 su experiencia con Legan\u00e9s Activo. En este tiempo he pasado por las redacciones de varios medios recayendo finalmente en Hearst Espa\u00f1a (Telenovela, Qu\u00e9 me dices y Diez Minutos). Tambi\u00e9n tiene experiencia en diferentes radios. \u00a0<\/p>\n","protected":false},"excerpt":{"rendered":"A pesar de los rumores de una posible relaci\u00f3n de Miri P\u00e9rez-Cabrero con Froil\u00e1n, sobrino del rey Felipe&hellip;\n","protected":false},"author":2,"featured_media":125891,"comment_status":"","ping_status":"","sticky":false,"template":"","format":"standard","meta":{"footnotes":""},"categories":[171],"tags":[253,146,147,25,24,23,214],"class_list":{"0":"post-125890","1":"post","2":"type-post","3":"status-publish","4":"format-standard","5":"has-post-thumbnail","7":"category-tv","8":"tag-discover","9":"tag-entertainment","10":"tag-entretenimiento","11":"tag-es","12":"tag-espana","13":"tag-spain","14":"tag-tv"},"share_on_mastodon":{"url":"","error":""},"_links":{"self":[{"href":"https:\/\/www.europesays.com\/es\/wp-json\/wp\/v2\/posts\/125890","targetHints":{"allow":["GET"]}}],"collection":[{"href":"https:\/\/www.europesays.com\/es\/wp-json\/wp\/v2\/posts"}],"about":[{"href":"https:\/\/www.europesays.com\/es\/wp-json\/wp\/v2\/types\/post"}],"author":[{"embeddable":true,"href":"https:\/\/www.europesays.com\/es\/wp-json\/wp\/v2\/users\/2"}],"replies":[{"embeddable":true,"href":"https:\/\/www.europesays.com\/es\/wp-json\/wp\/v2\/comments?post=125890"}],"version-history":[{"count":0,"href":"https:\/\/www.europesays.com\/es\/wp-json\/wp\/v2\/posts\/125890\/revisions"}],"wp:featuredmedia":[{"embeddable":true,"href":"https:\/\/www.europesays.com\/es\/wp-json\/wp\/v2\/media\/125891"}],"wp:attachment":[{"href":"https:\/\/www.europesays.com\/es\/wp-json\/wp\/v2\/media?parent=125890"}],"wp:term":[{"taxonomy":"category","embeddable":true,"href":"https:\/\/www.europesays.com\/es\/wp-json\/wp\/v2\/categories?post=125890"},{"taxonomy":"post_tag","embeddable":true,"href":"https:\/\/www.europesays.com\/es\/wp-json\/wp\/v2\/tags?post=125890"}],"curies":[{"name":"wp","href":"https:\/\/api.w.org\/{rel}","templated":true}]}}