{"id":125894,"date":"2025-09-19T19:28:08","date_gmt":"2025-09-19T19:28:08","guid":{"rendered":"https:\/\/www.europesays.com\/es\/125894\/"},"modified":"2025-09-19T19:28:08","modified_gmt":"2025-09-19T19:28:08","slug":"la-nueva-pelicula-de-nicolas-cage-es-una-locura-de-terror-sobre-la-infancia-de-jesucristo-basada-en-uno-de-los-evangelios-prohibidos-trailer-y-fecha-de-estreno-de-the-carpenters-son","status":"publish","type":"post","link":"https:\/\/www.europesays.com\/es\/125894\/","title":{"rendered":"La nueva pel\u00edcula de Nicolas Cage es una locura de terror sobre la infancia de Jesucristo basada en uno de los evangelios prohibidos: tr\u00e1iler y fecha de estreno de \u2018The Carpenter\u2019s Son\u2019"},"content":{"rendered":"<p class=\"\">El m\u00edtico e inigualable <b>Nicolas Cage<\/b> parece haberle cogido el gustillo al terror, ya que si hace algo m\u00e1s de un a\u00f1o y medio sorprendi\u00f3 a todos con la notable \u2018<a href=\"https:\/\/as.com\/meristation\/noticias\/longlegs-el-nicolas-cage-mas-sadico-protagoniza-una-pelicula-de-terror-llamada-a-convertirse-en-joya-de-culto-n\/\" target=\"_blank\" rel=\"noreferrer nofollow noopener\" title=\"https:\/\/as.com\/meristation\/noticias\/longlegs-el-nicolas-cage-mas-sadico-protagoniza-una-pelicula-de-terror-llamada-a-convertirse-en-joya-de-culto-n\/\">Longlegs<\/a>\u2019, cinta en la que interpreta a un s\u00e1dico asesino en serie, a finales de este a\u00f1o no dejar\u00e1 indiferente a nadie con <b>su nueva pel\u00edcula, \u2018The Carpenter\u2019s Son\u2019<\/b>.<\/p>\n<p class=\"\">Esta cinta se estrena el 30 de octubre de 2025 en Estados unidos (no se ha confirmado cu\u00e1ndo har\u00e1 lo propio en Espa\u00f1a) y pondr\u00e1 a Nicolas Cage en la piel de <b>un carpintero que vive con su familia en el Egipto romano<\/b> que ejerce la tutela de un ni\u00f1o que, luego de ser influenciado por otro cr\u00edo de la zona, desvela que tiene poderes ocultos y se revela contra su \u2018padre\u2019. Este ni\u00f1o y su condici\u00f3n extraordinaria <b>representa la infancia de Jesucristo seg\u00fan un el pol\u00e9mico evangelio ap\u00f3crifo de la infancia de Tom\u00e1s<\/b>.<\/p>\n<p class=\"\">En el escueto pero revelador tr\u00e1iler podemos ver al personaje de <b>Cage clamar al cielo mientras el joven, claramente dominado por fuerzas oscuras, hace brotar una serpiente de su boca y se lanza contra \u00e9l<\/b>. La historia se basa en el Evangelio de la infancia de Tom\u00e1s, un evangelio ap\u00f3crifo del siglo II, aunque lo hace de una manera mucho m\u00e1s retorcida. La sinopsis hace referencia a <b>\u201clos horrores naturales y divinos\u201d a los que la familia es sometida<\/b> a partir de que el joven descubra sus pdoeres.<\/p>\n<p>Noticias relacionadas<\/p>\n<p class=\"\">Suscr\u00edbete al <a href=\"https:\/\/www.youtube.com\/@meristation\" target=\"_self\" rel=\"nofollow noopener\" title=\"https:\/\/www.youtube.com\/@meristation\">canal de MeriStation en YouTube<\/a>, tu web de videojuegos y entretenimiento para conocer todas las noticias y novedades sobre el mundo del videojuego, cine, series, manga y anime. An\u00e1lisis, entrevistas, tr\u00e1ileres, gameplays, p\u00f3dcast y mucho m\u00e1s. Tambi\u00e9n te animamos a seguir <a href=\"https:\/\/www.tiktok.com\/@meristation\" rel=\"nofollow noopener\" title=\"https:\/\/www.tiktok.com\/@meristation\" target=\"_blank\">nuestra cuenta de TikTok<\/a>. <\/p>\n<p class=\"\">\u00a1S\u00edguenos en ambas y, si est\u00e1s interesado en licenciar este contenido, pincha <a href=\"https:\/\/profesional.elpais.com\/soluciones-sindicacion?utm_medium=interno&amp;utm_source=crosslinking&amp;utm_campaign=sindicacion_as_pie_articulos\" target=\"_blank\" rel=\"nofollow noopener\" title=\"https:\/\/profesional.elpais.com\/soluciones-sindicacion?utm_medium=interno&amp;utm_source=crosslinking&amp;utm_campaign=sindicacion_as_pie_articulos\">aqu\u00ed<\/a>!<\/p>\n<p><script async src=\"\/\/www.tiktok.com\/embed.js\"><\/script><\/p>\n","protected":false},"excerpt":{"rendered":"El m\u00edtico e inigualable Nicolas Cage parece haberle cogido el gustillo al terror, ya que si hace algo&hellip;\n","protected":false},"author":2,"featured_media":125895,"comment_status":"","ping_status":"","sticky":false,"template":"","format":"standard","meta":{"footnotes":""},"categories":[169],"tags":[177,146,147,25,24,176,175,23],"class_list":{"0":"post-125894","1":"post","2":"type-post","3":"status-publish","4":"format-standard","5":"has-post-thumbnail","7":"category-cine","8":"tag-cine","9":"tag-entertainment","10":"tag-entretenimiento","11":"tag-es","12":"tag-espana","13":"tag-film","14":"tag-movies","15":"tag-spain"},"share_on_mastodon":{"url":"","error":""},"_links":{"self":[{"href":"https:\/\/www.europesays.com\/es\/wp-json\/wp\/v2\/posts\/125894","targetHints":{"allow":["GET"]}}],"collection":[{"href":"https:\/\/www.europesays.com\/es\/wp-json\/wp\/v2\/posts"}],"about":[{"href":"https:\/\/www.europesays.com\/es\/wp-json\/wp\/v2\/types\/post"}],"author":[{"embeddable":true,"href":"https:\/\/www.europesays.com\/es\/wp-json\/wp\/v2\/users\/2"}],"replies":[{"embeddable":true,"href":"https:\/\/www.europesays.com\/es\/wp-json\/wp\/v2\/comments?post=125894"}],"version-history":[{"count":0,"href":"https:\/\/www.europesays.com\/es\/wp-json\/wp\/v2\/posts\/125894\/revisions"}],"wp:featuredmedia":[{"embeddable":true,"href":"https:\/\/www.europesays.com\/es\/wp-json\/wp\/v2\/media\/125895"}],"wp:attachment":[{"href":"https:\/\/www.europesays.com\/es\/wp-json\/wp\/v2\/media?parent=125894"}],"wp:term":[{"taxonomy":"category","embeddable":true,"href":"https:\/\/www.europesays.com\/es\/wp-json\/wp\/v2\/categories?post=125894"},{"taxonomy":"post_tag","embeddable":true,"href":"https:\/\/www.europesays.com\/es\/wp-json\/wp\/v2\/tags?post=125894"}],"curies":[{"name":"wp","href":"https:\/\/api.w.org\/{rel}","templated":true}]}}