{"id":125896,"date":"2025-09-19T19:29:10","date_gmt":"2025-09-19T19:29:10","guid":{"rendered":"https:\/\/www.europesays.com\/es\/125896\/"},"modified":"2025-09-19T19:29:10","modified_gmt":"2025-09-19T19:29:10","slug":"laver-cup-2025-roger-federer-ya-no-es-millonario-ahora-federer-es-multimillonario-tenis-deportes","status":"publish","type":"post","link":"https:\/\/www.europesays.com\/es\/125896\/","title":{"rendered":"Laver Cup 2025: Roger Federer ya no es millonario. Ahora, Federer es \u201cmultimillonario\u201d | Tenis | Deportes"},"content":{"rendered":"<p class=\"\">Despega la octava edici\u00f3n de la Laver Cup, y por ah\u00ed transita Roger Federer de un lado a otro, con una sonrisa de oreja a oreja en San Francisco. Al fin y al cabo, el torneo \u2014una selecci\u00f3n de figuras confrontadas durante el fin de semana, en representaci\u00f3n de Europa y el Resto del Mundo\u2014 no deja de ser el juguete preferido del legendario tenista suizo, quien <a href=\"https:\/\/elpais.com\/deportes\/2022-09-23\/adios-a-federer-un-genio-sin-parangon.html\" target=\"_self\" rel=\"nofollow noopener\" title=\"https:\/\/elpais.com\/deportes\/2022-09-23\/adios-a-federer-un-genio-sin-parangon.html\">hace tres a\u00f1os se retir\u00f3 formalmente<\/a> para saborear lo conseguido y empezar una nueva etapa; esto es, m\u00e1s familia, m\u00e1s monta\u00f1as, apariciones las justas y m\u00e1s y m\u00e1s viajes para seguir respondiendo a los m\u00faltiples compromisos privados que le ocupan hoy d\u00eda. A su costado, casi siempre, el inseparable Tony Godsick.<\/p>\n<p class=\"\">Seg\u00fan contaba el deportista en su d\u00eda, el agente fue quien le desliz\u00f3 la posibilidad de edificar una competici\u00f3n como la Laver, inspir\u00e1ndose en el formato de la Ryder Cup del golf y con la idea de que acabara convirti\u00e9ndose en una de las citas de referencia del calendario anual. Al parecer, no va por mal camino. No aporta puntos a los tenistas, exige de otro largo desplazamiento <a href=\"https:\/\/elpais.com\/deportes\/tenis\/2025-09-07\/alcaraz-lo-borda-ante-sinner-y-vuelve-a-lo-mas-alto.html\" target=\"_self\" rel=\"nofollow noopener\" title=\"https:\/\/elpais.com\/deportes\/tenis\/2025-09-07\/alcaraz-lo-borda-ante-sinner-y-vuelve-a-lo-mas-alto.html\">nada m\u00e1s haber finalizado el US Open<\/a> y congestiona todav\u00eda m\u00e1s el ya de por s\u00ed hipersaturado programa del tenis; sin embargo, frente a la deserci\u00f3n m\u00e1s bien generalizada en la Copa Davis, los mejores acuden sin titubear y entusiasmados ante la llamada del maestro Federer, im\u00e1n \u00e9ste en todos los sentidos.<\/p>\n<p>M\u00e1s informaci\u00f3n<\/p>\n<p class=\"\">Durante su \u00e9poca en las pistas, Federer (44 a\u00f1os) encabez\u00f3 un a\u00f1o tras otro el listado de ganancias en el \u00e1mbito de su deporte y tambi\u00e9n figuraba entre las estrellas con mayores ingresos del panorama anual. Sin embargo, la mayor parte del dinero no proced\u00eda de los \u00e9xitos con la raqueta, sino de una sofisticada estructura de negocio perfilada por Godsick y asentada sobre <a href=\"https:\/\/elpais.com\/deportes\/2022-09-22\/a-los-pies-de-federer-el-mito.html\" target=\"_self\" rel=\"nofollow noopener\" title=\"https:\/\/elpais.com\/deportes\/2022-09-22\/a-los-pies-de-federer-el-mito.html\">la propia personalidad del suizo<\/a>: excelencia, distinci\u00f3n, elegancia. Nada al azar. Un conglomerado de patrocinios asociados a lo exquisito \u2014Mercedes, Rolex o Mo\u00ebt &amp; Chandon, entre otros\u2014 e incluso una agencia de representaci\u00f3n (Team 8 Sports &amp; Entertainment) a la caza de los \u00faltimos talentos.<\/p>\n<p><img decoding=\"auto\" class=\"_re lazyload a_m-h\" height=\"276\"  width=\"414\"  src=\"https:\/\/www.europesays.com\/es\/wp-content\/uploads\/2025\/09\/HGREBT477JGNJNJWBGQNC2NIYQ.JPG\" loading=\"lazy\"\/>Federer, durante un acto junto a Yannick Noah.Clive Brunskill (Getty Images for Laver Cup)<\/p>\n<p class=\"\">Finalmente lleg\u00f3 el impulso de la Laver y, de la mano, un salto exponencial en t\u00e9rminos empresariales, seg\u00fan precisa la revista Forbes. En concreto, la publicaci\u00f3n informa de que el de Basilea posee un patrimonio de unos 1.100 millones de d\u00f3lares (936,6 de euros) y que, por lo tanto, ya es oficialmente \u201cmultimillonario\u201d, condici\u00f3n exclusivamente reservada hasta ahora a otros seis deportistas que alcanzaron los cuatro d\u00edgitos: <a href=\"https:\/\/elpais.com\/deportes\/2020-05-17\/michael-jordan-luces-y-sombras-de-un-genio.html\" target=\"_self\" rel=\"nofollow noopener\" title=\"https:\/\/elpais.com\/deportes\/2020-05-17\/michael-jordan-luces-y-sombras-de-un-genio.html\">Michael Jordan (3.200 millones)<\/a>, Ion Tiriac (1.959), Magic Johnson (1.277), Bruno Bridgeman (1.192), Tiger Woods (1.107) y LeBron James (1.000). Es decir, baloncesto, tenis y golf, las gallinas de los huevos de oro.<\/p>\n<p class=\"\">\u00c9l se despidi\u00f3 de la actividad profesional en 2022, precisamente en el marco de su competici\u00f3n y con una fotograf\u00eda que dio la vuelta al mundo y que se recordar\u00e1 para siempre: aquel apret\u00f3n de manos con Rafael Nadal, a pleno llanto los dos en el O2 Arena de Londres. \u201cTrabaj\u00e9 durante m\u00e1s de un a\u00f1o para poder jugar ese partido\u201d, cont\u00f3 <a href=\"https:\/\/elpais.com\/deportes\/tenis\/2024-06-16\/roger-federer-retirarse-es-una-especie-de-funeral-un-desenfoque-a-camara-lenta.html\" rel=\"nofollow noopener\" target=\"_blank\">en una entrevista concedida a este peri\u00f3dico en junio de 2024<\/a>, al hilo del estreno del documental Twelve Final Days. Esa imagen estuvo precedida en 2017 por otra de gran impacto, cuando \u00e9l y el espa\u00f1ol se reunieron por primera vez y jugaron de la mano en la primera edici\u00f3n de la Laver Cup, localizada en el O2 Arena de Praga.<\/p>\n<p><img alt=\"Despedida Federer\" decoding=\"auto\" class=\"_re lazyload a_m-h\" height=\"276\"  width=\"414\"  src=\"https:\/\/www.europesays.com\/es\/wp-content\/uploads\/2025\/09\/G3ZNKYDXYFFZLEB6TSMOU6FQVE.jpg\" loading=\"lazy\"\/>Federer y Nadal, en la edici\u00f3n de 2022.Ella Ling<\/p>\n<p class=\"\">L\u00f3gicamente, ni una escena ni otra fueron aleatorias, sabedor el suizo (20 grandes) de la resonancia que tendr\u00edan ambas y de que amplificar\u00edan el nombre de su creaci\u00f3n, bajo el auspicio de la ATP. Federer y Godsick (estadounidense de 53 a\u00f1os) siempre supieron manejarse entre las altas esferas, del mismo modo que han sabido exprimir al m\u00e1ximo las negociaciones. En ese sentido, la m\u00e1xima expresi\u00f3n de esa habilidad fue el tira y afloja que mantuvo con Nike, cuyo isotipo luci\u00f3 hasta 2018. Llamado a estar aliado de por vida con la marca, al estilo de Jordan o Ronaldo Nazario, el suizo decidi\u00f3 desvincularse a raz\u00f3n de <a href=\"\" rel=\"\" title=\"\">los 300 millones de d\u00f3lares<\/a> (255 de euros) que le pagar\u00e1 la japonesa Uniqlo a lo largo de una d\u00e9cada. El doble que Nike.<\/p>\n<p class=\"\">Federer fue el tenista con mayores ingresos durante 16 a\u00f1os seguidos y en 2020 percibi\u00f3 m\u00e1s (90,2 millones de euros) que cualquier otro deportista del mundo. Su discreci\u00f3n y ese estilo cl\u00e1sico, sin renunciar a lo moderno, se ha plasmado tambi\u00e9n en una competici\u00f3n que se ha paseado hasta ahora por los lujosos parajes de otras ciudades ilustres como Chicago, Ginebra, Boston, Vancouver y Berl\u00edn, y que consigue concentrar en menos de una semana todo lo requerido por <a href=\"https:\/\/elpais.com\/deportes\/2018\/08\/25\/actualidad\/1535187460_680962.html\" target=\"_self\" rel=\"nofollow noopener\" title=\"https:\/\/elpais.com\/deportes\/2018\/08\/25\/actualidad\/1535187460_680962.html\">las nuevas audiencias y las televisiones<\/a>: brevedad, emoci\u00f3n y entretenimiento. Un poderoso efecto propagand\u00edstico. Un c\u00f3ctel acorde a los nuevos tiempos que, a excepci\u00f3n de 2023, no ha pasado de puntillas.<\/p>\n<p><img decoding=\"auto\" class=\"_re lazyload a_m-h\" height=\"277\"  width=\"414\"  src=\"https:\/\/www.europesays.com\/es\/wp-content\/uploads\/2025\/09\/7PQSI6J6KRKYXKXNWCQZ5FQ7LQ.jpg\" loading=\"lazy\"\/>Alcaraz, durante un entrenamiento en el Chase Center.JOHN G. MABANGLO (EFE)<\/p>\n<p class=\"\">Encontr\u00f3 primero un reclamo en los reencuentros con Nadal, y <a href=\"https:\/\/elpais.com\/deportes\/tenis\/2024-09-20\/alcaraz-se-reune-con-su-idolatrado-federer-el-messi-del-tenis.html\" target=\"_self\" rel=\"nofollow noopener\" title=\"https:\/\/elpais.com\/deportes\/tenis\/2024-09-20\/alcaraz-se-reune-con-su-idolatrado-federer-el-messi-del-tenis.html\">el a\u00f1o pasado en la primera presencia de Carlos Alcaraz<\/a>. El murciano hab\u00eda peloteado con \u00e9l en 2019, pero nunca hab\u00eda compartido ninguna charla con el genio, que se vio obligado en la edici\u00f3n de 2021 \u2014cuando todav\u00eda se especulaba sobre su retirada\u2014 a dejarse ver por el Boston Garden en muletas como se\u00f1al de humo. \u201cRoger me dijo que no pensase a 15 a\u00f1os vista, sino a cinco, a\u00f1o a a\u00f1o\u201d, desvel\u00f3 el actual n\u00famero uno, encantado en el contexto de una cita que tiene tanto o m\u00e1s de espect\u00e1culo como de tenis, adem\u00e1s de reunir a los tenistas en el amable escenario de un pulso por equipos y sin estr\u00e9s.<\/p>\n<p class=\"\">\u201cTengo la sensaci\u00f3n de que Europa tiene un equipo m\u00e1s fuerte y de que el dobles no es tan crucial esta vez, porque las parejas est\u00e1n igualadas&#8230; Quiz\u00e1 todo se decida en los individuales y creo que ah\u00ed, con Alcaraz, le doy ventaja a Europa\u201d, se\u00f1ala Federer, quien comparti\u00f3 estos d\u00edas unos hoyos con el de El Palmar a su llegada a San Francisco. Posteriormente, el l\u00edder del circuito (22 a\u00f1os) visit\u00f3 la c\u00e1rcel de Alcatraz y despu\u00e9s de posar vestido de esmoquin y de probar la superficie oscura del Chase Center, intervendr\u00e1 esta madrugada (hacia las 6.00, Eurosport) en el primer compromiso por parejas. Lo har\u00e1, por supuesto, bajo la atenta mirada del anfitri\u00f3n. Fantas\u00eda para dar y regalar. <\/p>\n<p>FORMATO Y PROGRAMA DEL TORNEO<\/p>\n<p><strong>Europa:<\/strong> Carlos Alcaraz, Alexander Zverev, Holger Rune, Casper Ruud, Jakub Mensik, Flavio Cobolli y Tomas Machac (suplente). Capit\u00e1n: Yannick Noah.<\/p>\n<p><strong>Resto del Mundo:<\/strong> Taylor Fritz, Alex de Mi\u00f1aur, Francisco Cer\u00fandolo, Jo\u00e3o Fonseca, Alex Michelsen, Reilly Opelka y Jenson Brooksby (suplente). Capit\u00e1n: Andre Agassi.<\/p>\n<p><strong>Viernes 19:<\/strong> a partir de las 22:00, dos individuales. A partir de las 4.00, un individual y el dobles (con Carlos Alcaraz).<\/p>\n<p><strong>S\u00e1bado 20:<\/strong> a partir de las 10:00, dos individuales. A partir de las 4.00, un individual y el dobles.<\/p>\n<p><strong>Domingo 21:<\/strong> a partir de las 21.00, el dobles y tres individuales (si fueran necesarios).<\/p>\n<p><strong>Retransmisi\u00f3n:<\/strong> Eurosport y Max.<\/p>\n<p><strong>Puntuaci\u00f3n:<\/strong> los triunfos del primer d\u00eda conceden 1 punto, los del segundo 2 y los del tercero 3. El equipo que llegue a 13 puntos ser\u00e1 el ganador de la competici\u00f3n.<\/p>\n<p><strong>Palmar\u00e9s:<\/strong> Europa venci\u00f3 en 2017, 2018, 2019, 2021 y 2024, y el Resto del mundo en 2022 y 2023.<\/p>\n","protected":false},"excerpt":{"rendered":"Despega la octava edici\u00f3n de la Laver Cup, y por ah\u00ed transita Roger Federer de un lado a&hellip;\n","protected":false},"author":2,"featured_media":125897,"comment_status":"","ping_status":"","sticky":false,"template":"","format":"standard","meta":{"footnotes":""},"categories":[93],"tags":[17145,545,1540,168,25,24,629,39126,3440,9621,23,167,327,11759],"class_list":{"0":"post-125896","1":"post","2":"type-post","3":"status-publish","4":"format-standard","5":"has-post-thumbnail","7":"category-deportes","8":"tag-atp-tour","9":"tag-carlos-alcaraz","10":"tag-competiciones","11":"tag-deportes","12":"tag-es","13":"tag-espana","14":"tag-estados-unidos","15":"tag-laver-cup","16":"tag-roger-federer","17":"tag-san-francisco","18":"tag-spain","19":"tag-sports","20":"tag-tenis","21":"tag-tenistas"},"share_on_mastodon":{"url":"","error":""},"_links":{"self":[{"href":"https:\/\/www.europesays.com\/es\/wp-json\/wp\/v2\/posts\/125896","targetHints":{"allow":["GET"]}}],"collection":[{"href":"https:\/\/www.europesays.com\/es\/wp-json\/wp\/v2\/posts"}],"about":[{"href":"https:\/\/www.europesays.com\/es\/wp-json\/wp\/v2\/types\/post"}],"author":[{"embeddable":true,"href":"https:\/\/www.europesays.com\/es\/wp-json\/wp\/v2\/users\/2"}],"replies":[{"embeddable":true,"href":"https:\/\/www.europesays.com\/es\/wp-json\/wp\/v2\/comments?post=125896"}],"version-history":[{"count":0,"href":"https:\/\/www.europesays.com\/es\/wp-json\/wp\/v2\/posts\/125896\/revisions"}],"wp:featuredmedia":[{"embeddable":true,"href":"https:\/\/www.europesays.com\/es\/wp-json\/wp\/v2\/media\/125897"}],"wp:attachment":[{"href":"https:\/\/www.europesays.com\/es\/wp-json\/wp\/v2\/media?parent=125896"}],"wp:term":[{"taxonomy":"category","embeddable":true,"href":"https:\/\/www.europesays.com\/es\/wp-json\/wp\/v2\/categories?post=125896"},{"taxonomy":"post_tag","embeddable":true,"href":"https:\/\/www.europesays.com\/es\/wp-json\/wp\/v2\/tags?post=125896"}],"curies":[{"name":"wp","href":"https:\/\/api.w.org\/{rel}","templated":true}]}}