{"id":125898,"date":"2025-09-19T19:30:06","date_gmt":"2025-09-19T19:30:06","guid":{"rendered":"https:\/\/www.europesays.com\/es\/125898\/"},"modified":"2025-09-19T19:30:06","modified_gmt":"2025-09-19T19:30:06","slug":"se-desarrolla-un-test-capaz-de-identificar-el-principal-factor-de-riesgo-del-alzheimer-de-forma-rapida-salud-y-bienestar","status":"publish","type":"post","link":"https:\/\/www.europesays.com\/es\/125898\/","title":{"rendered":"Se desarrolla un test capaz de identificar el principal factor de riesgo del Alzheimer de forma r\u00e1pida | Salud y bienestar"},"content":{"rendered":"<p class=\"loc\">Madrid<\/p>\n<p>Un equipo de investigaci\u00f3n del Instituto de Salud Carlos III y del Centro de Investigaci\u00f3n Biom\u00e9dica en Red, ha colaborado con la empresa espa\u00f1ola de biotecnolog\u00eda Biocross para desarrollar el proyecto e4Quant, un innovador test de an\u00e1lisis de sangre que permite identificar de forma r\u00e1pida y muy precisa a aquellas personas portadoras de la variante gen\u00e9tica APOE4, el principal factor de riesgo para la enfermedad de Alzheimer. Esta investigaci\u00f3n ha sido publicada en la revista Alzheimer&#8217;s research &amp; therapy.<\/p>\n<p>M\u00e1s informaci\u00f3n<\/p>\n<p>Seg\u00fan los autores de esta investigaci\u00f3n, el nuevo test, que funciona a trav\u00e9s de una t\u00e9cnica bioqu\u00edmica muy sencilla y de f\u00e1cil implementaci\u00f3n en los laboratorios hospitalarios, se establece como una alternativa accesible, econ\u00f3mica y con mayor sensibilidad y especificidad al genotipado tradicional.<\/p>\n<p>\u00abSus resultados muestran una alta precisi\u00f3n para diferenciar entre personas portadoras y no portadoras\u00bb apuntan los investigadores. En el documento se comenta que gracias a la posibilidad de cuantificar las cantidades de prote\u00edna APOE4, se \u00abfacilita el estudio de rasgos gen\u00e9ticos asociados al riesgo de enfermedad\u00bb. <\/p>\n<p>La capacidad de esta nueva herramienta instaura una clara mejorar a la hora de evaluar el riesgo que posee una persona de sufrir Alzheimer, facilita el estudio de nuevas estrategias terap\u00e9uticas, y abre nuevos caminos para prevenir efectos adversos de los tratamientos contra la enfermedad. <\/p>\n<p><img decoding=\"async\" src=\"https:\/\/www.europesays.com\/es\/wp-content\/uploads\/2025\/09\/https:\/\/sdmedia.playser.cadenaser.com\/playser\/image\/20259\/17\/1758075450426_1758075774_asset_still.pn.jpeg\" alt=\"Arcadi Navarro, director de la Fundaci\u00f3n Pasqual Maragall: &quot;El 40% de los casos anuales de alzheimer podr\u00edan retrasarse con la prevenci\u00f3n&quot;\" width=\"655\"   loading=\"lazy\"\/><\/p>\n<p class=\"tit\">Arcadi Navarro, director de la Fundaci\u00f3n Pasqual Maragall: \u00abEl 40% de los casos anuales de alzheimer podr\u00edan retrasarse con la prevenci\u00f3n\u00bb<\/p>\n<p>00:00:0015:29<\/p>\n<p>El c\u00f3digo iframe se ha copiado en el portapapeles<\/p>\n<p>FacebookTwitterLinkedinWhatsAppCerrar<\/p>\n<p>Miguel Calero, investigador del ISCIII en la Unidad Funcional de Investigaci\u00f3n en Enfermedades Cr\u00f3nicas y autor principal de este nuevo estudio, define a este test e4Quant como \u00abuna herramienta prometedora para avanzar en la personalizaci\u00f3n del diagn\u00f3stico y los tratamientos frente al Alzheimer, minimizando as\u00ed posibles complicaciones relacionadas con la presencia de la variante APOE4\u00bb. <\/p>\n<p>Calero tambi\u00e9n a\u00f1ade que esta investigaci\u00f3n \u00abejemplifica el valor de la colaboraci\u00f3n p\u00fablico-privada\u00bb en el campo de la investigaci\u00f3n biom\u00e9dica y que une los esfuerzos del sector m\u00e9dico p\u00fablico y privado para avanzar hacia una idea de medicina \u00abm\u00e1s personalizada y segura\u00bb en el entorno de las enfermedades neurodegenerativa.<\/p>\n","protected":false},"excerpt":{"rendered":"Madrid Un equipo de investigaci\u00f3n del Instituto de Salud Carlos III y del Centro de Investigaci\u00f3n Biom\u00e9dica en&hellip;\n","protected":false},"author":2,"featured_media":125899,"comment_status":"","ping_status":"","sticky":false,"template":"","format":"standard","meta":{"footnotes":""},"categories":[92],"tags":[22975,19672,40926,3350,32539,15930,37088,40927,40928,25,24,8545,165,6523,8550,40929,40930,40931,8557,3779,37096,166,40932,19136,8568,40933,23,16671,40934,6320],"class_list":{"0":"post-125898","1":"post","2":"type-post","3":"status-publish","4":"format-standard","5":"has-post-thumbnail","7":"category-salud","8":"tag-ache","9":"tag-age","10":"tag-alone","11":"tag-alzheimer","12":"tag-cry","13":"tag-depression","14":"tag-disorder","15":"tag-elder","16":"tag-emotion","17":"tag-es","18":"tag-espana","19":"tag-face","20":"tag-health","21":"tag-home","22":"tag-ill","23":"tag-lonely","24":"tag-memory","25":"tag-migraine","26":"tag-negative","27":"tag-person","28":"tag-sad","29":"tag-salud","30":"tag-senility","31":"tag-senior","32":"tag-sick","33":"tag-sorrow","34":"tag-spain","35":"tag-stress","36":"tag-upset","37":"tag-woman"},"share_on_mastodon":{"url":"","error":""},"_links":{"self":[{"href":"https:\/\/www.europesays.com\/es\/wp-json\/wp\/v2\/posts\/125898","targetHints":{"allow":["GET"]}}],"collection":[{"href":"https:\/\/www.europesays.com\/es\/wp-json\/wp\/v2\/posts"}],"about":[{"href":"https:\/\/www.europesays.com\/es\/wp-json\/wp\/v2\/types\/post"}],"author":[{"embeddable":true,"href":"https:\/\/www.europesays.com\/es\/wp-json\/wp\/v2\/users\/2"}],"replies":[{"embeddable":true,"href":"https:\/\/www.europesays.com\/es\/wp-json\/wp\/v2\/comments?post=125898"}],"version-history":[{"count":0,"href":"https:\/\/www.europesays.com\/es\/wp-json\/wp\/v2\/posts\/125898\/revisions"}],"wp:featuredmedia":[{"embeddable":true,"href":"https:\/\/www.europesays.com\/es\/wp-json\/wp\/v2\/media\/125899"}],"wp:attachment":[{"href":"https:\/\/www.europesays.com\/es\/wp-json\/wp\/v2\/media?parent=125898"}],"wp:term":[{"taxonomy":"category","embeddable":true,"href":"https:\/\/www.europesays.com\/es\/wp-json\/wp\/v2\/categories?post=125898"},{"taxonomy":"post_tag","embeddable":true,"href":"https:\/\/www.europesays.com\/es\/wp-json\/wp\/v2\/tags?post=125898"}],"curies":[{"name":"wp","href":"https:\/\/api.w.org\/{rel}","templated":true}]}}