{"id":125905,"date":"2025-09-19T19:34:10","date_gmt":"2025-09-19T19:34:10","guid":{"rendered":"https:\/\/www.europesays.com\/es\/125905\/"},"modified":"2025-09-19T19:34:10","modified_gmt":"2025-09-19T19:34:10","slug":"amichai-chikli-la-ue-solo-tolera-dos-tipos-de-judios-los-que-atacan-a-israel-y-los-judios-muertos","status":"publish","type":"post","link":"https:\/\/www.europesays.com\/es\/125905\/","title":{"rendered":"Amichai Chikli: \u00abLa UE solo tolera dos tipos de jud\u00edos: los que atacan a Israel y los jud\u00edos muertos\u00bb"},"content":{"rendered":"<p>\n         Publicado<br \/>\n            19\/09\/2025 &#8211; 21:04 CEST\n            <\/p>\n<p>          <img decoding=\"async\" class=\"c-ad__placeholder__logo\" src=\"https:\/\/static.euronews.com\/website\/images\/logos\/logo-euronews-stacked-outlined-72x72-grey-9.svg\" width=\"72\" height=\"72\" alt=\"\" loading=\"lazy\"\/><br \/>\n          PUBLICIDAD<\/p>\n<p>La Uni\u00f3n Europea es una <strong>\u00abinstituci\u00f3n que tolera dos tipos de jud\u00edos: los dispuestos a socavar Israel y los jud\u00edos muertos<\/strong>\u00ab, asegura a &#8216;Euronews&#8217; el ministro israel\u00ed de Asuntos de la Di\u00e1spora y Lucha contra el Antisemitismo, Amichai Chikli, en una entrevista exclusiva, d\u00edas despu\u00e9s de que la Comisi\u00f3n Europea <a href=\"https:\/\/es.euronews.com\/my-europe\/2025\/09\/17\/la-ue-presenta-un-paquete-de-sanciones-contra-israel-por-la-crisis-humanitaria-en-gaza-y-c\" rel=\"nofollow noopener\" target=\"_blank\">propusiera sanciones a Israel<\/a> por su actual asalto militar en Gaza.<\/p>\n<p>En su discurso anual sobre el Estado de la Uni\u00f3n la semana pasada, la presidenta de la Comisi\u00f3n Europea, Ursula von der Leyen, anunci\u00f3 que <strong>la UE suspender\u00e1 el \u00abapoyo bilateral\u00bb a Israel y aplicar\u00e1 una suspensi\u00f3n parcial<\/strong> al acuerdo comercial. La medida responde, seg\u00fan sus palabras, a la \u00abhambruna provocada por el hombre\u00bb en Gaza y a lo que calific\u00f3 como \u00abun claro intento\u00bb de Israel de \u00absocavar la soluci\u00f3n de dos Estados\u00bb.<\/p>\n<p><strong>Von der Leyen propuso la suspensi\u00f3n de \u00abtodos los pagos\u00bb a Israel<\/strong>, excepto los destinados al Centro Mundial Yad Vashem para la Memoria del Holocausto y a otros proyectos de la sociedad civil. \u00abLa Uni\u00f3n Europea es una instituci\u00f3n que vierte cientos de millones en organizaciones que <a href=\"https:\/\/es.euronews.com\/2025\/09\/16\/israel-ha-cometido-genocidio-contra-los-palestinos-en-gaza-declara-la-onu\" rel=\"nofollow noopener\" target=\"_blank\">nos acusan de genocidio<\/a> y piden el boicot de Israel, s\u00f3lo para lanzar ella misma boicots y etiquetar productos israel\u00edes bas\u00e1ndose en esos mismos informes\u00bb, dice Chikli a &#8216;Euronews&#8217;. \u00abApoyar a Yad Vashem le importa a Ursula von der Leyen. <strong>Los jud\u00edos vivos no significan nada para ella<\/strong>\u00ab.<\/p>\n<p><strong>\u00abInsto a todos los jud\u00edos a abandonar B\u00e9lgica sin demora\u00bb<\/strong><\/p>\n<p>M\u00e1s de un centenar de rabinos europeos enviaron a principios de esta semana una carta a la presidenta Ursula von der Leyen, en la que advert\u00edan que, desde el ataque perpetrado por Ham\u00e1s contra Israel el 7 de octubre de 2023, <strong>Europa enfrenta un \u00abodio antisemita visceral\u00bb<\/strong> y que es urgente adoptar \u00abmayores medidas de seguridad\u00bb.<\/p>\n<p>A principios de esta semana, en la ciudad alemana de Flensburgo, <a href=\"https:\/\/es.euronews.com\/2025\/09\/18\/los-judios-no-son-bienvenidos-un-cartel-en-alemania-evoca-su-pasado-mas-oscuro\" rel=\"nofollow noopener\" target=\"_blank\"><strong>un comerciante caus\u00f3 indignaci\u00f3n generalizada<\/strong><\/a> tras colocar una nota en su escaparate en la que se le\u00eda: \u00ab\u00a1Los jud\u00edos tienen prohibida la entrada aqu\u00ed! No es nada personal. No es antisemitismo. Simplemente, no os soporto\u00bb.<\/p>\n<p>El jueves por la noche, una reuni\u00f3n de pol\u00edticos de centro-derecha en la ciudad de Lieja para conmemorar la muerte de Jean Gol, destacado pol\u00edtico jud\u00edo, <strong>se torn\u00f3 violenta con 12 polic\u00edas heridos<\/strong>, seg\u00fan informes, en manifestaciones en las que participaron 400 personas, muchas de ellas estudiantes que arrojaron petardos y manzanas podridas a los participantes, y <a href=\"https:\/\/es.euronews.com\/2025\/09\/14\/madrid-se-blinda-ante-el-final-de-una-vuelta-a-espana-marcada-por-las-protestas-pro-palest\" rel=\"nofollow noopener\" target=\"_blank\">los llamaron \u00abc\u00f3mplices del genocidio\u00bb en Gaza<\/a>.<\/p>\n<p>Seg\u00fan la UNIA, la instituci\u00f3n p\u00fablica independiente belga que <strong>promueve la igualdad y lucha contra la discriminaci\u00f3n<\/strong>, 277 personas se\u00f1alaron actos antisemitas y se abrieron 79 investigaciones en 2024, frente a 59 en 2023. La Comisi\u00f3n Europea conden\u00f3 el viernes a \u00abaquellos que est\u00e1n importando\u00bb la guerra de Gaza a Europa y \u00abreforzar\u00e1\u00bb su protecci\u00f3n de los ciudadanos jud\u00edos, declar\u00f3 a &#8216;Euronews&#8217; un portavoz de la Comisi\u00f3n.<\/p>\n<p>\u00ab<strong>Los jud\u00edos deben sentirse seguros en toda Europa<\/strong>\u00ab, afirma Amichai Chikli, pero asegura que para algunos pa\u00edses ya es \u00abdemasiado tarde\u00bb. \u00abEuropa se encuentra en una encrucijada: o libra una guerra sin concesiones contra el islam radical, o se rinde. B\u00e9lgica ya se ha rendido; no tiene futuro, ni esperanza, e insto a todos los jud\u00edos a que abandonen ese desdichado pa\u00eds sin demora\u00bb. <\/p>\n<p>\u00abEn cuanto a Reino Unido y <a href=\"https:\/\/es.euronews.com\/cultura\/2025\/09\/18\/eurovision-2026-francia-y-australia-confirman-su-participacion-pese-a-las-amenazas-de-boic\" rel=\"nofollow noopener\" target=\"_blank\">Francia<\/a>, hay lugar para un cauto optimismo. Parece que los pueblos brit\u00e1nico y franc\u00e9s <strong>a\u00fan no han dicho su \u00faltima palabra<\/strong>. Los puntos brillantes de la Europa actual son Hungr\u00eda y la Rep\u00fablica Checa, unidas por una pol\u00edtica de inmigraci\u00f3n sensata\u00bb. <\/p>\n","protected":false},"excerpt":{"rendered":"Publicado 19\/09\/2025 &#8211; 21:04 CEST PUBLICIDAD La Uni\u00f3n Europea es una \u00abinstituci\u00f3n que tolera dos tipos de jud\u00edos:&hellip;\n","protected":false},"author":2,"featured_media":125906,"comment_status":"","ping_status":"","sticky":false,"template":"","format":"standard","meta":{"footnotes":""},"categories":[42],"tags":[17,18,700,13,14,1258,11,61,62,63,64,74,26223,3195,19,20,9,10,15,16,12,21,22,1617,65,66,67],"class_list":{"0":"post-125905","1":"post","2":"type-post","3":"status-publish","4":"format-standard","5":"has-post-thumbnail","7":"category-internacional","8":"tag-breaking-news","9":"tag-breakingnews","10":"tag-europa","11":"tag-featured-news","12":"tag-featurednews","13":"tag-guerra-israel-hamas","14":"tag-headlines","15":"tag-internacional","16":"tag-international","17":"tag-international-news","18":"tag-internationalnews","19":"tag-israel","20":"tag-judaismo","21":"tag-judios","22":"tag-latest-news","23":"tag-latestnews","24":"tag-news","25":"tag-noticias","26":"tag-noticias-destacadas","27":"tag-noticiasdestacadas","28":"tag-titulares","29":"tag-ultimas-noticias","30":"tag-ultimasnoticias","31":"tag-union-europea","32":"tag-world","33":"tag-world-news","34":"tag-worldnews"},"share_on_mastodon":{"url":"","error":""},"_links":{"self":[{"href":"https:\/\/www.europesays.com\/es\/wp-json\/wp\/v2\/posts\/125905","targetHints":{"allow":["GET"]}}],"collection":[{"href":"https:\/\/www.europesays.com\/es\/wp-json\/wp\/v2\/posts"}],"about":[{"href":"https:\/\/www.europesays.com\/es\/wp-json\/wp\/v2\/types\/post"}],"author":[{"embeddable":true,"href":"https:\/\/www.europesays.com\/es\/wp-json\/wp\/v2\/users\/2"}],"replies":[{"embeddable":true,"href":"https:\/\/www.europesays.com\/es\/wp-json\/wp\/v2\/comments?post=125905"}],"version-history":[{"count":0,"href":"https:\/\/www.europesays.com\/es\/wp-json\/wp\/v2\/posts\/125905\/revisions"}],"wp:featuredmedia":[{"embeddable":true,"href":"https:\/\/www.europesays.com\/es\/wp-json\/wp\/v2\/media\/125906"}],"wp:attachment":[{"href":"https:\/\/www.europesays.com\/es\/wp-json\/wp\/v2\/media?parent=125905"}],"wp:term":[{"taxonomy":"category","embeddable":true,"href":"https:\/\/www.europesays.com\/es\/wp-json\/wp\/v2\/categories?post=125905"},{"taxonomy":"post_tag","embeddable":true,"href":"https:\/\/www.europesays.com\/es\/wp-json\/wp\/v2\/tags?post=125905"}],"curies":[{"name":"wp","href":"https:\/\/api.w.org\/{rel}","templated":true}]}}