{"id":125907,"date":"2025-09-19T19:35:07","date_gmt":"2025-09-19T19:35:07","guid":{"rendered":"https:\/\/www.europesays.com\/es\/125907\/"},"modified":"2025-09-19T19:35:07","modified_gmt":"2025-09-19T19:35:07","slug":"un-incendio-en-panton-lugo-obliga-a-evacuar-varios-pueblos","status":"publish","type":"post","link":"https:\/\/www.europesays.com\/es\/125907\/","title":{"rendered":"Un incendio en Pant\u00f3n, Lugo, obliga a evacuar varios pueblos"},"content":{"rendered":"<p>La superficie calcinada en <strong>Pant\u00f3n (Lugo) <\/strong>por un incendio que permanece activo desde este jueves ha subido a 150 hect\u00e1reas y se mantiene activada la<strong> situaci\u00f3n 2 de alerta<\/strong> de forma preventiva por la proximidad de las llamas al n\u00facleo de Lom\u00eds, seg\u00fan la conseller\u00eda do Medio Rural de la Xunta de Galicia. Adem\u00e1s, el incendio ha obligado a <strong>evacuar los municipios de Cibrisqueiros, Front\u00f3n y Budi\u00e1n, <\/strong>y a<strong> interrumpir el tr\u00e1fico<\/strong> en la carretera provincial que comunica Santo Estevo de Ribas de Sil con Ferreira, la <strong>LU-P-4103.<\/strong><\/p>\n<p>Por otro lado, la <strong>calidad del aire<\/strong> en la ciudad de Ourense y en el municipio de Sarria (Lugo) <strong>se ha empeorado<\/strong> debido al humo del incendio. Seg\u00fan los datos de MeteoGalicia, la estaci\u00f3n de medici\u00f3n ubicada en G\u00f3mez Franqueira es la \u00fanica de la provincia que tiene una calidad mala debido a la presencia de part\u00edculas PM10 y PM2,5. <\/p>\n<p>Desde MeteoGalicia recomiendan a los ciudadanos que <strong>reduzcan las actividades en el exterior<\/strong> en el caso de que experimenten tos, falta de aire o irritaci\u00f3n de garganta.<\/p>\n<p><strong>\u00abNo hay peligro para las casas\u00bb<\/strong><\/p>\n<p>El incendio en Pant\u00f3n se origin\u00f3 a las 14:16 horas de este jueves en la parroquia de Pombeiro y, casi de inmediato, la conseller\u00eda do Medio Rural decret\u00f3 la situaci\u00f3n 2 de alerta por la proximidad de las llamas a esa aldea. Sin embargo, \u00abaunque la noche fue complicada\u00bb, confes\u00f3 <strong>el alcalde del municipio, Jos\u00e9 Luis \u00c1lvarez Blanco, <\/strong>en estos momentos <strong>\u00abno hay peligro para las casas\u00bb.<\/strong><\/p>\n<p>Las elevadas temperaturas que se registraron en la zona facilitaron que el fuego <strong>se propagase muy r\u00e1pido<\/strong> y, aunque las primeras estimaciones de Medio Rural hablaban de unas 20 hect\u00e1reas quemadas, a \u00faltima hora de este jueves el fuego ya hab\u00eda arrasado 80 hect\u00e1reas y permanec\u00eda activo. \u00abEl incendio sigue sin control\u00bb, dijo el regidor local, pero lo m\u00e1s importante es que, al menos de momento, las llamas no representan peligro para los n\u00facleos de poblaci\u00f3n, \u00abaunque siga ardiendo\u00bb.<\/p>\n<p>En cuanto a las causas del incendio, el alcalde indic\u00f3 que todav\u00eda no se sabe qu\u00e9 pudo provocar el fuego, pero s\u00ed que \u00ab<strong>comenz\u00f3 en el entorno de la v\u00eda del tren\u00bb. <\/strong>El fuego provoc\u00f3 el corte de la v\u00eda f\u00e9rrea entre Ourense y Lugo y habilitar medios de transporte alternativos para los usuarios del ferrocarril.<\/p>\n<p><strong>Otro incendio activo en O Bolo<\/strong><\/p>\n<p>En la provincia de Ourense, durante la noche del jueves se form\u00f3 otro foco en <strong>O Bolo, <\/strong>en la parroquia de Vilaseco. Por ello, se ha decretado la <strong>situaci\u00f3n 2 <\/strong>como medida preventiva por la proximidad de las llamas al n\u00facleo de Santa Cruz.<\/p>\n<p>La Xunta de Galicia ha decretado el <strong>confinamiento <\/strong>del n\u00facleo de Santa Cruz, Lentellais y Bolo. Adem\u00e1s, est\u00e1 <strong>cortada la carretera OU-533 <\/strong>entre los kil\u00f3metros 33 y 38. <\/p>\n<p>Seg\u00fan las \u00faltimas estimaciones, este incendio afecta a una superficie de<strong> 30 hect\u00e1reas. <\/strong>Efectivos de la UME se han desplazado tanto hasta O Bolo como Pant\u00f3n para colaborar en la extinci\u00f3n de las llamas.<\/p>\n","protected":false},"excerpt":{"rendered":"La superficie calcinada en Pant\u00f3n (Lugo) por un incendio que permanece activo desde este jueves ha subido a&hellip;\n","protected":false},"author":2,"featured_media":125908,"comment_status":"","ping_status":"","sticky":false,"template":"","format":"standard","meta":{"footnotes":""},"categories":[8],"tags":[17,18,25,24,13,14,11,19,20,9,10,15,16,23,12,21,22],"class_list":{"0":"post-125907","1":"post","2":"type-post","3":"status-publish","4":"format-standard","5":"has-post-thumbnail","7":"category-espana","8":"tag-breaking-news","9":"tag-breakingnews","10":"tag-es","11":"tag-espana","12":"tag-featured-news","13":"tag-featurednews","14":"tag-headlines","15":"tag-latest-news","16":"tag-latestnews","17":"tag-news","18":"tag-noticias","19":"tag-noticias-destacadas","20":"tag-noticiasdestacadas","21":"tag-spain","22":"tag-titulares","23":"tag-ultimas-noticias","24":"tag-ultimasnoticias"},"share_on_mastodon":{"url":"","error":""},"_links":{"self":[{"href":"https:\/\/www.europesays.com\/es\/wp-json\/wp\/v2\/posts\/125907","targetHints":{"allow":["GET"]}}],"collection":[{"href":"https:\/\/www.europesays.com\/es\/wp-json\/wp\/v2\/posts"}],"about":[{"href":"https:\/\/www.europesays.com\/es\/wp-json\/wp\/v2\/types\/post"}],"author":[{"embeddable":true,"href":"https:\/\/www.europesays.com\/es\/wp-json\/wp\/v2\/users\/2"}],"replies":[{"embeddable":true,"href":"https:\/\/www.europesays.com\/es\/wp-json\/wp\/v2\/comments?post=125907"}],"version-history":[{"count":0,"href":"https:\/\/www.europesays.com\/es\/wp-json\/wp\/v2\/posts\/125907\/revisions"}],"wp:featuredmedia":[{"embeddable":true,"href":"https:\/\/www.europesays.com\/es\/wp-json\/wp\/v2\/media\/125908"}],"wp:attachment":[{"href":"https:\/\/www.europesays.com\/es\/wp-json\/wp\/v2\/media?parent=125907"}],"wp:term":[{"taxonomy":"category","embeddable":true,"href":"https:\/\/www.europesays.com\/es\/wp-json\/wp\/v2\/categories?post=125907"},{"taxonomy":"post_tag","embeddable":true,"href":"https:\/\/www.europesays.com\/es\/wp-json\/wp\/v2\/tags?post=125907"}],"curies":[{"name":"wp","href":"https:\/\/api.w.org\/{rel}","templated":true}]}}