{"id":125909,"date":"2025-09-19T19:36:31","date_gmt":"2025-09-19T19:36:31","guid":{"rendered":"https:\/\/www.europesays.com\/es\/125909\/"},"modified":"2025-09-19T19:36:31","modified_gmt":"2025-09-19T19:36:31","slug":"vuelven-a-activar-el-nivel-2-de-alerta-en-el-incendio-de-o-bolo-que-avanza-por-el-fuerte-viento-y-la-baja-humedad","status":"publish","type":"post","link":"https:\/\/www.europesays.com\/es\/125909\/","title":{"rendered":"Vuelven a activar\u00a0el nivel 2 de alerta en el incendio\u00a0de\u00a0O Bolo, que avanza por el fuerte viento y la baja humedad"},"content":{"rendered":"<p>\t\t\t \t\t \t\t\t\t\t\t\tImagen del incendio en O Bolo a las diez de la ma\u00f1ana desde la carretera OU-533. <strong class=\"pd-l\">CEDIDA  <\/strong><\/p>\n<p>\t\t\t\t\t\tEn las labores de extinci\u00f3n del\u00a0fuego, que ha calcinado ya treinta hect\u00e1reas, colabora un amplio dispositivo de medios terrestres y a\u00e9reos<br \/>\n\t\t\t\t\t\t\t\t\t\t\t\t<strong>19 sep 2025<\/strong> . Actualizado a las 19:34 h.\t\t\t\t\t\t<\/p>\n<p class=\"first-paragraph txt\">El<strong> incendio\u00a0forestal<\/strong> que permanece activo en el municipio ourensano de <a href=\"https:\/\/www.lavozdegalicia.es\/temas\/o-bolo\" rel=\"nofollow noopener\" target=\"_blank\">O Bolo<\/a>, en la parroquia de Vilaseco, oblig\u00f3 a decretar el <strong>nivel 2 de alerta\u00a0<\/strong>como medida preventiva a primera hora de este viernes, debido a la proximidad de las llamas con el n\u00facleo de poblaci\u00f3n de Santa Cruz. Y aunque a las tres de la tarde Medio Rural inform\u00f3 de que se hab\u00eda desactivado esa medida -porque se consideraba que la situaci\u00f3n hab\u00eda mejorado- la tranquilidad no ha durado demasiado. La culpa la han tenido el fuerte viento, las altas temperaturas y la baja humedad. Poco antes de las seis la Xunta decid\u00eda volver al nivel 2, por la posici\u00f3n del fuego respecto al pueblo.<\/p>\n<p class=\"txt\">El alcalde, el independiente <strong>Miguel \u00c1ngel Garc\u00eda<\/strong>, explicaba a primera hora que el incendio est\u00e1\u00a0\u00abmetido nunha zona mala \u00e1 que non poden acceder os buldozzer para cortar o avance\u00bb. Afectaba entonces a una fraga descubierta con dif\u00edcil acceso, pero matizaba el regidor que<strong> el avance era lento<\/strong> y que todav\u00eda estaba lejos de la viviendas. Confiaban en que el fuego pudiese ser controlado si no lo complicaba el viento. Pero lo hizo. Por la tarde la situaci\u00f3n empeor\u00f3 y oblig\u00f3 a cortar al tr\u00e1fico la OU-533, la carretera que une A R\u00faa con A Gudi\u00f1a. Se tom\u00f3 la medida por\u00a0la presencia de humo y la cercan\u00eda de las llamas. El vial estuvo cortado durante m\u00e1s de dos horas, siendo reabierto poco antes de las siete de\u00a0la tarde. A las 19.30 horas, el fuego avanza en varias direccions. Uno de los focos ha pasado Santa Cruz por la parte de arriba y se dirige hacia Lentellais, acerc\u00e1ndose a la gasolinera. Seg\u00fan relatan los testigos, hay numerosas motobombas trabajando en la zona y tambi\u00e9n medios a\u00e9reos. Otra lengua de fuego est\u00e1 aproxim\u00e1ndose al casco urbano de O Bolo, mientras que una tercera\u00a0est\u00e1 cerca del cruceiro, como se conoce el alto que hay del otro lado de la carretera en direcci\u00f3n al pueblo de As Ermitas. En el santuario estaba su gu\u00eda, Jos\u00e9 Vega, cuando supo que\u00a0hab\u00edan cortado la carretera. Hab\u00eda entonces alrededor de 15 veh\u00edculos en la aldea, muchos de gente que estaba visitando el templo, as\u00ed que se ofreci\u00f3 a guiarlos por carreteras secundarias para que pudiesen abandonar la zona.<\/p>\n<blockquote class=\"twitter-tweet\">\n<p lang=\"es\" dir=\"ltr\"><a href=\"https:\/\/twitter.com\/hashtag\/Brif?src=hash&amp;ref_src=twsrc%5Etfw\" rel=\"nofollow noopener\" target=\"_blank\">#Brif<\/a> Laza nos retiramos a base despu\u00c3\u00a9s de \u00f0\u009f\u009a\u00a8 Intervenci\u00c3\u00b3n 71 en incendio \u00f0\u009f\u0094\u00a5 zona de Vilaseco O Bolo.<br \/>Trabajamos un equipo formado por 18 bomberos forestales \u00f0\u009f\u00a7\u0091\u00e2\u0080\u008d\u00f0\u009f\u009a\u0092 y 2 helic\u00c3\u00b3pteros \u00f0\u009f\u009a\u0081 \u00f0\u009f\u009a\u0081. <a href=\"https:\/\/t.co\/zbX56BZh4l\" rel=\"nofollow\">pic.twitter.com\/zbX56BZh4l<\/a><\/p>\n<p>\u2014 Diario de un Bombero (@BrifLaza) <a href=\"https:\/\/twitter.com\/BrifLaza\/status\/1969029420083007951?ref_src=twsrc%5Etfw\" rel=\"nofollow noopener\" target=\"_blank\">September 19, 2025<\/a><\/p><\/blockquote>\n<p class=\"txt\">Desde Protecci\u00f3n Civil, su responsable, Antonio L\u00f3pez, explica que se ha confinado por prevenci\u00f3n a los vecinos de O Bolo, Santa Cruz y Lentellais, aunque de momento no ha sido necesario desalojar ning\u00fan n\u00facleo de poblaci\u00f3n.<\/p>\n<p class=\"txt\">Tal y como informan desde la Conseller\u00eda de Medio Rural, el fuego se inici\u00f3\u00a0en torno a las doce menos cuarto de la noche del jueves y, seg\u00fan las \u00faltimas estimaciones provisionales, afecta a una superficie aproximada de\u00a0<strong>30 hect\u00e1reas<\/strong>.<\/p>\n<p class=\"txt\">En el operativo de extinci\u00f3n, que se ha mantenido activo durante toda la noche y la ma\u00f1ana de este viernes, participan en estos momentos tres t\u00e9cnicos, 10 agentes,\u00a013 brigadas, 9 motobombas y\u00a0dos palas. en un primer momento result\u00f3 clave en la favorable evoluci\u00f3n del fuego la incorporaci\u00f3n de los medios a\u00e9reos. Seg\u00fan informa la Xunta trabajan sobre la zona <strong>cuatro helic\u00f3pteros y nueve aviones.<\/strong>\u00a0<\/p>\n<p class=\"txt\">\n<p>\t\t\t\t\t\t\t\t\t\t\t\t&#13;<br \/>\n\t\t\t\t\t\t\t\t&#13;<br \/>\n&#13;<br \/>\n&#13;<\/p>\n<p>\t\t\t&#13;<br \/>\n\t&#13;<\/p>\n<p>\t\t\t<a href=\"https:\/\/www.lavozdegalicia.es\/noticia\/lemos\/panton\/2025\/09\/18\/incendio-empezo-calon-sil-amenaza-aldeas-municipio-panton\/00031758213002403378487.htm\" data-analytics=\"link-embed\" rel=\"nofollow noopener\" target=\"_blank\">El\u00a0incendio que empez\u00f3 en el ca\u00f1\u00f3n del Sil avanza sin control en Pant\u00f3n<\/a><\/p>\n<p class=\"a-min-author\">\n<p>\t\t\t\t\t\t\t\t\t\t\t<a href=\"https:\/\/www.lavozdegalicia.es\/firmas\/carlos-cortes\" rel=\"nofollow noopener\" target=\"_blank\"> \tCarlos Cort\u00e9s<\/a><\/p>\n<p>\t&#13;<br \/>\n\t&#13;<br \/>\n&#13;<\/p>\n<p class=\"txt\">La Conseller\u00eda do Medio Rural recuerda a la ciudadan\u00eda la existencia del n\u00famero de <strong>tel\u00e9fono gratuito 085<\/strong>, al que deben llamar en caso de detectar alg\u00fan incendio forestal. Adem\u00e1s, dispone del n\u00famero an\u00f3nimo y gratuito 900 815 085 para denunciar cualquier actividad incendiaria de la que se tenga sospecha o conocimiento.<\/p>\n<p>&#13;<br \/>\n\tArchivado en:&#13;<br \/>\n\t\t\t\t\t<a href=\"https:\/\/www.lavozdegalicia.es\/temas\/o-bolo\/\" target=\"_blank\" class=\"mg-l\" rel=\"nofollow noopener\">O Bolo<\/a>&#13;<br \/>\n\t\t\t\t\t<a href=\"https:\/\/www.lavozdegalicia.es\/temas\/incendios-forestales\/\" target=\"_blank\" class=\"mg-l\" rel=\"nofollow noopener\">Incendios forestales<\/a>&#13;<br \/>\n\t&#13;<\/p>\n<p>\t\t\t\t<script async src=\"https:\/\/platform.twitter.com\/widgets.js\" charset=\"utf-8\"><\/script><\/p>\n","protected":false},"excerpt":{"rendered":"Imagen del incendio en O Bolo a las diez de la ma\u00f1ana desde la carretera OU-533. CEDIDA En&hellip;\n","protected":false},"author":2,"featured_media":125910,"comment_status":"","ping_status":"","sticky":false,"template":"","format":"standard","meta":{"footnotes":""},"categories":[5],"tags":[17,18,25,24,13,14,11,8877,19,20,9,10,15,16,40935,23,12,21,22],"class_list":{"0":"post-125909","1":"post","2":"type-post","3":"status-publish","4":"format-standard","5":"has-post-thumbnail","7":"category-titulares","8":"tag-breaking-news","9":"tag-breakingnews","10":"tag-es","11":"tag-espana","12":"tag-featured-news","13":"tag-featurednews","14":"tag-headlines","15":"tag-incendios-forestales","16":"tag-latest-news","17":"tag-latestnews","18":"tag-news","19":"tag-noticias","20":"tag-noticias-destacadas","21":"tag-noticiasdestacadas","22":"tag-o-bolo","23":"tag-spain","24":"tag-titulares","25":"tag-ultimas-noticias","26":"tag-ultimasnoticias"},"share_on_mastodon":{"url":"","error":""},"_links":{"self":[{"href":"https:\/\/www.europesays.com\/es\/wp-json\/wp\/v2\/posts\/125909","targetHints":{"allow":["GET"]}}],"collection":[{"href":"https:\/\/www.europesays.com\/es\/wp-json\/wp\/v2\/posts"}],"about":[{"href":"https:\/\/www.europesays.com\/es\/wp-json\/wp\/v2\/types\/post"}],"author":[{"embeddable":true,"href":"https:\/\/www.europesays.com\/es\/wp-json\/wp\/v2\/users\/2"}],"replies":[{"embeddable":true,"href":"https:\/\/www.europesays.com\/es\/wp-json\/wp\/v2\/comments?post=125909"}],"version-history":[{"count":0,"href":"https:\/\/www.europesays.com\/es\/wp-json\/wp\/v2\/posts\/125909\/revisions"}],"wp:featuredmedia":[{"embeddable":true,"href":"https:\/\/www.europesays.com\/es\/wp-json\/wp\/v2\/media\/125910"}],"wp:attachment":[{"href":"https:\/\/www.europesays.com\/es\/wp-json\/wp\/v2\/media?parent=125909"}],"wp:term":[{"taxonomy":"category","embeddable":true,"href":"https:\/\/www.europesays.com\/es\/wp-json\/wp\/v2\/categories?post=125909"},{"taxonomy":"post_tag","embeddable":true,"href":"https:\/\/www.europesays.com\/es\/wp-json\/wp\/v2\/tags?post=125909"}],"curies":[{"name":"wp","href":"https:\/\/api.w.org\/{rel}","templated":true}]}}