{"id":125911,"date":"2025-09-19T19:37:36","date_gmt":"2025-09-19T19:37:36","guid":{"rendered":"https:\/\/www.europesays.com\/es\/125911\/"},"modified":"2025-09-19T19:37:36","modified_gmt":"2025-09-19T19:37:36","slug":"el-balonmano-los-dolmenes-de-estreno-en-casa-con-melilla-este-domingo-21-el-sol-de-antequera-periodico","status":"publish","type":"post","link":"https:\/\/www.europesays.com\/es\/125911\/","title":{"rendered":"El Balonmano Los D\u00f3lmenes, de estreno en casa con Melilla este domingo 21 &#8211; El Sol de Antequera | Peri\u00f3dico"},"content":{"rendered":"<p>A las 12 horas se jugar\u00e1 la segunda jornada de liga el partido entre el D\u00f3lmenes Antequera y Ciudad de Melilla en el Pabell\u00f3n Fernando Arg\u00fcelles este domingo 21 de septiembre.<\/p>\n<p>Tras la primera victoria lograda la pasada semana, el equipo llega con ganas de mostrar ante su p\u00fablico su balonmano ilusionante con la mirada puesta en el futuro, pero paso a paso. En las gradas, habr\u00e1n muchos seguidores, entre ellos, los j\u00f3venes escolares que durante estos d\u00edas han ido recibiendo la visita de los jugadores para animarles a ver el encuentro y tambi\u00e9n, para unirse a los equipos de la base, el verdadero futuro del Club.<\/p>\n","protected":false},"excerpt":{"rendered":"A las 12 horas se jugar\u00e1 la segunda jornada de liga el partido entre el D\u00f3lmenes Antequera y&hellip;\n","protected":false},"author":2,"featured_media":125912,"comment_status":"","ping_status":"","sticky":false,"template":"","format":"standard","meta":{"footnotes":""},"categories":[278],"tags":[376,40936,168,25,24,375,23,167],"class_list":{"0":"post-125911","1":"post","2":"type-post","3":"status-publish","4":"format-standard","5":"has-post-thumbnail","7":"category-balonmano","8":"tag-balonmano","9":"tag-club-balonmano-los-dolmenes-antequera","10":"tag-deportes","11":"tag-es","12":"tag-espana","13":"tag-handball","14":"tag-spain","15":"tag-sports"},"share_on_mastodon":{"url":"","error":""},"_links":{"self":[{"href":"https:\/\/www.europesays.com\/es\/wp-json\/wp\/v2\/posts\/125911","targetHints":{"allow":["GET"]}}],"collection":[{"href":"https:\/\/www.europesays.com\/es\/wp-json\/wp\/v2\/posts"}],"about":[{"href":"https:\/\/www.europesays.com\/es\/wp-json\/wp\/v2\/types\/post"}],"author":[{"embeddable":true,"href":"https:\/\/www.europesays.com\/es\/wp-json\/wp\/v2\/users\/2"}],"replies":[{"embeddable":true,"href":"https:\/\/www.europesays.com\/es\/wp-json\/wp\/v2\/comments?post=125911"}],"version-history":[{"count":0,"href":"https:\/\/www.europesays.com\/es\/wp-json\/wp\/v2\/posts\/125911\/revisions"}],"wp:featuredmedia":[{"embeddable":true,"href":"https:\/\/www.europesays.com\/es\/wp-json\/wp\/v2\/media\/125912"}],"wp:attachment":[{"href":"https:\/\/www.europesays.com\/es\/wp-json\/wp\/v2\/media?parent=125911"}],"wp:term":[{"taxonomy":"category","embeddable":true,"href":"https:\/\/www.europesays.com\/es\/wp-json\/wp\/v2\/categories?post=125911"},{"taxonomy":"post_tag","embeddable":true,"href":"https:\/\/www.europesays.com\/es\/wp-json\/wp\/v2\/tags?post=125911"}],"curies":[{"name":"wp","href":"https:\/\/api.w.org\/{rel}","templated":true}]}}