{"id":125913,"date":"2025-09-19T19:38:31","date_gmt":"2025-09-19T19:38:31","guid":{"rendered":"https:\/\/www.europesays.com\/es\/125913\/"},"modified":"2025-09-19T19:38:31","modified_gmt":"2025-09-19T19:38:31","slug":"canal-sur-tv-retransmitira-por-primera-vez-en-su-historia-la-feria-de-san-miguel-de-sevilla","status":"publish","type":"post","link":"https:\/\/www.europesays.com\/es\/125913\/","title":{"rendered":"Canal Sur TV retransmitir\u00e1 por primera vez en su historia la Feria de San Miguel de Sevilla"},"content":{"rendered":"<p>El consejero de la Presidencia, Interior, Di\u00e1logo Social y Simplificaci\u00f3n Administrativa de la Junta de Andaluc\u00eda, <strong>Antonio Sanz<\/strong>, ha anunciado que \u201c<strong>Canal Sur TV retransmitir\u00e1 por primera vez en su historia la Feria de San Miguel de Sevilla,<\/strong> una de las ferias taurinas m\u00e1s importantes de nuestro pa\u00eds\u201d. Antonio Sanz ha recalcado que, \u201cdesde la Junta de Andaluc\u00eda defendemos la tauromaquia como lo que es, un bien cultural reconocido, protegido y admirado\u201d.<\/p>\n<p>Canal Sur realizar\u00e1 un despliegue excepcional para la retransmisi\u00f3n de las tres corridas de la Feria de San Miguel con <strong>programas especiales antes del festejo para ver im\u00e1genes y sonidos in\u00e9ditos de los toreros en el hotel y en su camino hasta la Maestranza<\/strong>. Adem\u00e1s, durante la realizaci\u00f3n se volver\u00e1 a usar <strong>drones<\/strong> para captar im\u00e1genes impresionantes y se mejorar\u00e1 el sonido de ambiente de la plaza para captar lo que se est\u00e1 viviendo durante la faena. \u201cLa intenci\u00f3n es transmitir las emociones del ruedo, no solo a trav\u00e9s de las mejores im\u00e1genes, sino tambi\u00e9n a trav\u00e9s de los sonidos\u201d, ha se\u00f1alado <strong>Juande Mellado<\/strong>. Ha a\u00f1adido que el objetivo de Canal Sur es \u201cintensificar las emociones que se viven, el silencio y los sonidos de la plaza de La Maestranza\u201d.<\/p>\n<p><img decoding=\"async\" src=\"https:\/\/www.europesays.com\/es\/wp-content\/uploads\/2025\/09\/1758272810334Feria_San_Miguel_Antonio_Sanz.jpg\"\/><\/p>\n<p>El anuncio lo ha realizado <strong>Antonio Sanz<\/strong> tras una reuni\u00f3n mantenida en el Palacio de San Telmo en Sevilla con el secretario general de Interior, <strong>David Gil<\/strong>; el delegado del Gobierno de la Junta de Andaluc\u00eda en Sevilla, <strong>Ricardo S\u00e1nchez<\/strong>; el director general de Radio Televisi\u00f3n de Andaluc\u00eda (RTVA), <strong>Juande Mellado<\/strong>; el empresario de la Real Maestranza de Caballer\u00eda de Sevilla, <strong>Ram\u00f3n Valencia<\/strong>; el periodista y comentarista taurino de Canal Sur, <strong>Enrique Romero<\/strong>; y el maestro y comentarista taurino de Canal Sur, <strong>Francisco Ruiz Miguel<\/strong>, entre otros asistentes.<\/p>\n<p><img decoding=\"async\" src=\"https:\/\/www.europesays.com\/es\/wp-content\/uploads\/2025\/09\/1758272898687Feria_San_Miguel_Juande_Mellado.jpg\"\/><\/p>\n<p>La Feria de San Miguel contar\u00e1 con tres corridas reuniendo a figuras consagradas del toreo junto a j\u00f3venes valores de gran proyecci\u00f3n, reafirmando as\u00ed el prestigio de la capital andaluza como uno de los grandes templos de la tauromaquia mundial.<\/p>\n<p>El <strong>viernes 26<\/strong>, con toros de <strong>Victoriano del R\u00edo<\/strong>, har\u00e1n el pase\u00edllo <strong>Jos\u00e9 Mar\u00eda Manzanares, Juan Ortega y Pablo Aguado<\/strong>. El <strong>s\u00e1bado 27<\/strong>, se lidiar\u00e1 un encierro de <strong>Garcigrande<\/strong> para un cartel de m\u00e1ximo nivel integrado por <strong>Alejandro Talavante, Daniel Luque y Borja Jim\u00e9nez<\/strong>. El <strong>domingo 28<\/strong> de septiembre, la cita tendr\u00e1 un car\u00e1cter hist\u00f3rico con <strong>la alternativa de Javier Zulueta<\/strong>, que se doctorar\u00e1 como matador de toros acompa\u00f1ado por dos referentes de la tauromaquia actual: <strong>Morante de la Puebla y Roca Rey<\/strong>. En esta ocasi\u00f3n se lidiar\u00e1n <strong>reses de N\u00fa\u00f1ez del Cuvillo<\/strong>.<\/p>\n<p>Antonio Sanz ha asegurado que el Gobierno de Juanma Moreno apuesta por la tauromaquia por ser \u201cfuente de riqueza, de turismo y de econom\u00eda\u201d. En 2024, Canal Sur se consolid\u00f3 como una herramienta fundamental para la difusi\u00f3n de la tauromaquia. Durante el pasado a\u00f1o emitieron 51 festejos, casi el doble que en 2023, alcanzando una cuota media de pantalla cercana al 12 por ciento, un porcentaje de audiencia muy alto. En 2025, ya se han emitido 40 festejos entre las novilladas del ciclo de las escuelas taurinas, el ciclo de la <strong>Fundaci\u00f3n Toro de Lidia<\/strong> y ha estado presente en la mayor\u00eda de las plazas de las principales ferias de este verano con unos datos de audiencia espectaculares. Menci\u00f3n especial a los liderazgos de las nueve novilladas ofrecidas que con el 14,8 por ciento de cuota de pantalla, adem\u00e1s de las retransmisiones de las siete corridas de toros de este verano que han supuesto el <strong>liderazgo con un r\u00e9cord de audiencia<\/strong> al lograr un formidable 17,2 por ciento de cuota de pantalla.<\/p>\n<p>La apuesta por la retransmisi\u00f3n de la Feria de San Miguel se produce tras el rotundo \u00e9xito cosechado en la Feria de Abril de la capital hispalense, que logr\u00f3 que <strong>Canal Sur TV liderara la audiencia con un 18,6 por ciento de cuota de pantalla<\/strong> durante los d\u00edas 1, 3 y 11 de mayo. En concreto, la retransmisi\u00f3n del jueves 1 de mayo super\u00f3 el mill\u00f3n de espectadores, combinando televisi\u00f3n y plataformas digitales.<\/p>\n<p>El consejero ha defendido que la apuesta del Gobierno andaluz por la tauromaquia es firme y se ha traducido en un nuevo <strong>reglamento taurino que es \u201cmodelo para toda Espa\u00f1a\u201d, ayudas a las escuelas taurinas andaluzas y a la Fundaci\u00f3n del Toro de Lidia, los premios Andaluc\u00eda de la Tauromaquia y la creaci\u00f3n de la Red de Municipios Taurinos de Andaluc\u00eda (REMTA)<\/strong>, que ya cuenta con 174 municipios adheridos. \u201cEl mundo taurino ocupa en Andaluc\u00eda un lugar determinante en la actividad econ\u00f3mica y cultural\u201d, ha afirmado, a\u00f1adiendo que \u201cAndaluc\u00eda ha sido, es y ser\u00e1 taurina\u201d.<\/p>\n<p><img decoding=\"async\" src=\"https:\/\/www.europesays.com\/es\/wp-content\/uploads\/2025\/09\/1758272926622Feria_San_Miguel_Ramn_Valencia.jpg\"\/><\/p>\n<p><strong>Final de la Liga Nacional de Novilladas<\/strong><br \/>Antonio Sanz ha aprovechado para destacar que Andaluc\u00eda es \u201cgarante de la esencia de la tauromaquia\u201d y quiere seguir \u201cavanzando y garantizando el futuro de la fiesta\u201d. En este sentido, ha destacado que Andaluc\u00eda acoger\u00e1 la final de la pr\u00f3xima <strong>Liga Nacional de Novilladas, que tendr\u00e1 lugar en Sanl\u00facar de Barrameda el 27 de octubre<\/strong>. Este proyecto, impulsado por la Fundaci\u00f3n del Toro de Lidia, es una competici\u00f3n que re\u00fane a j\u00f3venes novilleros que a\u00fan no han tomado la alternativa para darles la oportunidad de darse a conocer y medirse con otros compa\u00f1eros.<\/p>\n<p>El consejero tambi\u00e9n se ha referido a la reciente <strong>prueba de nuevos \u00fatiles de torear, como banderillas y divisas<\/strong>, que se realiz\u00f3 en una novillada sin picadores en Cazalla de la Sierra el pasado 16 de agosto. Un comit\u00e9 de expertos analizar\u00e1 los resultados de esta experiencia piloto y presentar\u00e1 sus conclusiones en el pr\u00f3ximo Consejo de Asuntos Taurinos de Andaluc\u00eda (CATA).<\/p>\n<p><img decoding=\"async\" src=\"https:\/\/www.europesays.com\/es\/wp-content\/uploads\/2025\/09\/1758272841494Feria_San_Migual_Enrique_Romero.jpg\"\/><\/p>\n<p><img decoding=\"async\" src=\"https:\/\/www.europesays.com\/es\/wp-content\/uploads\/2025\/09\/1758272869479Feria_San_Miguel_familia_CSRTV.jpg\"\/><\/p>\n","protected":false},"excerpt":{"rendered":"El consejero de la Presidencia, Interior, Di\u00e1logo Social y Simplificaci\u00f3n Administrativa de la Junta de Andaluc\u00eda, Antonio Sanz,&hellip;\n","protected":false},"author":2,"featured_media":125914,"comment_status":"","ping_status":"","sticky":false,"template":"","format":"standard","meta":{"footnotes":""},"categories":[277],"tags":[373,168,25,24,23,167,374],"class_list":{"0":"post-125913","1":"post","2":"type-post","3":"status-publish","4":"format-standard","5":"has-post-thumbnail","7":"category-toreo","8":"tag-bullfighting","9":"tag-deportes","10":"tag-es","11":"tag-espana","12":"tag-spain","13":"tag-sports","14":"tag-toreo"},"share_on_mastodon":{"url":"","error":""},"_links":{"self":[{"href":"https:\/\/www.europesays.com\/es\/wp-json\/wp\/v2\/posts\/125913","targetHints":{"allow":["GET"]}}],"collection":[{"href":"https:\/\/www.europesays.com\/es\/wp-json\/wp\/v2\/posts"}],"about":[{"href":"https:\/\/www.europesays.com\/es\/wp-json\/wp\/v2\/types\/post"}],"author":[{"embeddable":true,"href":"https:\/\/www.europesays.com\/es\/wp-json\/wp\/v2\/users\/2"}],"replies":[{"embeddable":true,"href":"https:\/\/www.europesays.com\/es\/wp-json\/wp\/v2\/comments?post=125913"}],"version-history":[{"count":0,"href":"https:\/\/www.europesays.com\/es\/wp-json\/wp\/v2\/posts\/125913\/revisions"}],"wp:featuredmedia":[{"embeddable":true,"href":"https:\/\/www.europesays.com\/es\/wp-json\/wp\/v2\/media\/125914"}],"wp:attachment":[{"href":"https:\/\/www.europesays.com\/es\/wp-json\/wp\/v2\/media?parent=125913"}],"wp:term":[{"taxonomy":"category","embeddable":true,"href":"https:\/\/www.europesays.com\/es\/wp-json\/wp\/v2\/categories?post=125913"},{"taxonomy":"post_tag","embeddable":true,"href":"https:\/\/www.europesays.com\/es\/wp-json\/wp\/v2\/tags?post=125913"}],"curies":[{"name":"wp","href":"https:\/\/api.w.org\/{rel}","templated":true}]}}