{"id":125917,"date":"2025-09-19T19:42:12","date_gmt":"2025-09-19T19:42:12","guid":{"rendered":"https:\/\/www.europesays.com\/es\/125917\/"},"modified":"2025-09-19T19:42:12","modified_gmt":"2025-09-19T19:42:12","slug":"girona-acoge-el-espectaculo-del-xce-en-la-sea-otter-europe","status":"publish","type":"post","link":"https:\/\/www.europesays.com\/es\/125917\/","title":{"rendered":"Girona acoge el espect\u00e1culo del XCE en la Sea Otter Europe"},"content":{"rendered":"<p>Este s\u00e1bado 20 de septiembre, Girona acoger\u00e1 el Campeonato de Espa\u00f1a de XC Eliminator (XCE), que este a\u00f1o se celebra en el marco del festival Sea Otter Europe. La ciudad catalana, conocida por su estrecha relaci\u00f3n con el ciclismo profesional y amateur, ofrecer\u00e1 un escenario vibrante para una disciplina explosiva y cada vez m\u00e1s seguida por los aficionados.<\/p>\n<p><img decoding=\"async\" loading=\"lazy\" width=\"1200\" height=\"800\" style=\"aspect-ratio: 1200\/800;\" alt=\"Campeonato de Espa\u00f1a de XC Eliminator. Imagen: RFEC\" src=\"https:\/\/www.europesays.com\/es\/wp-content\/uploads\/2025\/09\/campeonato-espana-xc-eliminator-2025.jpg\"\/>Campeonato de Espa\u00f1a de XC Eliminator. Imagen: RFECUna cita nacional con sabor internacional<\/p>\n<p>La gran novedad de esta edici\u00f3n es que el campeonato se disputa de manera independiente respecto al Nacional de XCO, lo que refuerza la identidad propia del Eliminator y le otorga un protagonismo exclusivo dentro del calendario nacional. La competici\u00f3n arrancar\u00e1 a las 16:00 horas con salida y llegada en el pabell\u00f3n municipal de Fontajau, un enclave que promete espect\u00e1culo tanto para participantes como para espectadores.<\/p>\n<p>En la parrilla masculina, todos los focos estar\u00e1n puestos en Alberto Mingorance, seis veces campe\u00f3n de Espa\u00f1a, que llega a Girona decidido a ampliar su palmar\u00e9s. No lo tendr\u00e1 f\u00e1cil: Miguel D\u00edaz, subcampe\u00f3n en la edici\u00f3n de 2024 disputada en El Almendro, y el menorqu\u00edn Jaume Bosch llegan con opciones reales de arrebatarle la corona en una modalidad en la que cada detalle cuenta.<\/p>\n<p>En la categor\u00eda femenina, Amparo Chapa defender\u00e1 el maillot rojigualdo frente a un grupo de rivales de gran nivel. Entre ellas destacan Nuria Bosch, Ainara Elbusto, Lucia Macho y Mariona Ratera, candidatas que llegan con ambici\u00f3n y que prometen una lucha cerrada en cada manga eliminatoria. El formato corto e intenso del XCE garantiza emociones fuertes desde la primera ronda hasta la gran final.<\/p>\n<p>El XC Eliminator es una disciplina de puro espect\u00e1culo, donde la t\u00e9cnica, la explosividad y la capacidad de reacci\u00f3n son determinantes. En circuitos urbanos o adaptados, los ciclistas se enfrentan cara a cara en mangas clasificatorias que se deciden en apenas unos minutos. Este dinamismo lo convierte en una prueba ideal para el p\u00fablico, que puede seguir de cerca la acci\u00f3n sin perder detalle.<\/p>\n<p>La celebraci\u00f3n del campeonato en el marco de la Sea Otter Europe a\u00f1ade un atractivo especial. Este festival internacional re\u00fane cada a\u00f1o a miles de aficionados, marcas y profesionales del sector, consolid\u00e1ndose como una de las grandes citas ciclistas del sur de Europa. Contar con un Campeonato Nacional en su programa refuerza la importancia del evento y sit\u00faa al XCE bajo una proyecci\u00f3n medi\u00e1tica de primer nivel.<\/p>\n","protected":false},"excerpt":{"rendered":"Este s\u00e1bado 20 de septiembre, Girona acoger\u00e1 el Campeonato de Espa\u00f1a de XC Eliminator (XCE), que este a\u00f1o&hellip;\n","protected":false},"author":2,"featured_media":125918,"comment_status":"","ping_status":"","sticky":false,"template":"","format":"standard","meta":{"footnotes":""},"categories":[273],"tags":[313,312,168,25,24,23,167],"class_list":{"0":"post-125917","1":"post","2":"type-post","3":"status-publish","4":"format-standard","5":"has-post-thumbnail","7":"category-ciclismo","8":"tag-ciclismo","9":"tag-cycling","10":"tag-deportes","11":"tag-es","12":"tag-espana","13":"tag-spain","14":"tag-sports"},"share_on_mastodon":{"url":"","error":""},"_links":{"self":[{"href":"https:\/\/www.europesays.com\/es\/wp-json\/wp\/v2\/posts\/125917","targetHints":{"allow":["GET"]}}],"collection":[{"href":"https:\/\/www.europesays.com\/es\/wp-json\/wp\/v2\/posts"}],"about":[{"href":"https:\/\/www.europesays.com\/es\/wp-json\/wp\/v2\/types\/post"}],"author":[{"embeddable":true,"href":"https:\/\/www.europesays.com\/es\/wp-json\/wp\/v2\/users\/2"}],"replies":[{"embeddable":true,"href":"https:\/\/www.europesays.com\/es\/wp-json\/wp\/v2\/comments?post=125917"}],"version-history":[{"count":0,"href":"https:\/\/www.europesays.com\/es\/wp-json\/wp\/v2\/posts\/125917\/revisions"}],"wp:featuredmedia":[{"embeddable":true,"href":"https:\/\/www.europesays.com\/es\/wp-json\/wp\/v2\/media\/125918"}],"wp:attachment":[{"href":"https:\/\/www.europesays.com\/es\/wp-json\/wp\/v2\/media?parent=125917"}],"wp:term":[{"taxonomy":"category","embeddable":true,"href":"https:\/\/www.europesays.com\/es\/wp-json\/wp\/v2\/categories?post=125917"},{"taxonomy":"post_tag","embeddable":true,"href":"https:\/\/www.europesays.com\/es\/wp-json\/wp\/v2\/tags?post=125917"}],"curies":[{"name":"wp","href":"https:\/\/api.w.org\/{rel}","templated":true}]}}