{"id":125919,"date":"2025-09-19T19:43:08","date_gmt":"2025-09-19T19:43:08","guid":{"rendered":"https:\/\/www.europesays.com\/es\/125919\/"},"modified":"2025-09-19T19:43:08","modified_gmt":"2025-09-19T19:43:08","slug":"flavio-briatore-termino-con-los-rumores-y-conto-cual-es-el-unico-piloto-que-compite-con-franco-colapinto-por-la-titularidad-de-alpine-en-2026","status":"publish","type":"post","link":"https:\/\/www.europesays.com\/es\/125919\/","title":{"rendered":"Flavio Briatore termin\u00f3 con los rumores y cont\u00f3 cu\u00e1l es el \u00fanico piloto que compite con Franco Colapinto por la titularidad de Alpine en 2026"},"content":{"rendered":"<p><img alt=\"Flavio Briatore dijo que Colapinto\" class=\"global-image\" decoding=\"async\" fetchpriority=\"high\" height=\"1080\" loading=\"eager\" src=\"https:\/\/www.europesays.com\/es\/wp-content\/uploads\/2025\/09\/1758310987_498_W6CUBHGMKNBRXLXEN7LZKCLN4A.jpg\" width=\"1920\"\/>Flavio Briatore dijo que Colapinto compite con el reserva Paul Aron por la titularidad en Alpine (Foto: @briatoreflavio)<\/p>\n<p class=\"paragraph\">La segunda butaca de <b>Alpine <\/b>para el <b>2026 <\/b>es uno de los temas que m\u00e1s interacci\u00f3n est\u00e1 generando en la <b>F\u00f3rmula 1<\/b>. Con <b>Pierre Gasly<\/b> confirmado <a rel=\"noopener noreferrer nofollow\" href=\"https:\/\/www.infobae.com\/deportes\/2025\/09\/06\/alpine-anuncio-la-renovacion-de-pierre-gasly-con-un-fuerte-respaldo-de-briatore-tenemos-confirmado-a-nuestro-piloto-principal\/\" target=\"_blank\" title=\"https:\/\/www.infobae.com\/deportes\/2025\/09\/06\/alpine-anuncio-la-renovacion-de-pierre-gasly-con-un-fuerte-respaldo-de-briatore-tenemos-confirmado-a-nuestro-piloto-principal\/\">hasta 2028<\/a>, el asiento que hoy ocupa <b>Franco Colapinto<\/b> todav\u00eda espera una oficializaci\u00f3n y eso abre la puerta a las especulaciones.<\/p>\n<p class=\"paragraph\">Mientras los medios europeos ponen nombres de todo tipo sobre la mesa, <b>Flavio Briatore<\/b> decidi\u00f3 terminar con todos los rumores y aclar\u00f3 que el segundo titular de <b>Alpine <\/b>saldr\u00e1 de <b>Franco Colapinto<\/b> o el actual corredor de reserva <b>Paul Aron<\/b>.<\/p>\n<p class=\"paragraph\"><b>\u201cEs entre Franco y Paul\u201d<\/b>, le dijo el jefe de la escuder\u00eda en las \u00faltimas horas al medio especializado The Race. En esta entrevista exclusiva, Briatore plante\u00f3: \u201cPaul es un tipo muy agradable y tambi\u00e9n un piloto muy r\u00e1pido. Y yo tengo que entender qu\u00e9 es lo mejor para el equipo, \u00bfentiendes?\u201c.<\/p>\n<p><img alt=\"Paul Aron es el corredor\" class=\"global-image\" decoding=\"async\" fetchpriority=\"low\" height=\"1248\" loading=\"lazy\" src=\"https:\/\/www.europesays.com\/es\/wp-content\/uploads\/2025\/09\/1758310988_203_K2NOR2KZ2FE7DLHFEQIBEMYHR4.jpg\" width=\"1920\"\/>Paul Aron es el corredor de reserva de Alpine (Foto: Prensa Alpine)<\/p>\n<p class=\"paragraph\">Briatore explic\u00f3 que hoy no tiene <b>\u201cning\u00fan inter\u00e9s en nadie\u201d<\/b> y reconoci\u00f3 que antes ten\u00eda intereses cruzados porque ser manager de distintos corredores: \u201cAntes, la gente me volv\u00eda loco (con sus quejas) porque representaba al 50 % de los pilotos (de la parrilla). Ahora, no represento a nadie\u201d.<\/p>\n<p class=\"paragraph\">\u201cNo me importa. <b>No tengo ning\u00fan inter\u00e9s<\/b>. <b>Mi \u00fanico inter\u00e9s es intentar incorporar al equipo al mejor piloto disponible y hacer el mejor trabajo con nosotros<\/b>. Es tan simple como eso. <b>Necesito otra carrera o dos para decidirme, pero, sinceramente, hoy no s\u00e9 (cu\u00e1l de los dos)<\/b>\u201d, advirti\u00f3 sobre la puja entre Colapinto y Aron por el asiento de Alpine en 2026.<\/p>\n<p class=\"paragraph\">Si bien desde Europa buscaron poner sobre la mesa apellidos como <b>Yuki Tsunoda<\/b>, <b>Liam Lawson<\/b>, <b>Mick Schumacher<\/b>, <b>Felipe Drugovich<\/b>, e incluso a <b>Valtteri Bottas<\/b> y <b>Sergio <\/b><b>Checo<\/b><b> P\u00e9rez<\/b> antes de <a rel=\"noopener noreferrer nofollow\" href=\"https:\/\/www.infobae.com\/deportes\/2025\/08\/26\/cadillac-confirmo-a-checo-perez-y-valtteri-bottas-como-pilotos-titulares-para-el-estreno-como-la-11-escuderia-de-la-formula-1\/\" target=\"_blank\" title=\"https:\/\/www.infobae.com\/deportes\/2025\/08\/26\/cadillac-confirmo-a-checo-perez-y-valtteri-bottas-como-pilotos-titulares-para-el-estreno-como-la-11-escuderia-de-la-formula-1\/\">sus firmas con Cadillac<\/a>, Briatore descart\u00f3 traer alguien por fuera de la estructura de Alpine: \u201c<b>No veo ninguna otra posibilidad<\/b>. Vemos a otros, pero <b>no sentimos que tengan nada especial, porque los buenos causan sensaci\u00f3n<\/b>\u201d.<\/p>\n<p class=\"paragraph\">Tras repasar los rendimientos de Michael Schumacher, Lewis Hamilton o Fernando Alonso cuando estaban en categor\u00edas inferiores o equipos de menor nivel antes de dar el salto de calidad, Briatore descart\u00f3 tambi\u00e9n alguna sorpresa de la F\u00f3rmula 2 o de otro equipo: <b>\u201cAhora, quitemos a Max (Verstappen). \u00bfEl resto?&#8230;\u201d<\/b>, pregunt\u00f3 Flavio, tras <b>\u201ccallarse y responder con un encogimiento de hombros\u201d <\/b>ante el cronista del medio The Race.<\/p>\n<p class=\"paragraph\">En las \u00faltimas semanas, la m\u00e1xima autoridad de la escuder\u00eda dio declaraciones un tanto contradictorias sobre esa batalla por el lugar disponible en el equipo. Tras haber lanzado una fuerte cr\u00edtica sobre el nivel del corredor argentino en la previa del Gran Premio de Pa\u00edses Bajos advirtiendo que <a rel=\"noopener noreferrer nofollow\" href=\"https:\/\/www.infobae.com\/deportes\/2025\/08\/29\/la-frase-de-flavio-briatore-sobre-el-futuro-de-franco-colapinto-en-alpine-que-resono-en-la-formula-1\/\" target=\"_blank\" title=\"https:\/\/www.infobae.com\/deportes\/2025\/08\/29\/la-frase-de-flavio-briatore-sobre-el-futuro-de-franco-colapinto-en-alpine-que-resono-en-la-formula-1\/\"><b>\u201cquiz\u00e1 no era el momento adecuado\u201d<\/b><\/a> para tener a Colapinto como titular, Briatore cambi\u00f3 su enfoque y <a rel=\"noopener noreferrer nofollow\" href=\"https:\/\/www.infobae.com\/deportes\/2025\/08\/31\/dejo-las-criticas-atras-los-elogios-de-flavio-briatore-a-colapinto-luego-del-gp-de-paises-bajos-de-f1\/\" target=\"_blank\" title=\"https:\/\/www.infobae.com\/deportes\/2025\/08\/31\/dejo-las-criticas-atras-los-elogios-de-flavio-briatore-a-colapinto-luego-del-gp-de-paises-bajos-de-f1\/\"><b>elogi\u00f3 el nivel<\/b> que tuvo su segundo corredor en ese evento<\/a>.<\/p>\n<p class=\"paragraph\">\u201cPor el momento, creo que <b>Franco est\u00e1 haciendo un buen trabajo<\/b>. Al principio pag\u00f3 un poco su inexperiencia, como muchos novatos y pilotos j\u00f3venes. <b>Ahora, en las \u00faltimas tres o cuatro carreras, ha sido mucho m\u00e1s consistente<\/b>\u201d, <a rel=\"noopener noreferrer nofollow\" href=\"https:\/\/www.infobae.com\/deportes\/2025\/09\/06\/tras-la-inesperada-critica-flavio-briatore-respaldo-a-franco-colapinto-y-le-dejo-un-guino-para-continuar-como-titular-en-alpine-en-2026\/\" target=\"_blank\" title=\"https:\/\/www.infobae.com\/deportes\/2025\/09\/06\/tras-la-inesperada-critica-flavio-briatore-respaldo-a-franco-colapinto-y-le-dejo-un-guino-para-continuar-como-titular-en-alpine-en-2026\/\">lo volvi\u00f3 a elogiar de cara al GP de Italia<\/a>, al mismo tiempo que plante\u00f3 que necesitaba <b>\u201cotras cuatro o cinco carreras\u201d<\/b> antes de dar el veredicto final en<b> \u201cnoviembre\u201d<\/b>.<\/p>\n<p class=\"paragraph\">Esa fecha del calendario se corri\u00f3 apenas unos d\u00edas m\u00e1s tarde cuando anunci\u00f3 que la <b>\u201cdecisi\u00f3n definitiva\u201d<\/b> se llevar\u00eda adelante <b>\u201ca finales de octubre\u201d<\/b> <a rel=\"noopener noreferrer nofollow\" href=\"https:\/\/www.infobae.com\/deportes\/2025\/09\/10\/el-contundente-respaldo-de-briatore-a-colapinto-para-seguir-en-alpine-cuando-tomara-su-decision\/\" target=\"_blank\" title=\"https:\/\/www.infobae.com\/deportes\/2025\/09\/10\/el-contundente-respaldo-de-briatore-a-colapinto-para-seguir-en-alpine-cuando-tomara-su-decision\/\">antes de respaldar nuevamente a Colapinto<\/a>: \u201c<b>El equipo necesita estabilidad, y la posibilidad de conservar a los mismos pilotos forma parte de la estabilidad<\/b>. Por el momento no hemos decidido, pero en condiciones normales, la estabilidad quiere decir que conservo a los dos\u201d.<\/p>\n<p><img alt=\"Franco Colapinto comenz\u00f3 este viernes\" class=\"global-image\" decoding=\"async\" fetchpriority=\"low\" height=\"3830\" loading=\"lazy\" src=\"https:\/\/www.europesays.com\/es\/wp-content\/uploads\/2025\/09\/J775XJ2QPVD7HBRFDUNJDBNH5A.JPG\" width=\"5736\"\/>Franco Colapinto comenz\u00f3 este viernes su actividad en el circuito callejero de Bak\u00fa (Foto: Reuters\/Leonhard Foeger)<\/p>\n<p class=\"paragraph\">En el inicio de la actividad del <b>Gran Premio de Azerbaiy\u00e1n<\/b> en el circuito callejero de Bak\u00fa, el todopoderoso directivo de 75 a\u00f1os volvi\u00f3 a adelantar la fecha de la decisi\u00f3n explicando que <b>precisaba una o dos carreras antes de definir al segundo piloto del 2026<\/b>.<\/p>\n<p class=\"paragraph\">Este <b>domingo, desde las 8 de la ma\u00f1ana de Argentina, se correr\u00e1 la 17\u00aa fecha<\/b> del calendario de F\u00f3rmula 1 en Bak\u00fa. En <b>dos semanas, el domingo 5 de octubre<\/b>, ser\u00e1 el turno de otro trazado urbano en el <b>Gran Premio de Singapur<\/b> que servir\u00e1 como antesala de la gira americana por <b>Texas <\/b>(19 de octubre), <b>M\u00e9xico <\/b>(26 de octubre), <b>Interlagos en Sao Paulo<\/b> (9 de noviembre) y <b>Las Vegas<\/b> (22 de noviembre).<\/p>\n<p class=\"paragraph\">En la nota con The Race, Briatore volvi\u00f3 a insistir sobre la presi\u00f3n que recae sobre los rookies que ascendieron en el \u00faltimo tiempo y c\u00f3mo eso influy\u00f3 en sus rendimientos: \u201cFranco llega&#8230; Estos j\u00f3venes pilotos llegan al equipo con mucha presi\u00f3n. Antonelli, Colapinto, Jack Doohan y dem\u00e1s. Es muy dif\u00edcil manejar el coche, muy dif\u00edcil hablar con los ingenieros. Es un equipo grande. <b>Mil personas, una gran responsabilidad, y tal vez algunos pilotos llegaron a la F1 demasiado pronto<\/b>. Despu\u00e9s de seis, siete u ocho carreras, se ve que Antonelli mejor\u00f3, y despu\u00e9s (Gabriel) Bortoleto mejor\u00f3. <b>Luego, Franco mejor\u00f3. Tenemos que considerar lo que podemos tener<\/b>\u201d, concluy\u00f3.<\/p>\n<p class=\"paragraph\">Franco afrontar\u00e1 este fin de semana su <b>11\u00aa carrera como titular de Alpine<\/b> en el callejero de Bak\u00fa que tuvo un comienzo complicado para los A525 que no lograron encontrar la puesta a punto <a rel=\"noopener noreferrer nofollow\" href=\"https:\/\/www.infobae.com\/deportes\/2025\/09\/19\/franco-colapinto-inicia-su-accion-en-el-circuito-callejero-de-baku-en-una-nueva-fecha-de-la-formula-1\/\" target=\"_blank\" title=\"https:\/\/www.infobae.com\/deportes\/2025\/09\/19\/franco-colapinto-inicia-su-accion-en-el-circuito-callejero-de-baku-en-una-nueva-fecha-de-la-formula-1\/\">en las primeras dos pr\u00e1cticas<\/a>. <\/p>\n<p class=\"paragraph\"><b>Paul Aron<\/b>, que firm\u00f3 su contrato como reserva de la escuder\u00eda a fines de noviembre del 2024, fue cedido a comienzo del calendario para que realice dos pr\u00e1cticas oficiales con <b>Sauber <\/b>(fue 17\u00b0 y 20\u00b0) antes de tener su debut formal con <b>Alpine<\/b>: <a rel=\"noopener noreferrer nofollow\" href=\"https:\/\/www.infobae.com\/deportes\/2025\/09\/05\/el-trompo-de-paul-aron-el-piloto-que-manejo-el-alpine-de-franco-colapinto-en-la-primera-practica-del-gran-premio-de-italia\/\" target=\"_blank\" title=\"https:\/\/www.infobae.com\/deportes\/2025\/09\/05\/el-trompo-de-paul-aron-el-piloto-que-manejo-el-alpine-de-franco-colapinto-en-la-primera-practica-del-gran-premio-de-italia\/\">qued\u00f3 20\u00b0 en la FP1 en Monza que lo vio conducir el coche de Colapinto<\/a>. El estonio de 21 a\u00f1os fue un habitual rival de Colapinto tanto en la F\u00f3rmula 3 como en la F2, donde tuvieron una recordada <a rel=\"noopener noreferrer nofollow\" href=\"https:\/\/www.infobae.com\/deportes\/2024\/05\/18\/epico-triunfo-de-franco-colapinto-en-imola-con-una-maniobra-magistral-en-la-ultima-vuelta-celebro-su-primera-victoria-en-formula-2\/\" target=\"_blank\" title=\"https:\/\/www.infobae.com\/deportes\/2024\/05\/18\/epico-triunfo-de-franco-colapinto-en-imola-con-una-maniobra-magistral-en-la-ultima-vuelta-celebro-su-primera-victoria-en-formula-2\/\">definici\u00f3n con el triunfo del argentino<\/a>.<\/p>\n","protected":false},"excerpt":{"rendered":"Flavio Briatore dijo que Colapinto compite con el reserva Paul Aron por la titularidad en Alpine (Foto: @briatoreflavio)&hellip;\n","protected":false},"author":2,"featured_media":125920,"comment_status":"","ping_status":"","sticky":false,"template":"","format":"standard","meta":{"footnotes":""},"categories":[270],"tags":[36481,168,25,24,406,306,271,272,3019,23,3020,167],"class_list":{"0":"post-125919","1":"post","2":"type-post","3":"status-publish","4":"format-standard","5":"has-post-thumbnail","7":"category-formula-1","8":"tag-baku","9":"tag-deportes","10":"tag-es","11":"tag-espana","12":"tag-europe","13":"tag-f1","14":"tag-formula-1","15":"tag-formula1","16":"tag-motor-racing","17":"tag-spain","18":"tag-sport","19":"tag-sports"},"share_on_mastodon":{"url":"","error":""},"_links":{"self":[{"href":"https:\/\/www.europesays.com\/es\/wp-json\/wp\/v2\/posts\/125919","targetHints":{"allow":["GET"]}}],"collection":[{"href":"https:\/\/www.europesays.com\/es\/wp-json\/wp\/v2\/posts"}],"about":[{"href":"https:\/\/www.europesays.com\/es\/wp-json\/wp\/v2\/types\/post"}],"author":[{"embeddable":true,"href":"https:\/\/www.europesays.com\/es\/wp-json\/wp\/v2\/users\/2"}],"replies":[{"embeddable":true,"href":"https:\/\/www.europesays.com\/es\/wp-json\/wp\/v2\/comments?post=125919"}],"version-history":[{"count":0,"href":"https:\/\/www.europesays.com\/es\/wp-json\/wp\/v2\/posts\/125919\/revisions"}],"wp:featuredmedia":[{"embeddable":true,"href":"https:\/\/www.europesays.com\/es\/wp-json\/wp\/v2\/media\/125920"}],"wp:attachment":[{"href":"https:\/\/www.europesays.com\/es\/wp-json\/wp\/v2\/media?parent=125919"}],"wp:term":[{"taxonomy":"category","embeddable":true,"href":"https:\/\/www.europesays.com\/es\/wp-json\/wp\/v2\/categories?post=125919"},{"taxonomy":"post_tag","embeddable":true,"href":"https:\/\/www.europesays.com\/es\/wp-json\/wp\/v2\/tags?post=125919"}],"curies":[{"name":"wp","href":"https:\/\/api.w.org\/{rel}","templated":true}]}}