{"id":125921,"date":"2025-09-19T19:44:09","date_gmt":"2025-09-19T19:44:09","guid":{"rendered":"https:\/\/www.europesays.com\/es\/125921\/"},"modified":"2025-09-19T19:44:09","modified_gmt":"2025-09-19T19:44:09","slug":"los-miami-heat-reciben-malas-noticias-sobre-tyler-herro","status":"publish","type":"post","link":"https:\/\/www.europesays.com\/es\/125921\/","title":{"rendered":"Los Miami Heat reciben malas noticias sobre Tyler Herro"},"content":{"rendered":"<p data-gtm-element-container=\"modulo-texto-link\" class=\"paragraph\">Sin siquiera empezar, la campa\u00f1a de 2025\/26 de los <strong>Miami Heat<\/strong> arrancar\u00e1 con la ausencia destacada una de sus estrellas. <strong>Tyler Herro<\/strong>, escolta de 25 a\u00f1os de la franquicia de South Beach, tendr\u00e1 que pasar por el quir\u00f3fano para tratarse de unos <strong>problemas en el pie y en el tobillo izquierdo<\/strong> que har\u00e1n que se pierda el inicio de la temporada regular de su equipo.<\/p>\n<p data-gtm-element-container=\"modulo-texto-link\" class=\"paragraph\">Seg\u00fan indic\u00f3 este viernes el Miami Herald, esas molestias en el pie persist\u00edan desde el inicio del verano, y desde ya hace semanas que el jugador hab\u00eda estado recibiendo tratamiento por tal de evitar operarse, aunque sin \u00e9xito. As\u00ed pues, tras pasar por el quir\u00f3fano, <strong>Tyler Herro<\/strong> estar\u00e1 de baja un tiempo<strong> \u00abindefinido\u00bb<\/strong>, pero lo que s\u00ed que est\u00e1 confirmado es que el escolta <strong>se perder\u00e1 el inicio de la campa\u00f1a 2025\/26<\/strong> de los <strong>Miami Heat<\/strong>.<\/p>\n<p>        Lee tambi\u00e9n<\/p>\n<p>    Eloy Rodellar<\/p>\n<p>             <img loading=\"lazy\" decoding=\"async\" data-full-src=\"https:\/\/www.mundodeportivo.com\/uploads\/2025\/09\/10\/68c12b3b6a359.jpeg\" alt=\"Horizontal\" width=\"334\" height=\"164\" src=\"https:\/\/www.europesays.com\/es\/wp-content\/uploads\/2025\/09\/68c12b3b6a359.r_d.3003-1887.jpeg\" class=\"lazy\"\/><\/p>\n<p>                <img loading=\"lazy\" decoding=\"async\" data-full-src=\"https:\/\/www.mundodeportivo.com\/uploads\/2025\/02\/16\/67b1b7c868bda.jpeg\" alt=\"Horizontal\" width=\"449\" height=\"299\" src=\"https:\/\/www.europesays.com\/es\/wp-content\/uploads\/2025\/09\/67b1b7c868bda.jpeg\" class=\"lazy\"\/><\/p>\n<p class=\"caption-title \">Herro celebrando su victoria en el Concurso de Triples del pasado All-Star.\u00a0<\/p>\n<p>                    Godofredo A. V\u00e1squez \/ Ap-LaPresse<\/p>\n<p data-gtm-element-container=\"modulo-texto-link\" class=\"paragraph\">Por otro lado, y no menos importante, Herro ser\u00e1 elegible para negociar una extensi\u00f3n de contrato con los de South Beach a partir del 1 de octubre, la cual se cifrar\u00eda en casi <strong>150 millones de d\u00f3lares en 3 a\u00f1os (a partir de 2027\/28)<\/strong> y se unir\u00eda a los 64 millones que le restan por cobrar hasta el verano de 2027. Ambas partes tendr\u00e1n hasta el 20 de octubre para ponerse de acuerdo.<\/p>\n<p data-gtm-element-container=\"modulo-texto-link\" class=\"paragraph\"><strong>Tyler Herro <\/strong>entrar\u00e1 en la que ser\u00e1 su s\u00e9ptima temporada en la NBA, todas ellas vistiendo la camiseta de los Heat y donde ha logrado pisar unas Finales de la NBA en su a\u00f1o rookie, gan\u00f3 el galard\u00f3n al<strong> Mejor Sexto Hombre del A\u00f1o<\/strong> en 2022 y, por primera vez en su carrera, fue nombrado All-Star en 2024\/25. En su \u00faltimo a\u00f1o, \u00e9ste promedi\u00f3 <strong>23,9 puntos, 5,2 rebotes <\/strong>y <strong>5,5 asistencias <\/strong>por choque en 77 partidos.<\/p>\n","protected":false},"excerpt":{"rendered":"Sin siquiera empezar, la campa\u00f1a de 2025\/26 de los Miami Heat arrancar\u00e1 con la ausencia destacada una de&hellip;\n","protected":false},"author":2,"featured_media":125922,"comment_status":"","ping_status":"","sticky":false,"template":"","format":"standard","meta":{"footnotes":""},"categories":[269],"tags":[299,298,168,25,24,23,167],"class_list":{"0":"post-125921","1":"post","2":"type-post","3":"status-publish","4":"format-standard","5":"has-post-thumbnail","7":"category-baloncesto","8":"tag-baloncesto","9":"tag-basketball","10":"tag-deportes","11":"tag-es","12":"tag-espana","13":"tag-spain","14":"tag-sports"},"share_on_mastodon":{"url":"","error":""},"_links":{"self":[{"href":"https:\/\/www.europesays.com\/es\/wp-json\/wp\/v2\/posts\/125921","targetHints":{"allow":["GET"]}}],"collection":[{"href":"https:\/\/www.europesays.com\/es\/wp-json\/wp\/v2\/posts"}],"about":[{"href":"https:\/\/www.europesays.com\/es\/wp-json\/wp\/v2\/types\/post"}],"author":[{"embeddable":true,"href":"https:\/\/www.europesays.com\/es\/wp-json\/wp\/v2\/users\/2"}],"replies":[{"embeddable":true,"href":"https:\/\/www.europesays.com\/es\/wp-json\/wp\/v2\/comments?post=125921"}],"version-history":[{"count":0,"href":"https:\/\/www.europesays.com\/es\/wp-json\/wp\/v2\/posts\/125921\/revisions"}],"wp:featuredmedia":[{"embeddable":true,"href":"https:\/\/www.europesays.com\/es\/wp-json\/wp\/v2\/media\/125922"}],"wp:attachment":[{"href":"https:\/\/www.europesays.com\/es\/wp-json\/wp\/v2\/media?parent=125921"}],"wp:term":[{"taxonomy":"category","embeddable":true,"href":"https:\/\/www.europesays.com\/es\/wp-json\/wp\/v2\/categories?post=125921"},{"taxonomy":"post_tag","embeddable":true,"href":"https:\/\/www.europesays.com\/es\/wp-json\/wp\/v2\/tags?post=125921"}],"curies":[{"name":"wp","href":"https:\/\/api.w.org\/{rel}","templated":true}]}}