{"id":125923,"date":"2025-09-19T19:45:08","date_gmt":"2025-09-19T19:45:08","guid":{"rendered":"https:\/\/www.europesays.com\/es\/125923\/"},"modified":"2025-09-19T19:45:08","modified_gmt":"2025-09-19T19:45:08","slug":"el-barca-real-sociedad-casi-seguro-en-montjuic","status":"publish","type":"post","link":"https:\/\/www.europesays.com\/es\/125923\/","title":{"rendered":"El Bar\u00e7a-Real Sociedad, casi seguro en Montju\u00efc"},"content":{"rendered":"<p data-gtm-element-container=\"modulo-texto-link\" class=\"paragraph\">A falta de nueve d\u00edas para el <strong>Bar\u00e7a-Real Sociedad<\/strong> del domingo 28 (18.30 horas\/Movistar LaLiga), todo apunta que se jugar\u00e1 tambi\u00e9n en el <strong>Estadi Ol\u00edmpic de Montju\u00efc.<\/strong> Pese a que muchas voces optimistas confiaban d\u00edas atr\u00e1s que podr\u00eda llegar a disputarse en el <strong>Spotify Camp Nou<\/strong>, la realidad es que el club no dispone todav\u00eda del <strong>Certificado Final de Obra<\/strong> firmado, indispensable para que el <strong>Ayuntamiento de Barcelona<\/strong> otorgue despu\u00e9s la <strong>Licencia de Primera Ocupaci\u00f3n.<\/strong><\/p>\n<p data-gtm-element-container=\"modulo-texto-link\" class=\"paragraph\">Ante este escenario, el club azulgrana s\u00ed tendr\u00e1 ya operativo el <strong>Llu\u00eds Companys <\/strong>con el c\u00e9sped en condiciones despu\u00e9s de empezar este jueves los trabajos de acondicionamiento una vez celebrado el viernes 12 el \u00faltimo concierto estival (<strong>Post Malone<\/strong>). A pesar de los problemas de accesos debido a la coincidencia con el <strong>Piromusical <\/strong>de la <strong>Merc\u00e8<\/strong>, el regreso al<strong> Estadi Ol\u00edmpic <\/strong>se contempla como la opci\u00f3n m\u00e1s id\u00f3nea por delante del <strong>Estadi Johan Cruyff.<\/strong> Por un lado, el <strong>Bar\u00e7a <\/strong>deber\u00eda pedir una nueva excepci\u00f3n a <strong>LaLiga <\/strong>para albergar un tercer encuentro all\u00ed tras el del <strong>Valencia <\/strong>del \u00faltimo domingo y el del <strong>Getafe <\/strong>de pasado ma\u00f1ana con un aforo de 6.000 asientos, menor al exigido en <strong>Primera Divisi\u00f3n <\/strong>(8.000). Y ah\u00ed el club considera que, teniendo apto el <strong>Estadi Ol\u00edmpic<\/strong>, ya debe priorizar  una mayor capacidad (50.315) y la consiguiente superior recaudaci\u00f3n despu\u00e9s de dos partidos bajo m\u00ednimos.<\/p>\n<p>    Lee tambi\u00e9n<\/p>\n<p data-gtm-element-container=\"modulo-texto-link\" class=\"paragraph\">El problema ser\u00e1 en cuanto a la entrada y salida de los aficionados. <strong>LaLiga <\/strong>avanz\u00f3 el partido de las 21 h. a las 18.30 h. tras recibir a trav\u00e9s del <strong>Bar\u00e7a <\/strong>un informe de la<strong> Guardia Urbana <\/strong>desaconsejando que se jugara por la noche y pidiendo que empezara a las 16.15 h. como muy tarde. Finalmente, la patronal lo dej\u00f3 para media tarde, lo que generar\u00e1 m\u00e1s incomodidades a la afici\u00f3n, que no podr\u00e1 subir ni bajar del <strong>Estadi Ol\u00edmpic <\/strong> por las escaleras mec\u00e1nicas debido    a que esa zona estar\u00e1 acordonada desde las 15 h. por la pirotecnia ya instalada que se lanzar\u00e1.  Habr\u00e1 que llegar al <strong>Llu\u00eds Companys<\/strong> a pie por la <strong>Avinguda Ferrer i Gu\u00e0rdia<\/strong>, por el <strong>Carrer del Foc<\/strong> desde la <strong>Zona Franca <\/strong>o  desde <strong>Miramar <\/strong>con el <strong>Funicular <\/strong>como mayor medio de transporte. Se espera tambi\u00e9n un refuerzo de los autobuses lanzaderas. Cuando acabe el partido sobre las 20.30 h., no se podr\u00e1 transitar tampoco por la <strong>Avinguda de la Reina Maria Cristina,<\/strong> tradicionalmente ocupada desde horas antes por los ciudadanos para ver el <strong>Piromusical<\/strong>.<\/p>\n<p data-gtm-element-container=\"modulo-texto-link\" class=\"paragraph\">A todo ello hay que sumar que el operativo de seguridad general en la monta\u00f1a m\u00e1gica, que albergar\u00e1 aquella noche la cena de bienvenida de la <strong>Conferencia Mundial de la UNESCO Mondiacult 2025,<\/strong>\u00a0acogida por el Gobierno de Espa\u00f1a, con m\u00e1s de un centenar de\u00a0 ministros de Cultura de todo el mundo.<\/p>\n","protected":false},"excerpt":{"rendered":"A falta de nueve d\u00edas para el Bar\u00e7a-Real Sociedad del domingo 28 (18.30 horas\/Movistar LaLiga), todo apunta que&hellip;\n","protected":false},"author":2,"featured_media":125924,"comment_status":"","ping_status":"","sticky":false,"template":"","format":"standard","meta":{"footnotes":""},"categories":[268],"tags":[168,25,24,280,282,281,23,167],"class_list":{"0":"post-125923","1":"post","2":"type-post","3":"status-publish","4":"format-standard","5":"has-post-thumbnail","7":"category-futbol","8":"tag-deportes","9":"tag-es","10":"tag-espana","11":"tag-football","12":"tag-futbol","13":"tag-soccer","14":"tag-spain","15":"tag-sports"},"share_on_mastodon":{"url":"","error":""},"_links":{"self":[{"href":"https:\/\/www.europesays.com\/es\/wp-json\/wp\/v2\/posts\/125923","targetHints":{"allow":["GET"]}}],"collection":[{"href":"https:\/\/www.europesays.com\/es\/wp-json\/wp\/v2\/posts"}],"about":[{"href":"https:\/\/www.europesays.com\/es\/wp-json\/wp\/v2\/types\/post"}],"author":[{"embeddable":true,"href":"https:\/\/www.europesays.com\/es\/wp-json\/wp\/v2\/users\/2"}],"replies":[{"embeddable":true,"href":"https:\/\/www.europesays.com\/es\/wp-json\/wp\/v2\/comments?post=125923"}],"version-history":[{"count":0,"href":"https:\/\/www.europesays.com\/es\/wp-json\/wp\/v2\/posts\/125923\/revisions"}],"wp:featuredmedia":[{"embeddable":true,"href":"https:\/\/www.europesays.com\/es\/wp-json\/wp\/v2\/media\/125924"}],"wp:attachment":[{"href":"https:\/\/www.europesays.com\/es\/wp-json\/wp\/v2\/media?parent=125923"}],"wp:term":[{"taxonomy":"category","embeddable":true,"href":"https:\/\/www.europesays.com\/es\/wp-json\/wp\/v2\/categories?post=125923"},{"taxonomy":"post_tag","embeddable":true,"href":"https:\/\/www.europesays.com\/es\/wp-json\/wp\/v2\/tags?post=125923"}],"curies":[{"name":"wp","href":"https:\/\/api.w.org\/{rel}","templated":true}]}}