{"id":125925,"date":"2025-09-19T19:46:08","date_gmt":"2025-09-19T19:46:08","guid":{"rendered":"https:\/\/www.europesays.com\/es\/125925\/"},"modified":"2025-09-19T19:46:08","modified_gmt":"2025-09-19T19:46:08","slug":"mi-primera-actuacion-fue-en-la-fiesta-de-navidad-del-colegio","status":"publish","type":"post","link":"https:\/\/www.europesays.com\/es\/125925\/","title":{"rendered":"\u201cMi primera actuaci\u00f3n fue en la fiesta de Navidad del colegio\u201d"},"content":{"rendered":"<p>Muchos han descubierto a Supremme Deluxe gracias a \u2018Drag Race\u2019 y \u2018Tu cara me suena 11\u2019, pero la artista tiene una larga carrera teatral. Ahora estrena su nuevo espect\u00e1culo, \u2018Intim\u00edsimo\u2019, el 26 y 27 de septiembre en el teatro La Latina de Madrid.<\/p>\n<p><strong>\u00bfQu\u00e9 tiene de especial tu espect\u00e1culo \u2018Intim\u00edsimo\u2019?<\/strong><br \/>El espect\u00e1culo var\u00eda porque tiene mucha parte en la que el p\u00fablico viene a contar sus cosas, as\u00ed que dependiendo de lo que te vaya contando la gente, es algo muy distinto.<\/p>\n<p><strong>\u00bfC\u00f3mo consigues que el p\u00fablico se abra para contar sus cosas?<\/strong><br \/>Yo transmito que nadie va a estar inc\u00f3modo, digo que soy coordinadora de intimidad de la vida. Es verdad que yo tengo mucha facilidad de que la gente me cuente cosas. Y yo tengo un mantra en este espect\u00e1culo que viene muy bien porque siempre hay otra que est\u00e1 peor que t\u00fa.<\/p>\n<p><strong>Llevas trabajando mucho a\u00f1os pero, de alguna manera, el \u00e9xito te ha venido ahora. \u00bfC\u00f3mo lo est\u00e1s viviendo?<\/strong><br \/>Bien. Lo he colocado much\u00edsimo mejor porque me ha llegado a partir de los 40. Yo llevo haciendo teatro desde los 13 a\u00f1os. Es un momento agradable pero es un trabajo m\u00e1s. Con todo lo bueno que implica, pero mi vida es mi vida, sigue siendo igual, que es mi perra, mi familia, mis amigos.<\/p>\n<p><strong>\u00bfCu\u00e1l fue tu primera actuaci\u00f3n siendo Supremme?<\/strong><br \/>Fue en la fiesta de Navidad del colegio, que yo ya lo hab\u00eda acabado, pero fui al a\u00f1o siguiente. En esa \u00e9poca hab\u00eda playback, luego empec\u00e9 a cantar y tal. Fue \u2018Pantera en libertad\u2019 de M\u00f3nica Naranjo, que lo ten\u00eda en cinta de casette.<\/p>\n<p><img loading=\"lazy\" decoding=\"async\"   src=\"https:\/\/www.europesays.com\/es\/wp-content\/uploads\/2025\/09\/supremme_2faa8c8b_250919164618_1200x2115.webp.webp\" alt=\"Supremme\" class=\"lazyload\" width=\"1200\" height=\"2115\" data-aspectratio=\"1200\/2115\"\/>&#13;Pern\u00eda<\/p>\n<p><strong>Un de tus aficiones es el cine de terror.<\/strong><br \/>Me encanta, soy super friki. Y la parte del maquillaje empez\u00f3 por ah\u00ed. El primer maquillaje que aprend\u00ed a hacerme fue el de la ni\u00f1a de \u2018El exorcista\u2019, que es mi pel\u00edcula favorita de todas, no solo de terror. Aprend\u00ed \u00e9ste y, luego, a hacer zombis.<\/p>\n<p><strong>\u00bfD\u00f3nde aprend\u00edas?<\/strong><br \/>En fanzines y en revistas. Muchas cosas me las hac\u00eda yo, con harina, con pegamento transparente, con papel higi\u00e9nico\u2026 yo he llegado a hacer un Freddy Krugger todo con papel higi\u00e9nico.<\/p>\n<p><strong>En tu familia hay una figura muy importante, que es tu abuela Luisa, \u00bfqu\u00e9 es para ti?<\/strong><br \/>Mi madre muri\u00f3 y es el nexo que me queda con mi madre. Ha cumplido 93 a\u00f1os y fue abuela muy joven. Hemos vivido mucho, hemos compartido mucho tiempo. Ella se separ\u00f3 en los 70, una \u00e9poca complicada, con tres hijos para salir adelante.<\/p>\n<p><strong>\u00bfQu\u00e9 opina ella de Supremme?<\/strong><br \/>Pues muy bien. Me dice lo bien que me arreglo.<\/p>\n<p><strong>\u00bfCu\u00e1nto tiempo sueles tardar en prepararte?<\/strong><br \/>Para el teatro un poco menos porque estamos lejos, pero para la televisi\u00f3n tres horas o cuatro<\/p>\n<p><strong>\u00bfCu\u00e1ntas pelucas puedes tener en casa?<\/strong><br \/>No lo s\u00e9, un mont\u00f3n. Tengo poco apego a las cosas, cada seis meses o as\u00ed hago limpia, de lo m\u00edo y del espect\u00e1culo. Tambi\u00e9n alquilo mucha ropa, sobre todo si es una aparici\u00f3n.<\/p>\n","protected":false},"excerpt":{"rendered":"Muchos han descubierto a Supremme Deluxe gracias a \u2018Drag Race\u2019 y \u2018Tu cara me suena 11\u2019, pero la&hellip;\n","protected":false},"author":2,"featured_media":125926,"comment_status":"","ping_status":"","sticky":false,"template":"","format":"standard","meta":{"footnotes":""},"categories":[174],"tags":[255,146,147,25,24,256,23],"class_list":{"0":"post-125925","1":"post","2":"type-post","3":"status-publish","4":"format-standard","5":"has-post-thumbnail","7":"category-famosos","8":"tag-celebrities","9":"tag-entertainment","10":"tag-entretenimiento","11":"tag-es","12":"tag-espana","13":"tag-famosos","14":"tag-spain"},"share_on_mastodon":{"url":"","error":""},"_links":{"self":[{"href":"https:\/\/www.europesays.com\/es\/wp-json\/wp\/v2\/posts\/125925","targetHints":{"allow":["GET"]}}],"collection":[{"href":"https:\/\/www.europesays.com\/es\/wp-json\/wp\/v2\/posts"}],"about":[{"href":"https:\/\/www.europesays.com\/es\/wp-json\/wp\/v2\/types\/post"}],"author":[{"embeddable":true,"href":"https:\/\/www.europesays.com\/es\/wp-json\/wp\/v2\/users\/2"}],"replies":[{"embeddable":true,"href":"https:\/\/www.europesays.com\/es\/wp-json\/wp\/v2\/comments?post=125925"}],"version-history":[{"count":0,"href":"https:\/\/www.europesays.com\/es\/wp-json\/wp\/v2\/posts\/125925\/revisions"}],"wp:featuredmedia":[{"embeddable":true,"href":"https:\/\/www.europesays.com\/es\/wp-json\/wp\/v2\/media\/125926"}],"wp:attachment":[{"href":"https:\/\/www.europesays.com\/es\/wp-json\/wp\/v2\/media?parent=125925"}],"wp:term":[{"taxonomy":"category","embeddable":true,"href":"https:\/\/www.europesays.com\/es\/wp-json\/wp\/v2\/categories?post=125925"},{"taxonomy":"post_tag","embeddable":true,"href":"https:\/\/www.europesays.com\/es\/wp-json\/wp\/v2\/tags?post=125925"}],"curies":[{"name":"wp","href":"https:\/\/api.w.org\/{rel}","templated":true}]}}