{"id":125927,"date":"2025-09-19T19:47:08","date_gmt":"2025-09-19T19:47:08","guid":{"rendered":"https:\/\/www.europesays.com\/es\/125927\/"},"modified":"2025-09-19T19:47:08","modified_gmt":"2025-09-19T19:47:08","slug":"capta-el-aura-de-las-personas-a-las-que-retrata","status":"publish","type":"post","link":"https:\/\/www.europesays.com\/es\/125927\/","title":{"rendered":"\u00abCapta el aura de las personas a las que retrata\u00bb"},"content":{"rendered":"<p><strong><a href=\"https:\/\/theobjective.com\/etiqueta\/marta-ortega\/\" rel=\"nofollow noopener\" target=\"_blank\">Marta Ortega<\/a><\/strong> trabaja mucho m\u00e1s all\u00e1 de Inditex. La heredera de uno de los imperios textiles m\u00e1s importantes del mundo tiene otras pasiones que poco tienen que ver con la moda. En su juventud se dedic\u00f3 a la h\u00edpica y, m\u00e1s tarde, una vez entendida su vocaci\u00f3n, decidi\u00f3 crear su propia fundaci\u00f3n -la Fundaci\u00f3n Marta Ortega-. Esta se constituy\u00f3 en el a\u00f1o 2022 y se dedica al <strong>fomento y la difusi\u00f3n de la cultura, las artes y las letras<\/strong>\u00a0en cualquiera de sus manifestaciones, con una atenci\u00f3n especial a las artes audiovisuales y a la fotograf\u00eda.\u00a0Es por eso que en su sede se celebran distintas exposiciones, relacionadas con el mundo de la fotograf\u00eda, que, en esta ocasi\u00f3n, no han querido perderse el talento de <strong><a href=\"https:\/\/theobjective.com\/gente\/2025-09-14\/annie-leibovitz-ultima-fotografa-lennon-escandalos\/\" rel=\"nofollow noopener\" target=\"_blank\">Annie Leibovitz<\/a><\/strong>. <\/p>\n<p>En las pr\u00f3ximas semanas, la fundaci\u00f3n acoger\u00e1 la primera gran retrospectiva en Espa\u00f1a de Annie Leibovitz. Esta exposici\u00f3n se titula Wonderland, se inaugurar\u00e1 el 22 de noviembre de 2025 en el espacio de la fundaci\u00f3n en el puerto de A Coru\u00f1a, y estar\u00e1 abierta hasta el 1 de mayo de 2026. Es la primera vez que una mujer es la protagonista de las grandes exposiciones del programa de MOP; hasta ahora todas hab\u00edan sido hombres fot\u00f3grafos reconocidos. Es m\u00e1s, la heredera de <strong>Inidtex<\/strong>, salt\u00e1ndose una de sus mayores normas que es la de no hablar demasiado con los medios de comunicaci\u00f3n, ha reconocido que la fot\u00f3grafa tiene la capacidad de \u00abcaptar el aura de las personas que retrata\u00bb y que encuentra las verdades que \u00abno est\u00e1n a la vista de nadie m\u00e1s\u00bb. <\/p>\n<p>La relaci\u00f3n de Marta Ortega y Annie Leibovitz <\/p>\n<p><img fetchpriority=\"high\" decoding=\"async\" width=\"1024\" height=\"576\" src=\"https:\/\/www.europesays.com\/es\/wp-content\/uploads\/2025\/09\/annie-leibovitz-hijas-1024x576.jpg\" alt=\"\" class=\"wp-image-3715599\"  \/>La fot\u00f3grama Annie Leibovitz en Roma en 2008. | Gtres<\/p>\n<p>Lo cierto es que Wonderland\u00a0recoge un amplio recorrido por la obra de Leibovitz: desde sus primeros retratos en los a\u00f1os en que trabajaba para\u00a0Rolling Stone, pasando por su evoluci\u00f3n art\u00edstica, fotograf\u00eda de moda, retratos \u00edntimos, retratos de personajes famosos, etc. Esta incluye im\u00e1genes de moda muchas de las cuales\u00a0<strong>no hab\u00edan sido expuestas antes en Espa\u00f1a<\/strong>. Como dec\u00edamos, a trav\u00e9s de su fundaci\u00f3n, la hija de Amancio Ortega proporciona un espacio para la cultura. Esta tiene, adem\u00e1s, tres grandes ejes. La Coru\u00f1a es la ciudad donde se ubica su sede f\u00edsica \u2014en los espacios en el muelle del puerto, antigua zona portuaria recuperada\u2014 y donde desarrolla la mayor\u00eda de sus actividades.<\/p>\n<p>En todo este tiempo se han realizado varias exposiciones de fot\u00f3grafos nacionales e internacionales, muchas de las cuales son retrospectivas, con obras ic\u00f3nicas y tambi\u00e9n in\u00e9ditas. Y la moda no es solamente la tem\u00e1tica m\u00e1s presente en muchas de sus exposiciones sino que, tambi\u00e9n, nos encontramos con un di\u00e1logo entre arte, estilo, est\u00e9tica visual. All\u00ed se han desarrollado la organizaci\u00f3n de grandes exposiciones en La Coru\u00f1a con fot\u00f3grafos de renombre internacional, como <strong>Peter Lindbergh, Steven Meisel, Helmut Newton, Irving Penn y pr\u00f3ximamente Annie Leibovitz<\/strong>. Adem\u00e1s, tambi\u00e9n se dedica a la restauraci\u00f3n y adaptaci\u00f3n de espacios culturales en la ciudad, como naves antiguas o silos, muelles portuarios, para albergar estos eventos expositivos.\u00a0<\/p>\n<p>A qu\u00e9 se dedica la Fundaci\u00f3n Marta Ortega en La Coru\u00f1a <\/p>\n<p>Tambi\u00e9n, se han centrado en la promoci\u00f3n del talento local. Adem\u00e1s de los grandes nombres internacionales, la fundaci\u00f3n tambi\u00e9n organiza exposiciones con j\u00f3venes artistas gallegos y se centran en la educaci\u00f3n y varias actividades paralelas. Realizan iniciativas formativas, talleres, eventos que complementan las exposiciones, y actividades culturales eventuales alrededor del arte y la moda.\u00a0En estos a\u00f1os tiene previsto invertir unos\u00a0<strong>97 millones de euros en nueve a\u00f1os<\/strong>\u00a0(2024-2032) para el desarrollo continuado de su acci\u00f3n cultural.\u00a0Dentro de esa inversi\u00f3n se contemplan los costes de exposiciones, los honorarios de los fot\u00f3grafos, log\u00edstica, transporte de obras, adecuaciones de espacios, comunicaci\u00f3n, campa\u00f1as promocionales, funcionamiento general, etc.<\/p>\n<p><img loading=\"lazy\" decoding=\"async\" width=\"1024\" height=\"576\" src=\"https:\/\/www.europesays.com\/es\/wp-content\/uploads\/2025\/09\/marta-ortega-situacion-economica-1024x576.jpg\" alt=\"\" class=\"wp-image-3663575\"  \/>Marta Ortega tiene una relaci\u00f3n muy estrecha con el arte. | Gtres<\/p>\n<p>Actualmente, adem\u00e1s, est\u00e1 en tr\u00e1mites para conseguir una\u00a0<strong>concesi\u00f3n demanial<\/strong>\u00a0del muelle de Bater\u00eda (Puerto de A Coru\u00f1a) para formalizar legalmente el uso de los espacios portuarios para sus exposiciones y poder consolidar sus instalaciones. En todos estos a\u00f1os, Marta Ortega ga demostrado que tiene un papel clave dentro de su fundaci\u00f3n. Adem\u00e1s de fundadora, la hija de Amancio Ortega es presidenta vitalicia. En sus estatutos y patronato aparece como cabeza visible de las decisiones de la Fundaci\u00f3n, liderando la definici\u00f3n de la estrategia cultural, selecci\u00f3n de exposiciones, del lugar f\u00edsico y de sus l\u00edneas de acci\u00f3n.\u00a0Y es m\u00e1s, no solamente ha creado la fundaci\u00f3n, sino que, tambi\u00e9n, participa activamente en traer exposiciones internacionales de fotograf\u00eda de alto nivel \u2014Peter Lindbergh, Irving Penn, Steven Meisel, etc.\u2014 al espacio de la Fundaci\u00f3n.<\/p>\n<p>Annie Leibovitz, una figura clave tambi\u00e9n en nuestro pa\u00eds <\/p>\n<p>Adem\u00e1s, supervisa que la Fundaci\u00f3n cumpla con su <strong>compromiso cultural<\/strong> hacia la ciudad de A Coru\u00f1a, convirti\u00e9ndola en un referente en lo que respecta a la moda, el arte y la fotograf\u00eda. Por su parte, Annie Leibovitz es una de las fot\u00f3grafas m\u00e1s reconocidas a nivel internacional. Adem\u00e1s, tiene una conexi\u00f3n especial con nuestro pa\u00eds despu\u00e9s de que retratara a los Reyes. La fot\u00f3grafa ha sido reconocida por su estilo narrativo y escenogr\u00e1fico que combina retrato y arte visual. Comenz\u00f3 su carrera en\u00a0Rolling Stone\u00a0en los a\u00f1os 70, donde se convirti\u00f3 en fot\u00f3grafa jefe y capt\u00f3 im\u00e1genes ic\u00f3nicas de la cultura del rock, como el retrato de John Lennon y Yoko Ono horas antes de la muerte del m\u00fasico. M\u00e1s tarde, en\u00a0Vanity Fair\u00a0y\u00a0Vogue, consolid\u00f3 su fama con retratos teatrales de celebridades, artistas y l\u00edderes pol\u00edticos, que destacan por su puesta en escena, iluminaci\u00f3n cuidada y carga simb\u00f3lica. Su obra ha trascendido la fotograf\u00eda editorial, exponi\u00e9ndose en museos de prestigio y consolid\u00e1ndola como referente absoluto en el retrato contempor\u00e1neo.<\/p>\n<p><img loading=\"lazy\" decoding=\"async\" width=\"1024\" height=\"683\" src=\"https:\/\/www.europesays.com\/es\/wp-content\/uploads\/2025\/09\/annie-leibovitz-reyes-1024x683.jpg\" alt=\"\" class=\"wp-image-3715584\"  \/>Los reyes Felipe VI y Letizia durante la presentaci\u00f3n de sus retratos por la fot\u00f3grafa Annie Leibovitz, en el Banco de Espa\u00f1a en Madrid, el 26 de febrero de 2025. | Europa Press<\/p>\n<p>Annie Leibovitz ha retratado en varias ocasiones a la realeza, aportando su estilo cinematogr\u00e1fico y narrativo a un g\u00e9nero tradicionalmente solemne. Quiz\u00e1 los m\u00e1s c\u00e9lebres son los\u00a0<strong>retratos oficiales de la reina Isabel II en 2007<\/strong>, encargados por el Palacio de Buckingham. Leibovitz se convirti\u00f3 en la primera fot\u00f3grafa estadounidense en realizar este trabajo y cre\u00f3 im\u00e1genes que combinan la majestuosidad de la monarqu\u00eda con un tono m\u00e1s humano y cercano. Por su parte, los retratos de los Reyes fueron encargados por el Banco de Espa\u00f1a y la sesi\u00f3n tuvo lugar en febrero de 2024 en el Palacio Real de Madrid. Dur\u00f3 unas <strong>cinco horas <\/strong>y se hicieron con motivo de dos aniversarios: el d\u00e9cimo del reinado de Felipe VI y el vig\u00e9simo aniversario de su matrimonio con Letizia. <\/p>\n","protected":false},"excerpt":{"rendered":"Marta Ortega trabaja mucho m\u00e1s all\u00e1 de Inditex. La heredera de uno de los imperios textiles m\u00e1s importantes&hellip;\n","protected":false},"author":2,"featured_media":125928,"comment_status":"","ping_status":"","sticky":false,"template":"","format":"standard","meta":{"footnotes":""},"categories":[173],"tags":[229,233,231,230,255,232,234,146,147,25,24,3906,37261,23],"class_list":{"0":"post-125927","1":"post","2":"type-post","3":"status-publish","4":"format-standard","5":"has-post-thumbnail","7":"category-arte-y-diseno","8":"tag-arte","9":"tag-arte-y-diseno","10":"tag-arts","11":"tag-arts-and-design","12":"tag-celebrities","13":"tag-design","14":"tag-diseno","15":"tag-entertainment","16":"tag-entretenimiento","17":"tag-es","18":"tag-espana","19":"tag-inditex","20":"tag-marta-ortega","21":"tag-spain"},"share_on_mastodon":{"url":"","error":""},"_links":{"self":[{"href":"https:\/\/www.europesays.com\/es\/wp-json\/wp\/v2\/posts\/125927","targetHints":{"allow":["GET"]}}],"collection":[{"href":"https:\/\/www.europesays.com\/es\/wp-json\/wp\/v2\/posts"}],"about":[{"href":"https:\/\/www.europesays.com\/es\/wp-json\/wp\/v2\/types\/post"}],"author":[{"embeddable":true,"href":"https:\/\/www.europesays.com\/es\/wp-json\/wp\/v2\/users\/2"}],"replies":[{"embeddable":true,"href":"https:\/\/www.europesays.com\/es\/wp-json\/wp\/v2\/comments?post=125927"}],"version-history":[{"count":0,"href":"https:\/\/www.europesays.com\/es\/wp-json\/wp\/v2\/posts\/125927\/revisions"}],"wp:featuredmedia":[{"embeddable":true,"href":"https:\/\/www.europesays.com\/es\/wp-json\/wp\/v2\/media\/125928"}],"wp:attachment":[{"href":"https:\/\/www.europesays.com\/es\/wp-json\/wp\/v2\/media?parent=125927"}],"wp:term":[{"taxonomy":"category","embeddable":true,"href":"https:\/\/www.europesays.com\/es\/wp-json\/wp\/v2\/categories?post=125927"},{"taxonomy":"post_tag","embeddable":true,"href":"https:\/\/www.europesays.com\/es\/wp-json\/wp\/v2\/tags?post=125927"}],"curies":[{"name":"wp","href":"https:\/\/api.w.org\/{rel}","templated":true}]}}