{"id":125929,"date":"2025-09-19T19:48:12","date_gmt":"2025-09-19T19:48:12","guid":{"rendered":"https:\/\/www.europesays.com\/es\/125929\/"},"modified":"2025-09-19T19:48:12","modified_gmt":"2025-09-19T19:48:12","slug":"gilma-luque-recomienda-libros-intensos-y-profundos","status":"publish","type":"post","link":"https:\/\/www.europesays.com\/es\/125929\/","title":{"rendered":"Gilma Luque recomienda libros intensos y profundos"},"content":{"rendered":"<p>En esta entrevista, <strong>Gilma Luque<\/strong> nos invita a adentrarnos en su novela El hombre en el jard\u00edn, ganadora del Premio Internacional de Novela Breve Rosario Castellanos 2023, en la que enlaza su propia experiencia en la Ciudad de M\u00e9xico con la ficci\u00f3n, para crear una interesante reflexi\u00f3n sobre la descomposici\u00f3n de los afectos, la identidad femenina y la reconstrucci\u00f3n personal ante las p\u00e9rdidas. Adem\u00e1s, recomienda<strong> libros intensos y profundos.<\/strong><\/p>\n<p>Videoentrevista con Gilma Luque<\/p>\n<p>\t\t\t\tGilma Luque: entrevista y libros recomendados<\/p>\n<p>                <img loading=\"lazy\" decoding=\"async\" src=\"https:\/\/www.europesays.com\/es\/wp-content\/uploads\/2025\/09\/gilma-luque-entrevista-y-libros-recomendados.jpg\" alt=\"Gilma Luque: entrevista y libros recomendados\" type=\"image\/jpeg\" width=\"1200\" height=\"675\" onerror=\"this.onerror=null;this.src=`\/bundles\/libroteacore\/fallback-image\/545\/320.png`;\" class=\"w-full\" data-camus-image=\"\"\/><\/p>\n<p>Una met\u00e1fora del desamor y la transformaci\u00f3n<\/p>\n<p>El hombre en el jard\u00edn plasma la historia de In\u00e9s y Emilio, una pareja que despu\u00e9s de muchos a\u00f1os juntos ve c\u00f3mo su relaci\u00f3n llega a su punto final. En entrevista, <a href=\"https:\/\/letraslibres.com\/author\/gilma-luque\" target=\"_blank\" rel=\"nofollow noopener\">Gilma Luque<\/a> comparte que se trata de \u00abuna pareja que lleva muchos a\u00f1os juntos y se est\u00e1 acabando su relaci\u00f3n. Entonces, <strong>\u00e9l decide irse a vivir al jard\u00edn de la casa que habitan en la colonia N\u00e1poles de la Ciudad de M\u00e9xico<\/strong>, estilo californiano, muy vieja, heredada por los bisabuelos de ella. Y aunque a ella le parece un poco absurdo, lo permite\u00bb.\u00a0<\/p>\n<p>Esta premisa aparentemente sencilla esconde una potente met\u00e1fora sobre el desamor y la extra\u00f1eza: \u00ab<strong>La idea es que ellos dos no se pueden comunicar. <\/strong>El hecho de que \u00e9l se vaya al jard\u00edn es una met\u00e1fora de esos momentos en que una pareja se deja de amar, deja de reconocer al otro. Lo \u00edntimo y cercano se vuelve extra\u00f1o\u00bb.<\/p>\n<p>Luque profundiza en c\u00f3mo este microcosmos de la ruptura se ampl\u00eda con el contexto de una ciudad en radical transformaci\u00f3n: \u00abAlrededor de la casa est\u00e1n tirando otras de ese tipo y construyendo edificios. Entonces, hay much\u00edsimo ruido, hay much\u00edsimo polvo, es como un caos\u00bb. Este paisaje de demolici\u00f3n y construcci\u00f3n refleja el mundo interior de la protagonista, <strong>creando un paralelismo entre la destrucci\u00f3n del entorno y la descomposici\u00f3n emocional.\u00a0<\/strong><\/p>\n<p>La novela se convierte as\u00ed en <strong>un viaje a trav\u00e9s de la memoria<\/strong> de In\u00e9s, un regreso a una infancia marcada por el abandono pero tambi\u00e9n por el amor de sus abuelos, en un intento por rellenar los huecos de su identidad y encontrar, entre los escombros de su vida, la posibilidad de conquistarse a s\u00ed misma.<\/p>\n<p>                <img loading=\"lazy\" decoding=\"async\" src=\"https:\/\/www.europesays.com\/es\/wp-content\/uploads\/2025\/09\/el-hombre-en-el-jardin.jpeg\" alt=\"El hombre en el jard\u00edn\" type=\"\" width=\"1200\" height=\"1840\" onerror=\"this.onerror=null;this.src=`\/bundles\/libroteacore\/fallback-image\/126\/205.png`;\" data-camus-image=\"\"\/><\/p>\n<p>\t\tEl hombre en el jard\u00edn<\/p>\n<p>Gilma Luque<\/p>\n<p>Hachette Literatura<\/p>\n<p>La vivencia personal detr\u00e1s de la ficci\u00f3n<\/p>\n<p>La semilla de la novela naci\u00f3 directamente de la experiencia vital de la autora en la Ciudad de M\u00e9xico. <a href=\"https:\/\/librotea.com\/americas\/libros\/obra-negra\" target=\"_self\" rel=\"nofollow noopener\">Gilma Luque<\/a>\u00a0relata este origen: \u00ab<strong>Viv\u00eda en una casa justamente de la colonia N\u00e1poles que hab\u00edan convertido en departamentos<\/strong> y enfrente de esa casa donde yo viv\u00eda tiraron dos casas e hicieron otros edificios, entonces me toc\u00f3 ver la demolici\u00f3n y luego la construcci\u00f3n, el ruido, entonces por ah\u00ed tambi\u00e9n tiene mucho que ver como que saliera esta historia\u00bb.\u00a0<\/p>\n<p>El proceso creativo fue largo: \u00abEmpec\u00e9 a escribir la novela m\u00e1s o menos por el 2018 y en el 2020 me dieron una beca, entonces me dediqu\u00e9 a escribirla. La termin\u00e9 en el 2023, <strong>la mand\u00e9 al Premio Internacional de Novela Breve Rosario Castellanos y lo gan\u00e9\u00bb.<\/strong><\/p>\n<p>Para la tambi\u00e9n autora de Hombres de poca fe (2010), Mar de la memoria (2013) y Los d\u00edas de Ema (2016), las casas son una met\u00e1fora central de la identidad, una obsesi\u00f3n que recorre toda su obra: \u00abHe pensado que <strong>las casas son muy importantes para m\u00ed como una met\u00e1fora de uno mismo. <\/strong>En la novela digo en alg\u00fan momento que la casa somos nosotros. Nos proyectamos en ella\u00bb.\u00a0<\/p>\n<p>Esta conceptualizaci\u00f3n se desarrolla en El hombre en el jard\u00edn: \u00abEn este caso la casa es muy vieja y es una herencia. La casa de la playa que tambi\u00e9n le llega a la protagonista sin\u00a0 esfuerzos tambi\u00e9n est\u00e1 descuidada y llena de polvo. Es tambi\u00e9n una herencia. Lo que quiero decir es que <strong>uno se tiene que conquistar a s\u00ed mismo y tener lo propio<\/strong>, pero In\u00e9s todo el tiempo est\u00e1 viviendo de lo que alguien le ofreci\u00f3: los abuelos y el padre\u00bb.<\/p>\n<p>La autora describe minuciosamente el deterioro paralelo entre la casa y la protagonista: \u00ab<strong>La casa va envejeciendo much\u00edsimo, a la par de ella y de su relaci\u00f3n con Emilio.<\/strong> Se vuelve tan vieja que empieza a crecer un fresno dentro de la casa, se llena de hormigas, se empiezan a ver las paredes con moho. La idea es eso, que se vea c\u00f3mo las cosas se desgastan\u00bb.<\/p>\n<p><strong>El jard\u00edn, por su parte, funciona como un espacio liminal donde coexisten lo vivo y lo muerto<\/strong>: \u00abDel jard\u00edn me parec\u00eda importante convertirlo en una suerte de cementerio, de camposanto donde se va quedando todo lo que tuvieron. Ah\u00ed entierra las mascotas que ha tenido, ah\u00ed se pierde su tortuga, ah\u00ed entierra las cenizas de los abuelos y tambi\u00e9n ah\u00ed florecen muchas cosas. Ah\u00ed encuentra su gato, cuando es beb\u00e9\u00bb. Este espacio se convierte en el coraz\u00f3n simb\u00f3lico de la novela, un lugar de transformaci\u00f3n donde lo familiar se convierte en extra\u00f1o y la naturaleza reclama su espacio sobre lo dom\u00e9stico.<\/p>\n<p>El hombre en el jard\u00edn <a href=\"https:\/\/hachettelivre.mx\/libro\/el-hombre-en-el-jardin-9786075748665\" target=\"_blank\" rel=\"nofollow noopener\">consolida <strong xmlns=\"http:\/\/www.w3.org\/1999\/xhtml\">la voz de Gilma Luque en la narrativa mexicana actual<\/strong><\/a><strong\/>. Esta exploraci\u00f3n de las p\u00e9rdidas que nos constituyen y los espacios que habitamos nos sumerge en los constantes terremotos que configuran la existencia, las herencias familiares y la capacidad de reconstrucci\u00f3n desde los escombros de lo que fuimos.<\/p>\n<p>    Gilma Luque recomienda libros intensos y profundos<\/p>\n<ul data-camus-modules=\"\">\n<li data-camus-module=\"nd-book-opinion\" data-camus-id=\"30913\" class=\"relative py-6 list-none border-t-2 border-dotted border-neutral-900 lg:border-gray-200 first:border-none\">\n<p>                <img loading=\"lazy\" decoding=\"async\" src=\"https:\/\/www.europesays.com\/es\/wp-content\/uploads\/2025\/09\/claus-y-lucas.jpeg\" alt=\"Claus y Lucas\" type=\"\" width=\"1500\" height=\"2418\" onerror=\"this.onerror=null;this.src=`\/bundles\/libroteacore\/fallback-image\/126\/205.png`;\" data-camus-image=\"\"\/><\/p>\n<p>\t\t\tClaus y Lucas<\/p>\n<p class=\"text-sm\" data-camus-author=\"\">Agota Kristof<\/p>\n<p class=\"text-sm\" data-camus-editorial=\"\">Libros del Asteroide<\/p>\n<p>\t\t<img decoding=\"async\" src=\"https:\/\/librotea.com\/images\/Comillas.svg\" height=\"50\" width=\"50\" alt=\"Comillas Logo\" class=\"inline-block float-left m-1 mt-3 bg-no-repeat bg-cover w-[50px] h-[50px]\" loading=\"lazy\"\/><\/p>\n<p class=\"pt-5 text-xl italic font-light font-roboto-serif\" data-camus-body=\"\">Claus y Lucas, de Agota Kristof, es uno de mis libros favoritos. Kristof fue una escritora h\u00fangara que se exili\u00f3 en Suiza y decidi\u00f3 escribir en franc\u00e9s, una lengua que no era la suya. Esto hizo que su prosa sea sencilla. Su escritura es de una gran claridad, con oraciones precisas que siguen la estructura casi elemental del sujeto, verbo, predicado, pero es justamente esa simplicidad lo que le permite crear atm\u00f3sferas intensas y profundas. El libro est\u00e1 dividido en tres partes. La primera, El gran cuaderno, es absolutamente genial. Habla de dos gemelos que su madre lleva a casa de su abuela porque no puede mantenerlos. La abuela es representada como una bruja, no en un sentido fant\u00e1stico, sino por su crueldad y brutalidad. La trama se centra en c\u00f3mo los ni\u00f1os aprenden a sobrevivir en ese ambiente hostil. El libro es muy bueno y ella es muy buena escritora.<\/p>\n<\/li>\n<li data-camus-module=\"nd-book-opinion\" data-camus-id=\"30914\" class=\"relative py-6 list-none border-t-2 border-dotted border-neutral-900 lg:border-gray-200 first:border-none\">\n<p>                <img loading=\"lazy\" decoding=\"async\" src=\"https:\/\/www.europesays.com\/es\/wp-content\/uploads\/2025\/09\/escenas-de-una-vida-de-provincias.jpeg\" alt=\"Escenas de una vida de provincias\" type=\"\" width=\"126\" height=\"126\" onerror=\"this.onerror=null;this.src=`\/bundles\/libroteacore\/fallback-image\/126\/205.png`;\" data-camus-image=\"\"\/><\/p>\n<p>\t\t\tEscenas de una vida de provincias<\/p>\n<p class=\"text-sm\" data-camus-author=\"\">J.M. Coetzee<\/p>\n<p class=\"text-sm\" data-camus-editorial=\"\">Mondadori<\/p>\n<p>\t\t<img decoding=\"async\" src=\"https:\/\/librotea.com\/images\/Comillas.svg\" height=\"50\" width=\"50\" alt=\"Comillas Logo\" class=\"inline-block float-left m-1 mt-3 bg-no-repeat bg-cover w-[50px] h-[50px]\" loading=\"lazy\"\/><\/p>\n<p class=\"pt-5 text-xl italic font-light font-roboto-serif\" data-camus-body=\"\">Escenas de una vida de provincia es una trilog\u00eda autobiogr\u00e1fica de J.M. Coetzee que abarca su infancia, juventud y madurez. Coetzee es uno de mis escritores favoritos, me gusta mucho su estilo, que es un poco parco y profundo, le da vueltas a todas las situaciones morales, y en este habla sobre s\u00ed mismo y me pareci\u00f3 muy interesante. Es una lectura a la que recurro constantemente<\/p>\n<\/li>\n<li data-camus-module=\"nd-book-opinion\" data-camus-id=\"30915\" class=\"relative py-6 list-none border-t-2 border-dotted border-neutral-900 lg:border-gray-200 first:border-none\">\n<p>                <img loading=\"lazy\" decoding=\"async\" src=\"https:\/\/www.europesays.com\/es\/wp-content\/uploads\/2025\/09\/el-dolor.jpeg\" alt=\"El dolor\" type=\"\" width=\"126\" height=\"126\" onerror=\"this.onerror=null;this.src=`\/bundles\/libroteacore\/fallback-image\/126\/205.png`;\" data-camus-image=\"\"\/><\/p>\n<p>\t\t\tEl dolor<\/p>\n<p class=\"text-sm\" data-camus-author=\"\">Marguerite Duras<\/p>\n<p class=\"text-sm\" data-camus-editorial=\"\">Alianza<\/p>\n<p>\t\t<img decoding=\"async\" src=\"https:\/\/librotea.com\/images\/Comillas.svg\" height=\"50\" width=\"50\" alt=\"Comillas Logo\" class=\"inline-block float-left m-1 mt-3 bg-no-repeat bg-cover w-[50px] h-[50px]\" loading=\"lazy\"\/><\/p>\n<p class=\"pt-5 text-xl italic font-light font-roboto-serif\" data-camus-body=\"\">Marguerite Duras es una escritora que me gusta mucho. Sus libros, como El amante, me encantan, pero El dolor me parece un libro genial por su forma, porque es violento, es fuerte, es pol\u00edtico, pero ella tiene un tono po\u00e9tico y un poco agresivo al decir las cosas, porque las dice de manera muy sincera y directa.<\/p>\n<\/li>\n<\/ul>\n<ul data-camus-modules=\"\">\n<li data-camus-module=\"nd-book-opinion\" data-camus-id=\"30917\" class=\"relative py-6 list-none border-t-2 border-dotted border-neutral-900 lg:border-gray-200 first:border-none\">\n<p>                <img loading=\"lazy\" decoding=\"async\" src=\"https:\/\/www.europesays.com\/es\/wp-content\/uploads\/2025\/09\/y-eso-fue-lo-que-paso.jpg\" alt=\"Y eso fue lo que pas\u00f3\" type=\"\" width=\"126\" height=\"126\" onerror=\"this.onerror=null;this.src=`\/bundles\/libroteacore\/fallback-image\/126\/205.png`;\" data-camus-image=\"\"\/><\/p>\n<p>\t\t\tY eso fue lo que pas\u00f3<\/p>\n<p class=\"text-sm\" data-camus-author=\"\">Natalia Ginzburg<\/p>\n<p class=\"text-sm\" data-camus-editorial=\"\">Acantilado<\/p>\n<p>\t\t<img decoding=\"async\" src=\"https:\/\/librotea.com\/images\/Comillas.svg\" height=\"50\" width=\"50\" alt=\"Comillas Logo\" class=\"inline-block float-left m-1 mt-3 bg-no-repeat bg-cover w-[50px] h-[50px]\" loading=\"lazy\"\/><\/p>\n<p class=\"pt-5 text-xl italic font-light font-roboto-serif\" data-camus-body=\"\">Y eso fue lo que pas\u00f3, de Natalia Ginzburg, es una novela interesant\u00edsima porque empieza con la protagonista diciendo que mat\u00f3 a su esposo. O sea, da la revelaci\u00f3n al inicio de la novela, sin embargo, todo lo que sucede para llegar ah\u00ed es lo que hace muy interesante a la novela, hasta se te olvida que mat\u00f3 al esposo en alg\u00fan momento. C\u00f3mo la autora maneja esa situaci\u00f3n, o sea, c\u00f3mo deja un poco la trama en segundo lugar para llevarnos a otras situaciones, me gusta much\u00edsimo.<\/p>\n<\/li>\n<li class=\"hidden py-3 text-xl font-semibold border-dotted border-y-2 border-neutral-900 lg:flex lg:border-gray-300\">\n<p><a href=\"https:\/\/librotea.eldiario.es\/libros\/y-eso-fue-lo-que-paso\" target=\"\" rel=\"nofollow noopener\" title=\"Ver m\u00e1s contenido\" class=\"flex px-5 max-w-max rounded-full border-2 border-zinc-300 lg:h-10\">Ver m\u00e1s contenido<br \/>\n\t\t\t\t<\/a>\n\t\t\t<\/li>\n<\/ul>\n","protected":false},"excerpt":{"rendered":"En esta entrevista, Gilma Luque nos invita a adentrarnos en su novela El hombre en el jard\u00edn, ganadora&hellip;\n","protected":false},"author":2,"featured_media":125930,"comment_status":"","ping_status":"","sticky":false,"template":"","format":"standard","meta":{"footnotes":""},"categories":[172],"tags":[224,34807,146,147,36632,25,40946,24,34806,40944,40941,225,33155,34152,631,40940,40939,40938,40945,40937,40942,40943,23],"class_list":{"0":"post-125929","1":"post","2":"type-post","3":"status-publish","4":"format-standard","5":"has-post-thumbnail","7":"category-libros","8":"tag-books","9":"tag-el-hombre-en-el-jardin","10":"tag-entertainment","11":"tag-entretenimiento","12":"tag-entrevista-autor","13":"tag-es","14":"tag-escritoras-mexicanas-contemporaneas","15":"tag-espana","16":"tag-gilma-luque","17":"tag-gilma-luque-entrevista-completa","18":"tag-identidad-femenina","19":"tag-libros","20":"tag-libros-para-leer","21":"tag-libros-recomendados","22":"tag-literatura-latinoamericana","23":"tag-memoria-y-literatura","24":"tag-narrativa-sobre-el-duelo","25":"tag-novela-mexicana-contemporanea","26":"tag-nueva-narrativa-mexicana","27":"tag-premio-rosario-castellanos-2023","28":"tag-procesos-creativos-literarios","29":"tag-simbologia-de-la-casa-en-literatura","30":"tag-spain"},"share_on_mastodon":{"url":"","error":""},"_links":{"self":[{"href":"https:\/\/www.europesays.com\/es\/wp-json\/wp\/v2\/posts\/125929","targetHints":{"allow":["GET"]}}],"collection":[{"href":"https:\/\/www.europesays.com\/es\/wp-json\/wp\/v2\/posts"}],"about":[{"href":"https:\/\/www.europesays.com\/es\/wp-json\/wp\/v2\/types\/post"}],"author":[{"embeddable":true,"href":"https:\/\/www.europesays.com\/es\/wp-json\/wp\/v2\/users\/2"}],"replies":[{"embeddable":true,"href":"https:\/\/www.europesays.com\/es\/wp-json\/wp\/v2\/comments?post=125929"}],"version-history":[{"count":0,"href":"https:\/\/www.europesays.com\/es\/wp-json\/wp\/v2\/posts\/125929\/revisions"}],"wp:featuredmedia":[{"embeddable":true,"href":"https:\/\/www.europesays.com\/es\/wp-json\/wp\/v2\/media\/125930"}],"wp:attachment":[{"href":"https:\/\/www.europesays.com\/es\/wp-json\/wp\/v2\/media?parent=125929"}],"wp:term":[{"taxonomy":"category","embeddable":true,"href":"https:\/\/www.europesays.com\/es\/wp-json\/wp\/v2\/categories?post=125929"},{"taxonomy":"post_tag","embeddable":true,"href":"https:\/\/www.europesays.com\/es\/wp-json\/wp\/v2\/tags?post=125929"}],"curies":[{"name":"wp","href":"https:\/\/api.w.org\/{rel}","templated":true}]}}