{"id":125931,"date":"2025-09-19T19:49:08","date_gmt":"2025-09-19T19:49:08","guid":{"rendered":"https:\/\/www.europesays.com\/es\/125931\/"},"modified":"2025-09-19T19:49:08","modified_gmt":"2025-09-19T19:49:08","slug":"avance-del-capitulo-680-de-la-promesa-crece-la-desesperacion-la-incertidumbre-y-la-tension-la-vanguardia","status":"publish","type":"post","link":"https:\/\/www.europesays.com\/es\/125931\/","title":{"rendered":"Avance del cap\u00edtulo 680 de &#039;La Promesa&#039;: crece la desesperaci\u00f3n, la incertidumbre y la tensi\u00f3n &#8211; La Vanguardia"},"content":{"rendered":"<ol>\n<li><a href=\"https:\/\/news.google.com\/rss\/articles\/CBMizAFBVV95cUxNeldEbHdvcUk4X21WMDlkRnJnQ2Rmbmk5UzM5QzJKb09UMGpSRUs3WER0WjJyTzEyZWpvMXhfYXNtc2ZoUGVoakpBOEJjYTdnZVp2V1RRb01zck5aazl5M09LMHlTNGZwUVNxVHk0RnR3Y2h2YVo4VndHcGlFc29UY3ByN0hJSnE1dkI5MmxtUERCbTQ5UzAzVDlzaElKbzBtd195Z0hrc2FWVGZCYnJFUDVUaDRwXzdRa1FUc09ETUdVR0lrR01kcGdrVjE?oc=5\" target=\"_blank\" rel=\"nofollow noopener\">Avance del cap\u00edtulo 680 de &#8216;La Promesa&#8217;: crece la desesperaci\u00f3n, la incertidumbre y la tensi\u00f3n<\/a>&nbsp;&nbsp;La Vanguardia<\/li>\n<li><a href=\"https:\/\/news.google.com\/rss\/articles\/CBMiwgFBVV95cUxNWjZIY29sM19IdnZiOXU5UXBaQTZhNjJqQV9NZ1NzNllVaDNlMVJtbmtKaGxuLUItbzNVYWYxeUI1UGdOdkJkSUlDNkN5alNSSUx1VUFRNVZiZlBGSmhxQWY3cnZHcHlKVzRTNnBBWVVrYVNmTV81aENoUVFfUUxqWVpWdXVpQ1NUajRtdmNCNGFvb0F6ZzhSbWlVUkJud05aa3NET0lPdGJKeEdWczA2Vk0xYmVDbVYwaWRqUndMWE9iQdIBxwFBVV95cUxPUmtSbnRVLWhJeFg2bjdBTFVzX19SaGNvbHNaX0RUMk9zNUNvajNjS2hGaHU4TlN3dnFiVDRURERWX3RLTUpTWGhLNy1zdEMxSXJLTWJXYzNNWlZvMnBTV1B2TmFFdDI4NkNMU2s1c3pNei16RkJuaFFCOU5ONU1RUUU5a3dVa2JXcjRMU0RUMkpXcl9WVUUyYWx3RS1TLXRqdF83ckpEMDhxNkFfcmRGcDVFNEtkYWFOSDFSd013eUlSVkpqRWJj?oc=5\" target=\"_blank\" rel=\"nofollow noopener\">Avance del cap\u00edtulo de &#8216;La Promesa&#8217; del viernes, 19 de septiembre: Catalina recibe una carta que lo cambiar\u00e1 todo<\/a>&nbsp;&nbsp;El Confidencial<\/li>\n<li><a href=\"https:\/\/news.google.com\/rss\/articles\/CBMinAFBVV95cUxQNFBkUHU3TGFsUUpoX2RzeWVUY01BVjRBTHR4QnFnX25lYTc3UndRaGJ0QU5Kc2R3V3dEbzBhZDB6alhqVHZoZ25GTlFmcE1OaUFQaWs3ZVAycjAyVnViMWhjbVlNWHN0WDZicG84S01pU0NZUFFOWVctLVptUzFyZUNrWHZsYkZrcEhLZGg3TEhkTzFUY2FKaDBZSW8?oc=5\" target=\"_blank\" rel=\"nofollow noopener\">El secreto de &#8216;La Promesa&#8217;, al descubierto durante el nuevo cap\u00edtulo de Arturo Sancho<\/a>&nbsp;&nbsp;xcatalunya.cat<\/li>\n<li><a href=\"https:\/\/news.google.com\/rss\/articles\/CBMiiAFBVV95cUxQcnZsTU5XM2drT2tWQVJQbzNzV2xBMjFyaWF4YVNLOGtkcUludmZ4clBNZWNkWVFGY09EQnFaLTVXRXRDUHBoeks2bWI0SHJpNWxSM0N2UkRlcUY2OWRxR0h3eldhRmRCNFkzRkFwSkx1SlRDNlJhd2JzR25wYjVQNWM0VGRYWmlC0gGIAUFVX3lxTE1EYjVvRVRQdFVldU9NcnFNSTlIeDVkYVM2cWlsYXhHM0tROGszU0xoTHhKQ3dNNkN3TGpseWRqR1hnZlVmLXNScUpEbHp0NHlEQVdCS185cGM4VE9nVUoyaEFFeE9ZUWwta08wOXNPNW9WQlRadlRNOGYyN3AxYkhkY0REOUJSSTQ?oc=5\" target=\"_blank\" rel=\"nofollow noopener\">Avance &#8216;La Promesa&#8217;, cap\u00edtulo 679 de hoy viernes 19 de septiembre: una carta condiciona el futuro de Catalina<\/a>&nbsp;&nbsp;El Mundo<\/li>\n<li><a href=\"https:\/\/news.google.com\/rss\/articles\/CBMitAFBVV95cUxPRGp5UXZoOFdWVFItMGN1STRTZHVhQUJTdGpuMzNtZ25mbm9xV3J4QmQ3YXc4NFZPQ3V6eWFORjdyaERZVWFxZjdORTdLeFhSS0dRNmdzcHZIZkZrV3N6bWxGWER0MUJ3RW1QLWZna2Rqak9SZU1FSW5SdlljRmE1YUZtWnZrOHJZR3RmVHR3dXVBOVBQa1NGVjFEeW8zZGx1TUVXUG0xYnFaaFhobWtvRUczamXSAboBQVVfeXFMUHpPUGFYaFJkNDdGWjlyTVh5eGtsTHFrMXVBbm83endFcHRHanJDTFZXTXlqZWwwYkg4U2c2RmJ1Y0ZPVFdMbGVmd2QyazZzcEF2b2gzQzlUMk81YTFpcUhwaE84OWtVZHJQczZyVXZMUHBpUTgyRmJJeUs3RUtmTlNlUmplVHg1TklnVnV0dWgtU0t4RWszRWpIUlBNdWxKSVdoQ2E5M1B5V1U5NHdXaEZMUjRacjJHZGtR?oc=5\" target=\"_blank\" rel=\"nofollow noopener\">La Promesa, avance del episodio 680 este lunes 22 de septiembre<\/a>&nbsp;&nbsp;El Independiente<\/li>\n<\/ol>\n","protected":false},"excerpt":{"rendered":"Avance del cap\u00edtulo 680 de &#8216;La Promesa&#8217;: crece la desesperaci\u00f3n, la incertidumbre y la tensi\u00f3n&nbsp;&nbsp;La Vanguardia Avance del&hellip;\n","protected":false},"author":2,"featured_media":125932,"comment_status":"","ping_status":"","sticky":false,"template":"","format":"standard","meta":{"footnotes":""},"categories":[171],"tags":[146,147,25,24,23,214],"class_list":{"0":"post-125931","1":"post","2":"type-post","3":"status-publish","4":"format-standard","5":"has-post-thumbnail","7":"category-tv","8":"tag-entertainment","9":"tag-entretenimiento","10":"tag-es","11":"tag-espana","12":"tag-spain","13":"tag-tv"},"share_on_mastodon":{"url":"","error":""},"_links":{"self":[{"href":"https:\/\/www.europesays.com\/es\/wp-json\/wp\/v2\/posts\/125931","targetHints":{"allow":["GET"]}}],"collection":[{"href":"https:\/\/www.europesays.com\/es\/wp-json\/wp\/v2\/posts"}],"about":[{"href":"https:\/\/www.europesays.com\/es\/wp-json\/wp\/v2\/types\/post"}],"author":[{"embeddable":true,"href":"https:\/\/www.europesays.com\/es\/wp-json\/wp\/v2\/users\/2"}],"replies":[{"embeddable":true,"href":"https:\/\/www.europesays.com\/es\/wp-json\/wp\/v2\/comments?post=125931"}],"version-history":[{"count":0,"href":"https:\/\/www.europesays.com\/es\/wp-json\/wp\/v2\/posts\/125931\/revisions"}],"wp:featuredmedia":[{"embeddable":true,"href":"https:\/\/www.europesays.com\/es\/wp-json\/wp\/v2\/media\/125932"}],"wp:attachment":[{"href":"https:\/\/www.europesays.com\/es\/wp-json\/wp\/v2\/media?parent=125931"}],"wp:term":[{"taxonomy":"category","embeddable":true,"href":"https:\/\/www.europesays.com\/es\/wp-json\/wp\/v2\/categories?post=125931"},{"taxonomy":"post_tag","embeddable":true,"href":"https:\/\/www.europesays.com\/es\/wp-json\/wp\/v2\/tags?post=125931"}],"curies":[{"name":"wp","href":"https:\/\/api.w.org\/{rel}","templated":true}]}}