{"id":125947,"date":"2025-09-19T19:59:11","date_gmt":"2025-09-19T19:59:11","guid":{"rendered":"https:\/\/www.europesays.com\/es\/125947\/"},"modified":"2025-09-19T19:59:11","modified_gmt":"2025-09-19T19:59:11","slug":"europa-en-alerta-tres-aviones-de-combate-rusos-entraron-en-estonia-y-fueron-interceptados-por-cazas-de-la-otan","status":"publish","type":"post","link":"https:\/\/www.europesays.com\/es\/125947\/","title":{"rendered":"Europa, en alerta: tres aviones de combate rusos entraron en Estonia y fueron interceptados por cazas de la OTAN"},"content":{"rendered":"<p class=\"com-paragraph  --capital --s\">TALLIN.- <strong>Tres aviones de combate rusos violaron el viernes el espacio a\u00e9reo de Estonia, <\/strong>miembro de la OTAN, durante doce minutos, en <strong>una incursi\u00f3n \u201csin precedentes y descarada\u201d, <\/strong>la \u00faltima de una serie de recientes <a href=\"https:\/\/www.lanacion.com.ar\/el-mundo\/tras-el-derribo-de-drones-rusos-en-polonia-la-otan-lanza-una-operacion-para-reforzar-las-fronteras-nid12092025\/\" target=\"_self\" title=\"https:\/\/www.lanacion.com.ar\/el-mundo\/tras-el-derribo-de-drones-rusos-en-polonia-la-otan-lanza-una-operacion-para-reforzar-las-fronteras-nid12092025\/\" class=\"com-link break-word\" data-mrf-recirculation=\"n_link_parrafo\" rel=\"nofollow noopener\"><strong>acciones militares de Rusia <\/strong><\/a><strong>que pusieron en alerta a la alianza y a la Uni\u00f3n Europea.<\/strong><\/p>\n<p class=\"com-paragraph   --s\">\u201cLa incursi\u00f3n tuvo lugar sobre el golfo de Finlandia, donde tres aviones de combate MIG-31 de la Federaci\u00f3n de Rusia entraron en el espacio a\u00e9reo estonio (&#8230;) y <strong>permanecieron all\u00ed durante un total de 12 minutos<\/strong>\u201d, indic\u00f3 la canciller\u00eda de Estonia este viernes en un comunicado.<\/p>\n<p>En esta foto, tomada de un video distribuido por el Servicio de Prensa del Ministerio de Defensa de Rusia el lunes 15 de septiembre de 2025, cazas rusos MiG-31BM brindan cobertura a las tripulaciones de aviaci\u00f3n de largo alcance durante los ejercicios militares conjuntos ruso-bielorrusosRussian Defense Ministry Press S <\/p>\n<p class=\"com-paragraph   --s\">El ej\u00e9rcito estonio confirm\u00f3 que <strong>los aviones de combate rusos fueron interceptados por F-35 italianos <\/strong>con base en \u00c4mari, Estonia, como parte de una misi\u00f3n de monitoreo a\u00e9reo sobre el mar B\u00e1ltico.<\/p>\n<p class=\"com-paragraph   --s\">\u201cHoy m\u00e1s temprano, cazas rusos violaron el espacio a\u00e9reo estonio. <strong>La OTAN respondi\u00f3 de inmediato e intercept\u00f3 la aeronave rusa. <\/strong>Este es otro ejemplo m\u00e1s del <strong>comportamiento imprudente de Rusia <\/strong>y de la capacidad de respuesta de la OTAN\u201d, se\u00f1al\u00f3 en un comunicado la vocera de la alianza transatl\u00e1ntica, Alison Hart.<\/p>\n<p class=\"com-paragraph   --s\">M\u00e1s tarde, Polonia dijo que dos aviones de combate rusos <strong>violaron la zona de seguridad de la plataforma de perforaci\u00f3n Petrobaltic en el Mar B\u00e1ltico, <\/strong>inform\u00f3 el viernes la Guardia de Fronteras polaca.<\/p>\n<p class=\"com-paragraph   --s\">Tambi\u00e9n las <strong>Fuerzas Armadas suecas <\/strong>se\u00f1alaron su participaci\u00f3n en un operativo sobre el mar B\u00e1ltico. \u201cTras una violaci\u00f3n del espacio a\u00e9reo estonio, <strong>cazas suecos JAS 39 interceptaron y monitorearon hoy tres cazas rusos MiG-31 sobre el mar B\u00e1ltico.<\/strong> Suecia est\u00e1 siempre preparada para garantizar la seguridad e integridad de nuestro espacio a\u00e9reo junto con sus aliados\u201d, dice un texto en la cuenta de X de la fuerza, con dos im\u00e1genes de los cazas.<\/p>\n<p class=\"com-paragraph   --s\">Los pa\u00edses b\u00e1lticos, todos ellos firmes partidarios de Ucrania, pero que no disponen de aviones de combate propios, <strong>han confiado la vigilancia de su espacio a\u00e9reo a otros aliados de la OTAN, <\/strong>que asumen esta tarea por turnos. Desde agosto, la misi\u00f3n est\u00e1 a cargo de la aviaci\u00f3n italiana.<\/p>\n<p class=\"com-paragraph   --s\">\u201cRusia ya viol\u00f3 el espacio a\u00e9reo estonio en cuatro ocasiones este a\u00f1o, lo cual es en s\u00ed mismo inaceptable. Pero la incursi\u00f3n de hoy, en la que participaron tres aviones de combate (&#8230;) es de <strong>una desfachatez sin precedentes<\/strong>\u201d, declar\u00f3 el jefe de la diplomacia estonia, Margus Tsahkna.<\/p>\n<p class=\"com-paragraph   --s\">\u201cLa cada vez mayor prueba de fronteras y agresividad de Rusia debe responderse <strong>reforzando r\u00e1pidamente la presi\u00f3n pol\u00edtica y econ\u00f3mica<\/strong>\u201d, a\u00f1adi\u00f3 el canciller.<\/p>\n<p class=\"com-paragraph   --s\">El ministerio indic\u00f3 haber convocado al encargado de negocios de la embajada de Rusia para protestar por esta violaci\u00f3n. Las violaciones anteriores tuvieron lugar el 13 de mayo, el 22 de junio y el 7 de septiembre.<\/p>\n<p class=\"com-paragraph   --s\">El primer ministro estonio, Kristen Michal, anunci\u00f3 m\u00e1s tarde que su gobierno busca <strong>solicitar consultas con sus aliados en virtud del Art\u00edculo 4 de la OTAN, <\/strong>que establece que los pa\u00edses miembros se consultar\u00e1n entre s\u00ed cuando, a juicio de cualquiera de ellos, <strong>su integridad territorial, independencia pol\u00edtica o seguridad est\u00e9n amenazadas. <\/strong><\/p>\n<p class=\"com-paragraph   --s\">La jefa de la diplomacia de la UE, <strong>Kaja Kallas, <\/strong>tild\u00f3 la incursi\u00f3n como una \u201cprovocaci\u00f3n extremadamente peligrosa\u201d.<\/p>\n<p class=\"com-paragraph   --s\">\u201cEsta es la tercera violaci\u00f3n de este tipo del espacio a\u00e9reo de la UE en d\u00edas y agrava a\u00fan m\u00e1s las tensiones en la regi\u00f3n\u201d, se\u00f1al\u00f3 Kallas. \u201cSeguiremos apoyando a nuestros Estados miembros en el fortalecimiento de sus defensas con recursos europeos. <strong>Putin est\u00e1 poniendo a prueba la determinaci\u00f3n de Occidente. No debemos mostrarnos d\u00e9biles<\/strong>\u201d, advirti\u00f3.<\/p>\n<p class=\"com-paragraph   --s\">La presidenta de la Comisi\u00f3n Europea, <strong>Ursula von der Leyen, <\/strong>tambi\u00e9n llam\u00f3 a incrementar las sanciones contra Rusia tras la incursi\u00f3n en Estonia.<\/p>\n<p class=\"com-paragraph   --s\">\u201cResponderemos a cada provocaci\u00f3n con determinaci\u00f3n, a la vez que invertimos en un flanco oriental m\u00e1s fuerte. <strong>A medida que aumenten las amenazas, tambi\u00e9n lo har\u00e1 nuestra presi\u00f3n. <\/strong>Hago un llamamiento a los l\u00edderes de la UE para que aprueben con celeridad nuestro decimonoveno paquete de sanciones\u201d, escribi\u00f3 en X.<\/p>\n<p class=\"com-paragraph   --s\">El ministro de Relaciones Exteriores de Ucrania, Andrii Sibiga, denunci\u00f3 por su parte \u201cotra escalada rusa y una amenaza directa para la seguridad transatl\u00e1ntica. <strong>\u201cMientras no haya una respuesta realmente fuerte, Mosc\u00fa solo se volver\u00e1 m\u00e1s arrogante y agresivo\u201d<\/strong>, dijo en redes sociales.<\/p>\n<p class=\"com-paragraph   --s\">El primer ministro polaco, Donald Tusk, afirm\u00f3 que se trat\u00f3 de <strong>una incursi\u00f3n deliberada, <\/strong>pero Rusia lo niega y afirma que <strong>no se ha presentado ninguna prueba de que los drones fueran rusos.<\/strong><\/p>\n<p class=\"com-paragraph   --s\">El incidente se conoce poco m\u00e1s de una semana despu\u00e9s de que <strong>m\u00e1s de <\/strong><a href=\"https:\/\/www.lanacion.com.ar\/el-mundo\/que-se-sabe-del-derribo-de-drones-rusos-en-polonia-y-por-que-marca-un-punto-de-inflexion-para-la-nid10092025\/\" target=\"_self\" title=\"https:\/\/www.lanacion.com.ar\/el-mundo\/que-se-sabe-del-derribo-de-drones-rusos-en-polonia-y-por-que-marca-un-punto-de-inflexion-para-la-nid10092025\/\" class=\"com-link break-word\" data-mrf-recirculation=\"n_link_parrafo\" rel=\"nofollow noopener\"><strong>20 aviones no tripulados rusos entraron en el espacio a\u00e9reo polaco <\/strong><\/a><strong>durante la noche del 9 al 10 de septiembre, <\/strong>lo que llev\u00f3 <strong>por primera vez a los aviones de la OTAN a derribar algunos de ellos <\/strong>y a los funcionarios occidentales a decir que Rusia estaba poniendo a prueba la preparaci\u00f3n y la determinaci\u00f3n de la alianza.<\/p>\n<p class=\"com-paragraph   --s\">Estonia, firme defensor de Ucrania, hab\u00eda dicho en mayo que Mosc\u00fa hab\u00eda enviado brevemente un avi\u00f3n de combate al espacio a\u00e9reo de la OTAN sobre el mar B\u00e1ltico durante lo que fue un intento de detener a un petrolero ruso que se cre\u00eda que formaba parte de una \u201cflota en la sombra\u201d que desaf\u00eda las sanciones occidentales a Mosc\u00fa. <\/p>\n<p class=\"com-paragraph   --s\">M\u00e1s temprano este viernes, <strong>la UE hab\u00eda propuesto prohibir la compra de gas licuado ruso un a\u00f1o antes de lo previsto, <\/strong>como parte de un <strong>nuevo paquete de sanciones <\/strong>por la guerra de Ucrania y para responder a un pedido del presidente estadounidense Donald Trump.<\/p>\n<p class=\"com-paragraph   --s\">La propuesta de la Comisi\u00f3n Europea a los pa\u00edses miembros de la UE busca <strong>eliminar gradualmente las importaciones de gas natural licuado (GNL) ruso para la fecha l\u00edmite del 1\u00b0 de enero de 2027, <\/strong>un a\u00f1o antes de lo previsto.<\/p>\n<p class=\"com-paragraph   --s\">\u201cLa econom\u00eda de guerra de Rusia se sostiene con los ingresos provenientes de los combustibles f\u00f3siles. Queremos reducir esos ingresos. Por eso <strong>estamos prohibiendo las importaciones de GNL ruso a los mercados europeos<\/strong>,\u201d dijo Von der Leyen. <strong>\u201cEs hora de cerrar el grifo\u201d, <\/strong>agreg\u00f3.<\/p>\n<p>La presidenta de la Comisi\u00f3n Europea, Ursula von der Leyen, derecha, y el presidente de Ucrania, Volodymyr Zelenskyy, participan en una conferencia de prensa en la sede de la UE en Bruselas, B\u00e9lgica, el domingo 17 de agosto de 2025. (AP Foto)AP<\/p>\n<p class=\"com-paragraph   --s\">La propuesta se presenta en un momento en que Estados Unidos presiona al bloque para que deje de comprar combustibles rusos, mientras que la UE, por su parte, intenta convencer a Trump de adoptar una postura m\u00e1s firme contra Mosc\u00fa por su invasi\u00f3n de Ucrania.<\/p>\n<p class=\"com-paragraph   --s\">La UE, integrada por 27 pa\u00edses, ya ha prohibido casi todas las importaciones de petr\u00f3leo ruso mediante sanciones previas y ahora <strong>compra a ese pa\u00eds solo el 2% del crudo que consume, <\/strong>contra el 29% en 2021.<\/p>\n<p class=\"com-paragraph   --s\">Los \u00fanicos pa\u00edses de la UE que siguen comprando petr\u00f3leo ruso son <strong>Hungr\u00eda y Eslovaquia, <\/strong>ambos cercanos a Mosc\u00fa y a Trump.<\/p>\n<p class=\"com-paragraph   --s\">Von der Leyen, sin embargo, no mencion\u00f3 el petr\u00f3leo al presentar el <strong>d\u00e9cimonoveno paquete de sanciones contra Mosc\u00fa desde que comenz\u00f3 la guerra en Ucrania en 2022.<\/strong><\/p>\n<p class=\"com-paragraph   --s\"><strong>\u201cMosc\u00fa piensa que puede mantener su guerra. Nos vamos a asegurar de que pague el precio por ello\u201d, <\/strong>se\u00f1al\u00f3 Kaja Kallas.<\/p>\n<p class=\"com-paragraph   --s\">A pesar de los esfuerzos realizados durante varias d\u00e9cadas para reducir su dependencia del gas ruso, <strong>en 2024 la UE Europea import\u00f3 de ese pa\u00eds el 19 % del gas que consume, <\/strong>en comparaci\u00f3n con el 45% registrado antes del inicio de la guerra.<\/p>\n<p class=\"com-paragraph   --s\">Estados Unidos es el mayor proveedor de GNL de la UE y le vende el 45% del combustible que los pa\u00edses del bloque consumen.<\/p>\n<p class=\"com-paragraph   --s\"><strong>Agencias AFP, Reuters y ANSA<\/strong><\/p>\n","protected":false},"excerpt":{"rendered":"TALLIN.- Tres aviones de combate rusos violaron el viernes el espacio a\u00e9reo de Estonia, miembro de la OTAN,&hellip;\n","protected":false},"author":2,"featured_media":125948,"comment_status":"","ping_status":"","sticky":false,"template":"","format":"standard","meta":{"footnotes":""},"categories":[5],"tags":[17,18,25,24,13,14,11,19,20,9,10,15,16,23,12,21,22],"class_list":{"0":"post-125947","1":"post","2":"type-post","3":"status-publish","4":"format-standard","5":"has-post-thumbnail","7":"category-titulares","8":"tag-breaking-news","9":"tag-breakingnews","10":"tag-es","11":"tag-espana","12":"tag-featured-news","13":"tag-featurednews","14":"tag-headlines","15":"tag-latest-news","16":"tag-latestnews","17":"tag-news","18":"tag-noticias","19":"tag-noticias-destacadas","20":"tag-noticiasdestacadas","21":"tag-spain","22":"tag-titulares","23":"tag-ultimas-noticias","24":"tag-ultimasnoticias"},"share_on_mastodon":{"url":"","error":""},"_links":{"self":[{"href":"https:\/\/www.europesays.com\/es\/wp-json\/wp\/v2\/posts\/125947","targetHints":{"allow":["GET"]}}],"collection":[{"href":"https:\/\/www.europesays.com\/es\/wp-json\/wp\/v2\/posts"}],"about":[{"href":"https:\/\/www.europesays.com\/es\/wp-json\/wp\/v2\/types\/post"}],"author":[{"embeddable":true,"href":"https:\/\/www.europesays.com\/es\/wp-json\/wp\/v2\/users\/2"}],"replies":[{"embeddable":true,"href":"https:\/\/www.europesays.com\/es\/wp-json\/wp\/v2\/comments?post=125947"}],"version-history":[{"count":0,"href":"https:\/\/www.europesays.com\/es\/wp-json\/wp\/v2\/posts\/125947\/revisions"}],"wp:featuredmedia":[{"embeddable":true,"href":"https:\/\/www.europesays.com\/es\/wp-json\/wp\/v2\/media\/125948"}],"wp:attachment":[{"href":"https:\/\/www.europesays.com\/es\/wp-json\/wp\/v2\/media?parent=125947"}],"wp:term":[{"taxonomy":"category","embeddable":true,"href":"https:\/\/www.europesays.com\/es\/wp-json\/wp\/v2\/categories?post=125947"},{"taxonomy":"post_tag","embeddable":true,"href":"https:\/\/www.europesays.com\/es\/wp-json\/wp\/v2\/tags?post=125947"}],"curies":[{"name":"wp","href":"https:\/\/api.w.org\/{rel}","templated":true}]}}