{"id":125949,"date":"2025-09-19T20:01:24","date_gmt":"2025-09-19T20:01:24","guid":{"rendered":"https:\/\/www.europesays.com\/es\/125949\/"},"modified":"2025-09-19T20:01:24","modified_gmt":"2025-09-19T20:01:24","slug":"daniel-moset-novillero-conquense-se-prepara-para-dar-el-salto-a-novillero-con-caballos","status":"publish","type":"post","link":"https:\/\/www.europesays.com\/es\/125949\/","title":{"rendered":"Daniel Moset, novillero conquense, se prepara para dar el salto a novillero con caballos"},"content":{"rendered":"\n<p><strong>Este s\u00e1bado 20 de septiembre, en Mejorada del Campo,<\/strong>\u00a0Daniel Moset dar\u00e1 un paso clave en su carrera taurina: dejar atr\u00e1s la etapa de novillero sin caballos para afrontar su debut con picadores. \u00abEs un salto muy importante que me tiene muy ilusionado y, a la vez, muy responsabilizado\u00bb, reconoce el joven torero.<\/p>\n<p>Moset compartir\u00e1 cartel con\u00a0<strong>Jes\u00fas Romero,<\/strong>\u00a0a quien admira, y\u00a0<strong>Joel Ram\u00edrez,<\/strong>\u00a0novillero de la Comunidad de Madrid. \u00abSon compa\u00f1eros muy competitivos y me tocar\u00e1 apretarme los machos\u00bb, afirma. La ganader\u00eda elegida es de Aurelio Hernando, de procedencia Veragua, \u00abcon una embestida diferente que me provoca gran ilusi\u00f3n\u00bb.<\/p>\n<p> <img loading=\"lazy\" decoding=\"async\" width=\"1024\" height=\"683\" src=\"https:\/\/www.europesays.com\/es\/wp-content\/uploads\/2025\/09\/Dani-Mosset-Cuenca-7878-1024x683.jpg\" alt=\"\" class=\"wp-image-36156\"  \/>Dani Moset\/Foto de N\u00e9stor Robaina <\/p>\n<p>La preparaci\u00f3n f\u00edsica y mental de Daniel est\u00e1 siendo intensa. \u00abMe estoy preparando mentalmente para estar bien. La etapa sin caballos ha sido muy positiva: he pisado plazas de mucha categor\u00eda y disfrutar delante de los erales me ha servido para evolucionar y seguir creciendo\u00bb, explica.<\/p>\n<p>Su vinculaci\u00f3n con el mundo taurino comenz\u00f3 desde muy peque\u00f1o. \u00abEmpec\u00e9 con 14 a\u00f1os, cuando mat\u00e9 mi primer becerro\u00a0<strong>en una clase pr\u00e1ctica de Pedro Miota en Las Majadas.<\/strong>\u00a0Desde que tengo uso de raz\u00f3n siempre he querido ser torero. Mi padre fue novillero sin picadores y mi abuelo materno, acomodador de la plaza de Cuenca, me inculc\u00f3 esta noble afici\u00f3n llev\u00e1ndome a los toros y vi\u00e9ndolos por televisi\u00f3n en casa\u00bb.<\/p>\n<p> <img loading=\"lazy\" decoding=\"async\" width=\"1024\" height=\"683\" src=\"https:\/\/www.europesays.com\/es\/wp-content\/uploads\/2025\/09\/Dani-Mosset-Cuenca-7910-1024x683.jpg\" alt=\"\" class=\"wp-image-36157\"  \/>Dani Moset\/Foto de N\u00e9stor Robaina <\/p>\n<p><strong>La Escuela Taurina de Guadalajara<\/strong>\u00a0ha sido clave en su formaci\u00f3n: \u00abHa sido como mi familia; todos nos ayudamos ante cualquier problema\u00bb. Tambi\u00e9n entren\u00f3 desde peque\u00f1o con el maestro Luis Algara \u00abEl Estudiante\u00bb en Cuenca.<\/p>\n<p>Moset reconoce la importancia de tres momentos en la carrera de un torero:<strong>\u00a0vestirse de luces, el debut con caballos y la alternativa.<\/strong>\u00a0\u00abMe vest\u00ed de luces por primera vez en Pantoja (Toledo). Ahora empieza la segunda etapa. Me imagino ese pase\u00edllo mostrando mis ganas de competir, de arriesgar, de apostar\u2026 quiero que la gente vea desde el primer momento que voy a darlo todo\u00bb, afirma.<\/p>\n<p>Su objetivo es claro: \u00abQuiero torear el m\u00e1ximo de novilladas con picadores, confiar en mi muleta y en el toro que te cambia la vida. Mi sue\u00f1o es llegar a ser figura del toreo. Antes, me gustar\u00eda torear en mi plaza de Cuenca, en la Feria Taurina de San Juli\u00e1n, y cuando est\u00e9 preparado, llegar a Madrid y, eventualmente, a Las Ventas\u00bb.<\/p>\n<p> <img loading=\"lazy\" decoding=\"async\" width=\"1024\" height=\"683\" src=\"https:\/\/www.europesays.com\/es\/wp-content\/uploads\/2025\/09\/Dani-Mosset-Cuenca-7881-1024x683.jpg\" alt=\"\" class=\"wp-image-36158\"  \/>Dani Moset\/Foto de N\u00e9stor Robaina <\/p>\n<p>En cuanto a su carrera, Moset sigue siendo independiente: \u00abNo tengo apoderado. Hasta el d\u00eda 20 pertenezco a la Escuela, y a partir de ah\u00ed empiezo mi carrera en solitario,<strong>\u00a0apoderado por mi muleta.<\/strong>\u00a0Vivo enfocado en el toro, porque entiendo que tiene que ser as\u00ed para conseguir ser alguien en esto\u00bb.<\/p>\n<p><strong>Para Daniel Moset<\/strong>, este paso no es solo un avance profesional, sino la materializaci\u00f3n de a\u00f1os de esfuerzo, ilusi\u00f3n y aprendizaje. Cada entrenamiento, cada novillada y cada consejo recibido han ido formando al torero que hoy se enfrenta a un nuevo cap\u00edtulo de su vida. Con la mirada puesta en el futuro y el coraz\u00f3n arraigado a sus ra\u00edces conquenses, Moset demuestra que la pasi\u00f3n y la constancia son el verdadero motor de quienes persiguen un sue\u00f1o.<\/p>\n","protected":false},"excerpt":{"rendered":"Este s\u00e1bado 20 de septiembre, en Mejorada del Campo,\u00a0Daniel Moset dar\u00e1 un paso clave en su carrera taurina:&hellip;\n","protected":false},"author":2,"featured_media":125950,"comment_status":"","ping_status":"","sticky":false,"template":"","format":"standard","meta":{"footnotes":""},"categories":[277],"tags":[373,168,25,24,23,167,374],"class_list":{"0":"post-125949","1":"post","2":"type-post","3":"status-publish","4":"format-standard","5":"has-post-thumbnail","7":"category-toreo","8":"tag-bullfighting","9":"tag-deportes","10":"tag-es","11":"tag-espana","12":"tag-spain","13":"tag-sports","14":"tag-toreo"},"share_on_mastodon":{"url":"","error":""},"_links":{"self":[{"href":"https:\/\/www.europesays.com\/es\/wp-json\/wp\/v2\/posts\/125949","targetHints":{"allow":["GET"]}}],"collection":[{"href":"https:\/\/www.europesays.com\/es\/wp-json\/wp\/v2\/posts"}],"about":[{"href":"https:\/\/www.europesays.com\/es\/wp-json\/wp\/v2\/types\/post"}],"author":[{"embeddable":true,"href":"https:\/\/www.europesays.com\/es\/wp-json\/wp\/v2\/users\/2"}],"replies":[{"embeddable":true,"href":"https:\/\/www.europesays.com\/es\/wp-json\/wp\/v2\/comments?post=125949"}],"version-history":[{"count":0,"href":"https:\/\/www.europesays.com\/es\/wp-json\/wp\/v2\/posts\/125949\/revisions"}],"wp:featuredmedia":[{"embeddable":true,"href":"https:\/\/www.europesays.com\/es\/wp-json\/wp\/v2\/media\/125950"}],"wp:attachment":[{"href":"https:\/\/www.europesays.com\/es\/wp-json\/wp\/v2\/media?parent=125949"}],"wp:term":[{"taxonomy":"category","embeddable":true,"href":"https:\/\/www.europesays.com\/es\/wp-json\/wp\/v2\/categories?post=125949"},{"taxonomy":"post_tag","embeddable":true,"href":"https:\/\/www.europesays.com\/es\/wp-json\/wp\/v2\/tags?post=125949"}],"curies":[{"name":"wp","href":"https:\/\/api.w.org\/{rel}","templated":true}]}}