{"id":125951,"date":"2025-09-19T20:04:04","date_gmt":"2025-09-19T20:04:04","guid":{"rendered":"https:\/\/www.europesays.com\/es\/125951\/"},"modified":"2025-09-19T20:04:04","modified_gmt":"2025-09-19T20:04:04","slug":"el-vacile-mas-comentado-de-agassi-a-carlos-alcaraz-junto-a-otro-exnumero-1-del-mundo-esta-sobrevalorado-tiene-que-trabajar-en-su-fisico","status":"publish","type":"post","link":"https:\/\/www.europesays.com\/es\/125951\/","title":{"rendered":"El vacile m\u00e1s comentado de Agassi a Carlos Alcaraz junto a otro exn\u00famero 1 del mundo: \u00abEst\u00e1 sobrevalorado; tiene que trabajar en su f\u00edsico\u00bb"},"content":{"rendered":"<p>Est\u00e1 claro que la <b data-testid=\"body-text-bold\">Laver Cup<\/b> es el mejor contexto para poder ver la cara m\u00e1s amistosa tanto de los tenistas que van con el equipo Europa y Resto del Mundo como de las personalidades que son parte de la organizaci\u00f3n, y del equipo t\u00e9cnico.<\/p>\n<p>En este caso, el &#8216;<b data-testid=\"body-text-bold\">vacile<\/b>&#8216; se lo ha llevado <b data-testid=\"body-text-bold\">Carlos Alcaraz<\/b>, cortes\u00eda de <b data-testid=\"body-text-bold\">Andre Agassi<\/b>. El norteamericano estuvo junto Andy Roddick en el <a class=\"text-action-onLight-05 hover:text-action-onLight-05-hover active:text-action-onLight-05-pressed hover:underline active:underline\" data-analytics-id=\"textlink\" target=\"_blank\" rel=\"noopener nofollow\" data-testid=\"atom-textlink\" href=\"https:\/\/www.youtube.com\/watch?v=eWNV1yiS8qw\">podcast que este \u00faltimo regenta<\/a>, &#8216;Served with Roddick&#8217;. Aunque Agassi comenz\u00f3 muy serio expresando que \u00abcada vez que ves tu nombre junto al de Alcaraz en el cuadro, tu cuerpo se tensa muy r\u00e1pido\u00bb, Roddick tir\u00f3 de iron\u00eda con el entrenador del Resto del Mundo.<\/p>\n<p>Roddick, queri\u00e9ndole quitar tensi\u00f3n a la situaci\u00f3n, ironiz\u00f3 explicando que \u00abno creo que vaya a estar bien\u00bb en esta Laver Cup. Agassi, r\u00e1pidamente, le quiso seguir el rollo a su compatriota diciendo que \u00ab<b data-testid=\"body-text-bold\">est\u00e1 muy sobrevalorado<\/b>\u00ab, a lo que el propio Andre a\u00f1adi\u00f3 que le hab\u00eda dicho a Alcaraz, en claro tono de broma y provocando la risa de los all\u00ed presentes, que \u00ab<b data-testid=\"body-text-bold\">tienes que trabajar tu f\u00edsico un poco<\/b>\u00ab.<\/p>\n","protected":false},"excerpt":{"rendered":"Est\u00e1 claro que la Laver Cup es el mejor contexto para poder ver la cara m\u00e1s amistosa tanto&hellip;\n","protected":false},"author":2,"featured_media":125952,"comment_status":"","ping_status":"","sticky":false,"template":"","format":"standard","meta":{"footnotes":""},"categories":[274],"tags":[545,39678,168,25,24,23,167,327,326],"class_list":{"0":"post-125951","1":"post","2":"type-post","3":"status-publish","4":"format-standard","5":"has-post-thumbnail","7":"category-tenis","8":"tag-carlos-alcaraz","9":"tag-copa-laver-individual","10":"tag-deportes","11":"tag-es","12":"tag-espana","13":"tag-spain","14":"tag-sports","15":"tag-tenis","16":"tag-tennis"},"share_on_mastodon":{"url":"","error":""},"_links":{"self":[{"href":"https:\/\/www.europesays.com\/es\/wp-json\/wp\/v2\/posts\/125951","targetHints":{"allow":["GET"]}}],"collection":[{"href":"https:\/\/www.europesays.com\/es\/wp-json\/wp\/v2\/posts"}],"about":[{"href":"https:\/\/www.europesays.com\/es\/wp-json\/wp\/v2\/types\/post"}],"author":[{"embeddable":true,"href":"https:\/\/www.europesays.com\/es\/wp-json\/wp\/v2\/users\/2"}],"replies":[{"embeddable":true,"href":"https:\/\/www.europesays.com\/es\/wp-json\/wp\/v2\/comments?post=125951"}],"version-history":[{"count":0,"href":"https:\/\/www.europesays.com\/es\/wp-json\/wp\/v2\/posts\/125951\/revisions"}],"wp:featuredmedia":[{"embeddable":true,"href":"https:\/\/www.europesays.com\/es\/wp-json\/wp\/v2\/media\/125952"}],"wp:attachment":[{"href":"https:\/\/www.europesays.com\/es\/wp-json\/wp\/v2\/media?parent=125951"}],"wp:term":[{"taxonomy":"category","embeddable":true,"href":"https:\/\/www.europesays.com\/es\/wp-json\/wp\/v2\/categories?post=125951"},{"taxonomy":"post_tag","embeddable":true,"href":"https:\/\/www.europesays.com\/es\/wp-json\/wp\/v2\/tags?post=125951"}],"curies":[{"name":"wp","href":"https:\/\/api.w.org\/{rel}","templated":true}]}}