{"id":125955,"date":"2025-09-19T20:06:08","date_gmt":"2025-09-19T20:06:08","guid":{"rendered":"https:\/\/www.europesays.com\/es\/125955\/"},"modified":"2025-09-19T20:06:08","modified_gmt":"2025-09-19T20:06:08","slug":"el-circuit-mejora-su-experiencia-de-hospitalidad-en-la-formula-1-magazine","status":"publish","type":"post","link":"https:\/\/www.europesays.com\/es\/125955\/","title":{"rendered":"El Circuit mejora su experiencia de hospitalidad en la F\u00f3rmula 1 \u2013 Magazine"},"content":{"rendered":"<td>\n<p>El Circuit de Barcelona-Catalunya, conocido por ser un destacado escenario de competiciones automovil\u00edsticas, ha dado un paso significativo hacia la mejora de su experiencia de hospitalidad. La sociedad gestora del recinto, Fira Circuit, ha anunciado una nueva con Quint International, convirti\u00e9ndose este \u00faltimo en el proveedor exclusivo de paquetes de hospitalidad para el FORMULA 1 MSC CRUISES GRAN PREMIO DE BARCELONA-CATALUNYA 2026, programado para celebrarse del 12 al 14 de junio.<\/p>\n<p><img loading=\"lazy\" decoding=\"async\" width=\"1200\" height=\"675\" class=\"wp-image-98922\" style=\"width: 500px;\" src=\"https:\/\/www.europesays.com\/es\/wp-content\/uploads\/2025\/09\/2f2dadd3-7166-0ebc-5bab-76efc09d05d2.jpg\" alt=\"\"  \/><\/p>\n<p>Esta colaboraci\u00f3n estrat\u00e9gica promete llevar la experiencia de los aficionados a un nuevo nivel, ofreciendo una amplia gama de opciones en seis espacios emblem\u00e1ticos del circuito: Sky View Racing Lounge, Garden Club, Pit Lane Lounge, Rooftop, Panorama y Paddock Club. Cada uno de estos espacios ofrecer\u00e1 no solo una gastronom\u00eda de alta calidad, sino tambi\u00e9n vistas privilegiadas del emocionante trazado, creando un ambiente donde la excelencia de la F\u00f3rmula 1 se une con un servicio de hospitalidad de primera clase, todo ello inmerso en el encanto mediterr\u00e1neo.<\/p>\n<p>Ignasi Armengol, director general de Fira Circuit, enfatiz\u00f3 la importancia de esta alianza, se\u00f1alando: \u201cPara Fira Circuit es un honor asociarnos con Quint International y reforzar nuestra propuesta de valor en un evento tan prestigioso como el Gran Premio de F\u00f3rmula 1. A trav\u00e9s de esta colaboraci\u00f3n, podemos acercar a\u00fan m\u00e1s a los aficionados la emoci\u00f3n de la F1, ofreciendo hospitalidad de primer nivel que refleje tanto la excelencia del deporte como la calidad de nuestras tradiciones.\u201d<\/p>\n<p><img decoding=\"async\" loading=\"lazy\" width=\"1200\" height=\"675\" class=\"wp-image-98923\" style=\"width: 500px;\" src=\"https:\/\/www.europesays.com\/es\/wp-content\/uploads\/2025\/09\/96aa26d4-93df-407a-68cb-f4512a0525ce.jpg\" alt=\"\"  \/><\/p>\n<p>Por su parte, Keith Bruce, presidente de Quint International, expres\u00f3 su entusiasmo por esta asociaci\u00f3n, prometiendo crear experiencias \u00fanicas durante el fin de semana de competici\u00f3n: \u201cEste acuerdo nos permite ofrecer una fusi\u00f3n de vistas y entretenimiento de primer nivel con una hospitalidad local personalizada. Ya sea que los aficionados busquen gastronom\u00eda gourmet, acceso al pit lane o beneficios exclusivos, nuestras experiencias en el Circuit de Barcelona-Catalunya les brindar\u00e1n una aproximaci\u00f3n inigualable al coraz\u00f3n de la acci\u00f3n en este ic\u00f3nico circuito.\u201d<\/p>\n<p>Gracias a la proyecci\u00f3n internacional de Quint, que ha gestionado las ventas de F1\u00ae Experiences en eventos deportivos y de entretenimiento de renombre, el Circuit de Barcelona-Catalunya avanza en su misi\u00f3n de consolidarse como un referente global, no solo en el \u00e1mbito del motor, sino tambi\u00e9n en la oferta de experiencias \u00fanicas e inolvidables para los aficionados y visitantes de todo el mundo. Con esta nueva asociaci\u00f3n, el Gran Premio de F\u00f3rmula 1 se perfila como un evento que no solo destacar\u00e1 por la competici\u00f3n, sino tambi\u00e9n por la calidad excepcional de sus servicios de hospitalidad.<\/p>\n<\/td>\n<td\/>\n","protected":false},"excerpt":{"rendered":"El Circuit de Barcelona-Catalunya, conocido por ser un destacado escenario de competiciones automovil\u00edsticas, ha dado un paso significativo&hellip;\n","protected":false},"author":2,"featured_media":125956,"comment_status":"","ping_status":"","sticky":false,"template":"","format":"standard","meta":{"footnotes":""},"categories":[270],"tags":[168,25,24,306,271,272,23,167],"class_list":{"0":"post-125955","1":"post","2":"type-post","3":"status-publish","4":"format-standard","5":"has-post-thumbnail","7":"category-formula-1","8":"tag-deportes","9":"tag-es","10":"tag-espana","11":"tag-f1","12":"tag-formula-1","13":"tag-formula1","14":"tag-spain","15":"tag-sports"},"share_on_mastodon":{"url":"","error":""},"_links":{"self":[{"href":"https:\/\/www.europesays.com\/es\/wp-json\/wp\/v2\/posts\/125955","targetHints":{"allow":["GET"]}}],"collection":[{"href":"https:\/\/www.europesays.com\/es\/wp-json\/wp\/v2\/posts"}],"about":[{"href":"https:\/\/www.europesays.com\/es\/wp-json\/wp\/v2\/types\/post"}],"author":[{"embeddable":true,"href":"https:\/\/www.europesays.com\/es\/wp-json\/wp\/v2\/users\/2"}],"replies":[{"embeddable":true,"href":"https:\/\/www.europesays.com\/es\/wp-json\/wp\/v2\/comments?post=125955"}],"version-history":[{"count":0,"href":"https:\/\/www.europesays.com\/es\/wp-json\/wp\/v2\/posts\/125955\/revisions"}],"wp:featuredmedia":[{"embeddable":true,"href":"https:\/\/www.europesays.com\/es\/wp-json\/wp\/v2\/media\/125956"}],"wp:attachment":[{"href":"https:\/\/www.europesays.com\/es\/wp-json\/wp\/v2\/media?parent=125955"}],"wp:term":[{"taxonomy":"category","embeddable":true,"href":"https:\/\/www.europesays.com\/es\/wp-json\/wp\/v2\/categories?post=125955"},{"taxonomy":"post_tag","embeddable":true,"href":"https:\/\/www.europesays.com\/es\/wp-json\/wp\/v2\/tags?post=125955"}],"curies":[{"name":"wp","href":"https:\/\/api.w.org\/{rel}","templated":true}]}}