{"id":125957,"date":"2025-09-19T20:07:18","date_gmt":"2025-09-19T20:07:18","guid":{"rendered":"https:\/\/www.europesays.com\/es\/125957\/"},"modified":"2025-09-19T20:07:18","modified_gmt":"2025-09-19T20:07:18","slug":"lo-ultimo-que-se-sabe-del-futuro-de-lebron-james-en-los-lakers","status":"publish","type":"post","link":"https:\/\/www.europesays.com\/es\/125957\/","title":{"rendered":"Lo \u00faltimo que se sabe del futuro de LeBron James en los Lakers"},"content":{"rendered":"<p><strong>LeBron James<\/strong> afrontar\u00e1 su temporada n\u00famero 23 en la NBA con <strong>Los Angeles Lakers<\/strong>, pero todo apunta a que no pedir\u00e1 un traspaso en medio de la misma. Seg\u00fan reportes, es \u00abmuy poco probable\u00bb que busque salir de Los \u00c1ngeles antes del cierre del mercado en febrero. Su idea es completar la temporada con el equipo, sin importar en qu\u00e9 posici\u00f3n se encuentren en ese momento.<\/p>\n<p>A sus casi 41 a\u00f1os, LeBron sigue mostrando la misma ambici\u00f3n y energ\u00eda competitiva de siempre, aunque por primera vez ya no es la principal figura del equipo, un lugar que ahora ocupa<strong> Luka Doncic<\/strong>. Lo que s\u00ed parece m\u00e1s claro es que podr\u00eda ser su \u00faltima temporada como jugador de los Lakers, <a target=\"\" href=\"https:\/\/www.sportingnews.com\/es\/nba\/los-angeles-lakers\/news\/lebron-james-hace-historia-mientras-sigue-incognita-sobre-futuro-lakers\/009f07d5e20b24764e39864b\" rel=\"nofollow noopener\">aunque no necesariamente la \u00faltima en la NBA<\/a>.<\/p>\n<p><a target=\"_blank\" href=\"https:\/\/sn-now.com\/WhatsApp\" rel=\"nofollow noopener\">Sigue el canal de WhatsApp de The Sporting News<\/a>LeBron y la agencia libre en el horizonte<\/p>\n<p>Si decide continuar una temporada m\u00e1s, James podr\u00eda probar el mercado de agentes libres por primera vez desde su salida de Cleveland en 2019. De hecho, la temporada 2025-2026 marca la primera vez en 23 a\u00f1os de carrera que juega con un contrato expirante.<\/p>\n<p>El primer indicio de un posible final de etapa con los Lakers se dio cuando decidi\u00f3 activar su opci\u00f3n de jugador de 52 millones de d\u00f3lares en lugar de negociar un nuevo acuerdo. Este ser\u00e1 su octavo a\u00f1o con Los \u00c1ngeles, pero tambi\u00e9n la primera vez en mucho tiempo que se prepara para ser agente libre sin restricciones.<\/p>\n<p><a target=\"\" href=\"https:\/\/www.sportingnews.com\/es\/nba\/los-angeles-lakers\/news\/respuesta-lebron-james-dudas-edad\/dd13762dbe5522b8d131144b\" rel=\"nofollow noopener\">A pesar de la edad y de estar cerca del retiro<\/a>, varios equipos mostrar\u00e1n inter\u00e9s si decide dejar los Lakers. La inc\u00f3gnita ser\u00e1 si aceptar\u00eda menos dinero para unirse a amigos y luchar por un anillo en franquicias como los <strong>Dallas Mavericks<\/strong> o <strong>Golden State Warriors<\/strong>.<\/p>\n<blockquote class=\"twitter-tweet\">\n<p>LeBron in the lab getting ready for Year 23 \ud83d\udc51\ud83d\udcaa<\/p>\n<p>(via <a target=\"_blank\" href=\"https:\/\/twitter.com\/KingJames?ref_src=twsrc%5Etfw\" rel=\"nofollow noopener\">@KingJames<\/a>) <a target=\"_blank\" href=\"https:\/\/t.co\/YfL1ceRpHN\" rel=\"nofollow\">pic.twitter.com\/YfL1ceRpHN<\/a><\/p>\n<p>\u2014 Bleacher Report (@BleacherReport) <a target=\"_blank\" href=\"https:\/\/twitter.com\/BleacherReport\/status\/1955336353593393488?ref_src=twsrc%5Etfw\" rel=\"nofollow noopener\">August 12, 2025<\/a><\/p><\/blockquote>\n<p>R\u00e9cords en la mira<\/p>\n<p>LeBron est\u00e1 a punto de convertirse en el primer jugador en la historia en disputar 23 temporadas, superando la marca de <strong>Vince Carter<\/strong>, que se retir\u00f3 con 22. Adem\u00e1s, se encuentra a 350 canastas de campo de romper el r\u00e9cord hist\u00f3rico de <strong>Kareem Abdul-Jabbar <\/strong>(15,837), algo que parece inevitable tomando en cuenta que en la temporada 2024-2025 encest\u00f3 651.\u00a0<\/p>\n<p>Si disputa 50 partidos m\u00e1s, pasar\u00e1 a <strong>Robert Parish<\/strong> como el jugador con m\u00e1s encuentros de temporada regular en la historia. Tambi\u00e9n est\u00e1 cerca de superar a <strong>Reggie Miller <\/strong>para colocarse sexto en la lista de m\u00e1ximos tripleros de todos los tiempos.<\/p>\n<p>M\u00e1s noticias de NBA<\/p>\n<p>                        <script async src=\"https:\/\/platform.twitter.com\/widgets.js\" charset=\"utf-8\"><\/script><\/p>\n","protected":false},"excerpt":{"rendered":"LeBron James afrontar\u00e1 su temporada n\u00famero 23 en la NBA con Los Angeles Lakers, pero todo apunta a&hellip;\n","protected":false},"author":2,"featured_media":125958,"comment_status":"","ping_status":"","sticky":false,"template":"","format":"standard","meta":{"footnotes":""},"categories":[269],"tags":[299,298,168,25,24,23,167],"class_list":{"0":"post-125957","1":"post","2":"type-post","3":"status-publish","4":"format-standard","5":"has-post-thumbnail","7":"category-baloncesto","8":"tag-baloncesto","9":"tag-basketball","10":"tag-deportes","11":"tag-es","12":"tag-espana","13":"tag-spain","14":"tag-sports"},"share_on_mastodon":{"url":"","error":""},"_links":{"self":[{"href":"https:\/\/www.europesays.com\/es\/wp-json\/wp\/v2\/posts\/125957","targetHints":{"allow":["GET"]}}],"collection":[{"href":"https:\/\/www.europesays.com\/es\/wp-json\/wp\/v2\/posts"}],"about":[{"href":"https:\/\/www.europesays.com\/es\/wp-json\/wp\/v2\/types\/post"}],"author":[{"embeddable":true,"href":"https:\/\/www.europesays.com\/es\/wp-json\/wp\/v2\/users\/2"}],"replies":[{"embeddable":true,"href":"https:\/\/www.europesays.com\/es\/wp-json\/wp\/v2\/comments?post=125957"}],"version-history":[{"count":0,"href":"https:\/\/www.europesays.com\/es\/wp-json\/wp\/v2\/posts\/125957\/revisions"}],"wp:featuredmedia":[{"embeddable":true,"href":"https:\/\/www.europesays.com\/es\/wp-json\/wp\/v2\/media\/125958"}],"wp:attachment":[{"href":"https:\/\/www.europesays.com\/es\/wp-json\/wp\/v2\/media?parent=125957"}],"wp:term":[{"taxonomy":"category","embeddable":true,"href":"https:\/\/www.europesays.com\/es\/wp-json\/wp\/v2\/categories?post=125957"},{"taxonomy":"post_tag","embeddable":true,"href":"https:\/\/www.europesays.com\/es\/wp-json\/wp\/v2\/tags?post=125957"}],"curies":[{"name":"wp","href":"https:\/\/api.w.org\/{rel}","templated":true}]}}