{"id":125959,"date":"2025-09-19T20:08:12","date_gmt":"2025-09-19T20:08:12","guid":{"rendered":"https:\/\/www.europesays.com\/es\/125959\/"},"modified":"2025-09-19T20:08:12","modified_gmt":"2025-09-19T20:08:12","slug":"el-atletico-aumenta-de-nuevo-su-limite-salarial","status":"publish","type":"post","link":"https:\/\/www.europesays.com\/es\/125959\/","title":{"rendered":"El Atl\u00e9tico aumenta, de nuevo, su l\u00edmite salarial"},"content":{"rendered":"<p data-gtm-element-container=\"modulo-texto-link\" class=\"paragraph\">El <strong>Atl\u00e9tico de Madrid<\/strong> ha vuelto a subir su l\u00edmite salarial despu\u00e9s de un mercado de fichajes en el que fue uno de los grandes protagonistas. En total, 176 millones de euros, uno de los equipos con m\u00e1s gasto en la ventana de fichajes, habida cuenta de la necesidad que ten\u00eda de tapar las muchas salidas que se hab\u00edan dado; y la renovaci\u00f3n de una plantilla que se hab\u00eda envejecido mucho en las \u00faltimas temporadas.<\/p>\n<p data-gtm-element-container=\"modulo-texto-link\" class=\"paragraph\">Seg\u00fan los datos del <strong>L\u00edmite de Coste de Plantilla Deportiva (LCPD)<\/strong> el <strong>Atl\u00e9tico de Madrid<\/strong> aumenta de algo m\u00e1s de 314 a 326 millones de euros. En el mercado de invierno de la 24\/25, en enero, su l\u00edmite salarial era de 314,281 millones de euros. Es decir, que ha crecido 12 millones de euros. Por poner en contexto, el resto de clubs est\u00e1n as\u00ed: <strong>Real Madrid <\/strong>(761,226 millones), <strong>Bar\u00e7a <\/strong>(351,284), <strong>Athletic Club<\/strong> (126,050), <strong>Villarreal <\/strong>(173,084), <strong>Real Sociedad<\/strong> (128,259), <strong>Betis<\/strong> (125,946), <strong>Valencia <\/strong>(91,238), <strong>Celta <\/strong>(91,124), <strong>Girona <\/strong>(75,442), <strong>Mallorca <\/strong>(60,917), <strong>Espanyol <\/strong>(56,587), <strong>Osasuna <\/strong>(54,530), <strong>Getafe <\/strong>(50,705), <strong>Rayo Vallecano<\/strong> (47,028), <strong>Oviedo <\/strong>(45,120), <strong>Alav\u00e9s <\/strong>(40,999), <strong>Elche <\/strong>(40,480), <strong>Levante <\/strong>(35,537) y <strong>Sevilla <\/strong>(22,139)<\/p>\n<p>        Lee tambi\u00e9n<\/p>\n<p>    Javier G. G\u00f3mara<\/p>\n<p>             <img loading=\"lazy\" decoding=\"async\" data-full-src=\"https:\/\/www.mundodeportivo.com\/uploads\/2025\/08\/18\/68a2e99f5de39.jpeg\" alt=\"Horizontal\" width=\"334\" height=\"164\" src=\"https:\/\/www.europesays.com\/es\/wp-content\/uploads\/2025\/09\/68a2e99f5de39.r_d.3928-2620.jpeg\" class=\"lazy\"\/><\/p>\n<p data-gtm-element-container=\"modulo-texto-link\" class=\"paragraph\">Una tendencia que m\u00e1s o menos se mantiene, con algunos dientes de sierra. En verano de ese <strong>2024<\/strong>, los colchoneros comenzaron el curso con 310,745 millones de euros. En la <strong>23\/24<\/strong>, el <strong>Atl\u00e9tico <\/strong>acab\u00f3 con un l\u00edmite de 303,408 millones de euros y comenz\u00f3 aquel curso con 296 millones de euros de l\u00edmite salarial. En la campa\u00f1a <strong>22\/23,<\/strong> en verano, comenz\u00f3 el curso con 171,606 millones de l\u00edmite y acab\u00f3 la temporada con 161,221 millones de euros.<\/p>\n<p data-gtm-element-container=\"modulo-texto-link\" class=\"paragraph\">Ya decimos que el l\u00edmite salarial creci\u00f3 porque el<strong> Atl\u00e9tico de Madrid<\/strong> cerr\u00f3 varios acuerdos comerciales muy importantes en los \u00faltimos 12 meses, aument\u00f3 significativamente el n\u00famero de patrocinadores; y se ahorr\u00f3 una gran cantidad de dinero en fichas de jugadores que ten\u00edan un salario muy elevado, casos de <strong>Witsel, Azpilicueta, De Paul <\/strong>o <strong>Sa\u00fal \u00d1\u00edguez.<\/strong><\/p>\n<p data-gtm-element-container=\"modulo-texto-link\" class=\"paragraph\">Paralelamente, realiz\u00f3 una gran inversi\u00f3n en fichajes. <strong>\u00c1lex Baena<\/strong> lleg\u00f3 por 42 millones de euros, <strong>D\u00e1vid Hancko <\/strong>por 26, <strong>Johnny Cardoso <\/strong>por 24, <strong>Thiago Almada <\/strong>por 21, <strong>Matteo Ruggeri <\/strong>por 17, <strong>Marc Pubill <\/strong>por 16, <strong>Giacomo Raspadori <\/strong>por 22 y <strong>Nico Gonz\u00e1lez <\/strong>por un mill\u00f3n de euros por la cesi\u00f3n (con una opci\u00f3n de compra de 32 millones de euros). Todos estos datos anteriores, en fijo, no cuentan los bonus que se a\u00f1adir\u00e1n en caso de que los ocho fichajes jueguen una serie de partidos, ganen t\u00edtulos, etc.<\/p>\n<p>        Lee tambi\u00e9n<\/p>\n<p>    EFE<\/p>\n<p>             <img loading=\"lazy\" decoding=\"async\" data-full-src=\"https:\/\/www.mundodeportivo.com\/uploads\/2025\/08\/01\/688ca11d2ca40.jpeg\" alt=\"Miguel \u00c1ngel Gil Mar\u00edn, CEO del Atl\u00e9tico de Madrid, repas\u00f3 la actualidad del club.\" width=\"334\" height=\"164\" src=\"https:\/\/www.europesays.com\/es\/wp-content\/uploads\/2025\/09\/688ca11d2ca40.jpeg\" class=\"lazy\"\/><\/p>\n<p>\u00bfQu\u00e9 es el L\u00edmite de Coste de Plantilla Deportiva?<\/p>\n<p data-gtm-element-container=\"modulo-texto-link\" class=\"paragraph\">El <strong>LCPD <\/strong>es el importe m\u00e1ximo que cada club puede consumir durante esta temporada 2025\/26, que incluye el gasto en jugadores, primer y segundo entrenador y preparador f\u00edsico del primer equipo, as\u00ed como en filiales, cantera y otras secciones, en funci\u00f3n de lo que denomina regla 1\/1 (ingresos=gastos).<\/p>\n<p data-gtm-element-container=\"modulo-texto-link\" class=\"paragraph\">Los conceptos incluidos en el <strong>LCPD <\/strong>deportiva inscribible y no inscribible son: salarios fijos y variables, seguridad social, primas colectivas, gastos de adquisici\u00f3n (incluidas comisiones para agentes) y amortizaciones (importe de compra de los jugadores imputado anualmente en funci\u00f3n del n\u00famero de a\u00f1os de contrato del jugador).<\/p>\n<p>        Lee tambi\u00e9n<\/p>\n<p>    Redacci\u00f3n<\/p>\n<p>             <img loading=\"lazy\" decoding=\"async\" data-full-src=\"https:\/\/www.mundodeportivo.com\/uploads\/2020\/01\/30\/60e7283a180cf.jpeg\" alt=\"Horizontal\" width=\"334\" height=\"164\" src=\"https:\/\/www.europesays.com\/es\/wp-content\/uploads\/2025\/09\/1758312492_95_60e7283a180cf.jpeg\" class=\"lazy\"\/><\/p>\n<p data-gtm-element-container=\"modulo-texto-link\" class=\"paragraph\">Cada club propone a <strong>LaLiga <\/strong>su <strong>L\u00edmite de Coste de la Plantilla<\/strong>, en cumplimiento de las normas de elaboraci\u00f3n de presupuestos de clubes, pero corresponde al<strong> \u00d3rgano de Validaci\u00f3n de<\/strong> <strong>LALIGA <\/strong>aprobarlo o rectificarlo hasta el importe que garantice la estabilidad financiera de la entidad.<\/p>\n","protected":false},"excerpt":{"rendered":"El Atl\u00e9tico de Madrid ha vuelto a subir su l\u00edmite salarial despu\u00e9s de un mercado de fichajes en&hellip;\n","protected":false},"author":2,"featured_media":125960,"comment_status":"","ping_status":"","sticky":false,"template":"","format":"standard","meta":{"footnotes":""},"categories":[268],"tags":[168,25,24,280,282,281,23,167],"class_list":{"0":"post-125959","1":"post","2":"type-post","3":"status-publish","4":"format-standard","5":"has-post-thumbnail","7":"category-futbol","8":"tag-deportes","9":"tag-es","10":"tag-espana","11":"tag-football","12":"tag-futbol","13":"tag-soccer","14":"tag-spain","15":"tag-sports"},"share_on_mastodon":{"url":"","error":""},"_links":{"self":[{"href":"https:\/\/www.europesays.com\/es\/wp-json\/wp\/v2\/posts\/125959","targetHints":{"allow":["GET"]}}],"collection":[{"href":"https:\/\/www.europesays.com\/es\/wp-json\/wp\/v2\/posts"}],"about":[{"href":"https:\/\/www.europesays.com\/es\/wp-json\/wp\/v2\/types\/post"}],"author":[{"embeddable":true,"href":"https:\/\/www.europesays.com\/es\/wp-json\/wp\/v2\/users\/2"}],"replies":[{"embeddable":true,"href":"https:\/\/www.europesays.com\/es\/wp-json\/wp\/v2\/comments?post=125959"}],"version-history":[{"count":0,"href":"https:\/\/www.europesays.com\/es\/wp-json\/wp\/v2\/posts\/125959\/revisions"}],"wp:featuredmedia":[{"embeddable":true,"href":"https:\/\/www.europesays.com\/es\/wp-json\/wp\/v2\/media\/125960"}],"wp:attachment":[{"href":"https:\/\/www.europesays.com\/es\/wp-json\/wp\/v2\/media?parent=125959"}],"wp:term":[{"taxonomy":"category","embeddable":true,"href":"https:\/\/www.europesays.com\/es\/wp-json\/wp\/v2\/categories?post=125959"},{"taxonomy":"post_tag","embeddable":true,"href":"https:\/\/www.europesays.com\/es\/wp-json\/wp\/v2\/tags?post=125959"}],"curies":[{"name":"wp","href":"https:\/\/api.w.org\/{rel}","templated":true}]}}